{"id":555590,"date":"2024-08-30T17:31:40","date_gmt":"2024-08-30T21:31:40","guid":{"rendered":"https:\/\/diariodominicano.com\/?p=555590"},"modified":"2024-08-30T17:31:43","modified_gmt":"2024-08-30T21:31:43","slug":"condenan-hombre-a-10-anos-de-prision-por-cometer-violacion-sexual-en-puerto-plata","status":"publish","type":"post","link":"https:\/\/diariodominicano.com\/?p=555590","title":{"rendered":"Condenan hombre a 10 a\u00f1os de prisi\u00f3n por cometer violaci\u00f3n sexual en Puerto Plata"},"content":{"rendered":"\n<p><strong>Puerto Plata (R.D.), viernes, 30 de agosto de 2024.<\/strong>&nbsp;El Tribunal de Colegiado de esta provincia acogi\u00f3 la acusaci\u00f3n del Ministerio P\u00fablico y emiti\u00f3 una sentencia que condena a 10 a\u00f1os de prisi\u00f3n a Yeury Alfredo Paulino, quien fue encontrado culpable de los cargos violaci\u00f3n sexual y abuso psicol\u00f3gico en perjuicio de una adolescente de15 a\u00f1os de edad.<\/p>\n\n\n\n<p>En la investigaci\u00f3n que realiz\u00f3 la procuradora fiscal Luisa Marmolejos, el 16 de diciembre de 2022, evidenci\u00f3 que el acusado cometi\u00f3 los hechos en varias ocasiones, empleando violencia f\u00edsica, constre\u00f1imiento y sorpresa.&nbsp; El nombre de la v\u00edctima fue omitido por razones legales.<\/p>\n\n\n\n<p>Durante el juicio, litigado por el magistrado Marcos Wilkins D\u00edaz, se presentaron pruebas contundentes que sustentaron la acusaci\u00f3n, incluyendo evaluaciones m\u00e9dicas y psicol\u00f3gicas, as\u00ed como el testimonio de la v\u00edctima, quien detall\u00f3 las violaciones sufridas. Estas pruebas fueron determinantes para que el tribunal, que preside la jueza Jakayra Veras, emitiera su veredicto condenatorio.<\/p>\n\n\n\n<p>El Ministerio P\u00fablico calific\u00f3 el hecho de violaci\u00f3n a los art\u00edculos 331 del C\u00f3digo Penal Dominicano y el art\u00edculo 396-A y C del C\u00f3digo para la Protecci\u00f3n y los Derechos Fundamentales de los Ni\u00f1os, Ni\u00f1as y Adolescentes (Ley 136-03), los cuales tipifican y sancionan la violaci\u00f3n sexual y el abuso psicol\u00f3gico en la Rep\u00fablica Dominicana.<\/p>\n\n\n\n<p>La condena impuesta deber\u00e1 ser cumplida en el Centro de Correcci\u00f3n y Rehabilitaci\u00f3n San Felipe de esta ciudad.<\/p>\n","protected":false},"excerpt":{"rendered":"<p>Puerto Plata (R.D.), viernes, 30 de agosto de 2024.&nbsp;El Tribunal de Colegiado de esta provincia acogi\u00f3 la acusaci\u00f3n del Ministerio P\u00fablico y emiti\u00f3 una sentencia que condena a 10 a\u00f1os de prisi\u00f3n a Yeury Alfredo Paulino, quien fue encontrado culpable de los cargos violaci\u00f3n sexual y abuso psicol\u00f3gico en perjuicio de una adolescente de15 a\u00f1os [&hellip;]<\/p>\n","protected":false},"author":7,"featured_media":521896,"comment_status":"closed","ping_status":"closed","sticky":false,"template":"","format":"standard","meta":{"footnotes":""},"categories":[24],"tags":[],"class_list":["post-555590","post","type-post","status-publish","format-standard","has-post-thumbnail","hentry","category-justicia-y-derecho"],"_links":{"self":[{"href":"https:\/\/diariodominicano.com\/index.php?rest_route=\/wp\/v2\/posts\/555590","targetHints":{"allow":["GET"]}}],"collection":[{"href":"https:\/\/diariodominicano.com\/index.php?rest_route=\/wp\/v2\/posts"}],"about":[{"href":"https:\/\/diariodominicano.com\/index.php?rest_route=\/wp\/v2\/types\/post"}],"author":[{"embeddable":true,"href":"https:\/\/diariodominicano.com\/index.php?rest_route=\/wp\/v2\/users\/7"}],"replies":[{"embeddable":true,"href":"https:\/\/diariodominicano.com\/index.php?rest_route=%2Fwp%2Fv2%2Fcomments&post=555590"}],"version-history":[{"count":1,"href":"https:\/\/diariodominicano.com\/index.php?rest_route=\/wp\/v2\/posts\/555590\/revisions"}],"predecessor-version":[{"id":555602,"href":"https:\/\/diariodominicano.com\/index.php?rest_route=\/wp\/v2\/posts\/555590\/revisions\/555602"}],"wp:featuredmedia":[{"embeddable":true,"href":"https:\/\/diariodominicano.com\/index.php?rest_route=\/wp\/v2\/media\/521896"}],"wp:attachment":[{"href":"https:\/\/diariodominicano.com\/index.php?rest_route=%2Fwp%2Fv2%2Fmedia&parent=555590"}],"wp:term":[{"taxonomy":"category","embeddable":true,"href":"https:\/\/diariodominicano.com\/index.php?rest_route=%2Fwp%2Fv2%2Fcategories&post=555590"},{"taxonomy":"post_tag","embeddable":true,"href":"https:\/\/diariodominicano.com\/index.php?rest_route=%2Fwp%2Fv2%2Ftags&post=555590"}],"curies":[{"name":"wp","href":"https:\/\/api.w.org\/{rel}","templated":true}]}}