{"id":555534,"date":"2024-08-30T11:15:56","date_gmt":"2024-08-30T15:15:56","guid":{"rendered":"https:\/\/diariodominicano.com\/?p=555534"},"modified":"2024-08-30T11:16:03","modified_gmt":"2024-08-30T15:16:03","slug":"solicitan-medida-de-coercion-contra-mujer-reincidente-que-rento-vehiculos-y-los-vendio-a-terceros","status":"publish","type":"post","link":"https:\/\/diariodominicano.com\/?p=555534","title":{"rendered":"Solicitan medida de coerci\u00f3n contra mujer reincidente que rent\u00f3 veh\u00edculos y los vendi\u00f3 a terceros"},"content":{"rendered":"\n<p>diariodominicano.com<\/p>\n\n\n\n<p><em><u>La mujer enfrenta cargos por abuso de confianza en Santiago<\/u><\/em><em><u><\/u><\/em><\/p>\n\n\n\n<p><strong>Santiago,<\/strong>\u2002<strong>R. D.,<\/strong>\u2002<strong>30 de agosto,<\/strong>\u2002<strong>2024.-<\/strong>\u00a0 Rep\u00fablica Dominicana.- La Fiscal\u00eda de Santiago imputa cargos por abuso de confianza a una mujer a la que arrest\u00f3 y contra quien solicit\u00f3 medidas de coerci\u00f3n, luego de que vendiera a terceros dos veh\u00edculos que adquiri\u00f3 bajo contrato de arrendamiento en una agencia de alquiler de veh\u00edculos.<\/p>\n\n\n\n<p>En la instancia de solicitud de medida depositada ante la Oficina Judicial de Servicios de Atenci\u00f3n Permanente, la Fiscal\u00eda solicita que se imponga la prisi\u00f3n preventiva en contra de la imputada Amanda Tejada de la Cruz y establece que la misma rent\u00f3 el veh\u00edculo Jeep marca Honda CRV Touring, color blanco,&nbsp; a\u00f1o 2015 y, m\u00e1s tarde,&nbsp;el carro Hyundai, modelo Sonata LF, color gris a la Agencia LR Rent a Car, propiedad de la v\u00edctima, Luis Carlos Rodr\u00edguez Hern\u00e1ndez y los vendi\u00f3 a dos personas por separado en la provincia S\u00e1nchez Ram\u00edrez y en Bonao, provincia Monse\u00f1or Nouel.<\/p>\n\n\n\n<p>A ra\u00edz del hecho, del que la v\u00edctima sospech\u00f3 cuando no pudo acceder a la ubicaci\u00f3n del primer veh\u00edculo rentado, marca Honda, cuyo sistema de GPS fue desactivado, y luego de la llamada de un fiscal del distrito judicial de S\u00e1nchez Ram\u00edrez, quien le inform\u00f3 de la ocupaci\u00f3n de un veh\u00edculo a su nombre, se puso en marcha la acci\u00f3n penal contra la investigada.<\/p>\n\n\n\n<p>La imputada tambi\u00e9n cedi\u00f3 en venta el veh\u00edculo Hyundai Sonata a otro hombre del municipio Bonao.<\/p>\n\n\n\n<p>Luego de identificar a la imputada, la Fiscal\u00eda de Santiago tramit\u00f3 en su contra las correspondientes \u00f3rdenes de arresto, allanamiento y secuestro de los veh\u00edculos fraudulentamente vendidos y se procedi\u00f3 con su ejecuci\u00f3n.<\/p>\n\n\n\n<p>El \u00f3rgano investigador, con el apoyo operativo de agentes de la Polic\u00eda Nacional, ejecut\u00f3 el allanamiento autorizado bajo la orden n\u00famero 2024 &#8211; AJ001521, en el domicilio de la imputada, en el sector Colorado, del municipio de Santiago, donde sorprendi\u00f3 a la imputada escondida en el closet de la habitaci\u00f3n principal, contra quien se le ejecuta la orden de aprehensi\u00f3n n\u00famero 04985- 2024.<\/p>\n\n\n\n<p>De manera provisional la Fiscal\u00eda le imputa a la mujer la violaci\u00f3n al art\u00edculo 408 del C\u00f3digo Penal Dominicano por abuso de confianza.<\/p>\n\n\n\n<p>Las pesquisas est\u00e1n a cargo de un equipo de investigadores encabezados por el fiscalizador Pablo Rub\u00e9n D\u00edaz, del Departamento de Cr\u00edmenes y Delitos contra la Propiedad de esta Fiscal\u00eda de Santiago.<\/p>\n\n\n\n<p>.<\/p>\n\n\n\n<p><strong>Direcci\u00f3n General de Comunicaci\u00f3n, Prensa, y RRPP<\/strong><strong><\/strong><\/p>\n\n\n\n<p>Ministerio P\u00fablico.&nbsp;R.D.<\/p>\n\n\n\n<p>Viernes, 30 de agosto de 2024<\/p>\n","protected":false},"excerpt":{"rendered":"<p>diariodominicano.com La mujer enfrenta cargos por abuso de confianza en Santiago Santiago,\u2002R. D.,\u200230 de agosto,\u20022024.-\u00a0 Rep\u00fablica Dominicana.- La Fiscal\u00eda de Santiago imputa cargos por abuso de confianza a una mujer a la que arrest\u00f3 y contra quien solicit\u00f3 medidas de coerci\u00f3n, luego de que vendiera a terceros dos veh\u00edculos que adquiri\u00f3 bajo contrato de arrendamiento [&hellip;]<\/p>\n","protected":false},"author":5,"featured_media":469415,"comment_status":"closed","ping_status":"closed","sticky":true,"template":"","format":"standard","meta":{"footnotes":""},"categories":[24,27],"tags":[],"class_list":["post-555534","post","type-post","status-publish","format-standard","has-post-thumbnail","hentry","category-justicia-y-derecho","category-portada"],"_links":{"self":[{"href":"https:\/\/diariodominicano.com\/index.php?rest_route=\/wp\/v2\/posts\/555534","targetHints":{"allow":["GET"]}}],"collection":[{"href":"https:\/\/diariodominicano.com\/index.php?rest_route=\/wp\/v2\/posts"}],"about":[{"href":"https:\/\/diariodominicano.com\/index.php?rest_route=\/wp\/v2\/types\/post"}],"author":[{"embeddable":true,"href":"https:\/\/diariodominicano.com\/index.php?rest_route=\/wp\/v2\/users\/5"}],"replies":[{"embeddable":true,"href":"https:\/\/diariodominicano.com\/index.php?rest_route=%2Fwp%2Fv2%2Fcomments&post=555534"}],"version-history":[{"count":1,"href":"https:\/\/diariodominicano.com\/index.php?rest_route=\/wp\/v2\/posts\/555534\/revisions"}],"predecessor-version":[{"id":555535,"href":"https:\/\/diariodominicano.com\/index.php?rest_route=\/wp\/v2\/posts\/555534\/revisions\/555535"}],"wp:featuredmedia":[{"embeddable":true,"href":"https:\/\/diariodominicano.com\/index.php?rest_route=\/wp\/v2\/media\/469415"}],"wp:attachment":[{"href":"https:\/\/diariodominicano.com\/index.php?rest_route=%2Fwp%2Fv2%2Fmedia&parent=555534"}],"wp:term":[{"taxonomy":"category","embeddable":true,"href":"https:\/\/diariodominicano.com\/index.php?rest_route=%2Fwp%2Fv2%2Fcategories&post=555534"},{"taxonomy":"post_tag","embeddable":true,"href":"https:\/\/diariodominicano.com\/index.php?rest_route=%2Fwp%2Fv2%2Ftags&post=555534"}],"curies":[{"name":"wp","href":"https:\/\/api.w.org\/{rel}","templated":true}]}}