{"id":555440,"date":"2024-08-30T01:42:18","date_gmt":"2024-08-30T05:42:18","guid":{"rendered":"https:\/\/diariodominicano.com\/?p=555440"},"modified":"2024-08-30T01:42:21","modified_gmt":"2024-08-30T05:42:21","slug":"economistas-coinciden-en-la-necesidad-de-un-ajuste-tributario-con-enfoque-equilibrado","status":"publish","type":"post","link":"https:\/\/diariodominicano.com\/?p=555440","title":{"rendered":"Economistas coinciden en la necesidad de un ajuste tributario con enfoque equilibrado"},"content":{"rendered":"\n<p>Magin Diaz, Juan Ariel Jimenez, Bredyg Disla, Napoleon Rodriguez, Jaime Aristy.<\/p>\n\n\n\n<p><strong><em>Jaime Aristy Escuder, Mag\u00edn J. D\u00edaz y Juan Ariel Jim\u00e9nez plantearon m\u00faltiples soluciones para evitar que la reforma se convierta en una distorsi\u00f3n, durante un conversatorio-panel auspiciado por&nbsp; la Asociaci\u00f3n de Empresas e Industrias de Boca Chica (Abocachica) y la Asociaci\u00f3n de Industrias y Empresas de Haina y Regi\u00f3n&nbsp;<\/em><\/strong><\/p>\n\n\n\n<p><strong>Santo Domingo.<\/strong>&nbsp;Debido al d\u00e9ficit fiscal del 5%, un endeudamiento del 60% del PIB y una baja inversi\u00f3n p\u00fablica por falta de liquidez, reconocidos economistas consideraron que la realidad econ\u00f3mica demanda recaudar m\u00e1s, pero con el cuidado de no afectar el empleo, la inversi\u00f3n y la producci\u00f3n al ejecutar una reforma tributaria como proyecta actualmente&nbsp; el gobierno.&nbsp;<\/p>\n\n\n\n<p>En ese punto coincidieron los profesionales de la econom\u00eda Jaime Aristy Escuder, Mag\u00edn J. D\u00edaz y Juan Ariel Jim\u00e9nez, quienes plantearon m\u00faltiples soluciones para evitar que la reforma se convierta en una distorsi\u00f3n, durante un conversatorio-panel auspiciado por&nbsp; la Asociaci\u00f3n de Empresas e Industrias de Boca Chica (Abocachica) y la Asociaci\u00f3n de Industrias y Empresas de Haina y Regi\u00f3n Sur, realizado en la sede de la Asociaci\u00f3n de Industrias de la Rep\u00fablica Dominicana (AIRD)<\/p>\n\n\n\n<p>Aristy Escuder, economista y exadministrador de la Central Termoel\u00e9ctrica Punta Catalina, destac\u00f3 la insuficiencia de la actual presi\u00f3n tributaria del 14%, que no permite cubrir adecuadamente las necesidades de gasto social del pa\u00eds. Subray\u00f3 que solo se ejecuta un 2% del PIB en gasto de capital, muy por debajo del 6% registrado durante la era de Balaguer.&nbsp;<\/p>\n\n\n\n<p>Adem\u00e1s, se\u00f1al\u00f3 que la deuda p\u00fablica, actualmente en un 60% del PIB, deber\u00eda reducirse al 40%. \u00abEs posible aumentar las recaudaciones en un 3% o 4% del PIB sin necesidad de tocar las tasas impositivas. No obstante, es crucial mejorar la calidad del gasto p\u00fablico, cerrar el d\u00e9ficit en el sector el\u00e9ctrico, que representa un agujero de 1,500 millones de d\u00f3lares anuales, y reducir la evasi\u00f3n tributaria\u00bb, afirm\u00f3 Aristy.<\/p>\n\n\n\n<p>Mag\u00edn J. D\u00edaz, exdirector general de Impuestos Internos, se refiri\u00f3 al d\u00e9ficit fiscal estructural que enfrenta el gobierno, el cual asciende a 350,000 millones de pesos anuales, equivalente a un 5% del PIB. D\u00edaz explic\u00f3 que, aunque las recaudaciones se han estancado en niveles similares a los de 2019, el gobierno necesita aumentar sus ingresos para reducir tanto el d\u00e9ficit como la deuda, sin agravar la carga tributaria sobre los contribuyentes actuales.<\/p>\n\n\n\n<p>&nbsp;\u00abLa soluci\u00f3n ser\u00e1 dolorosa porque existen muchas distorsiones en la econom\u00eda y en el sistema tributario que deben corregirse, pero es fundamental que cualquier reforma sea equilibrada para no afectar el empleo, la inversi\u00f3n y la producci\u00f3n\u00bb, advirti\u00f3 D\u00edaz.<\/p>\n\n\n\n<p>Juan Ariel Jim\u00e9nez, economista y exministro de Econom\u00eda, Planificaci\u00f3n y Desarrollo, coincidi\u00f3 en la necesidad de recaudar m\u00e1s, pero cuestion\u00f3 cu\u00e1l es exactamente el objetivo de la reforma tributaria que se quiere implementar. Jim\u00e9nez resalt\u00f3 que, aunque el nivel de la deuda consolidada del pa\u00eds es preocupante, con un 60% del PIB, no estamos al borde de una crisis fiscal.&nbsp;<\/p>\n\n\n\n<p>Sin embargo, reconoci\u00f3 que el gobierno enfrenta un problema de liquidez estructural que limita su capacidad para dejar un legado significativo. \u00abEl desaf\u00edo est\u00e1 en aumentar la eficiencia recaudatoria sin recurrir a medidas tradicionales que podr\u00edan ser ineficaces y controversiales. Tecnolog\u00edas como los algoritmos y el an\u00e1lisis de datos pueden ser herramientas clave para mejorar la recaudaci\u00f3n y reducir la evasi\u00f3n\u00bb, afirm\u00f3 Jim\u00e9nez.<\/p>\n\n\n\n<p>Bredyg Disla, presidenta de Abocachica, destac\u00f3 en sus palabras de bienvenida la importancia de abordar la reforma fiscal con sensibilidad y visi\u00f3n a largo plazo. \u00abLa reforma tributaria no debe ser vista solo como un ajuste t\u00e9cnico, sino como una oportunidad para fortalecer la estructura econ\u00f3mica del pa\u00eds sin poner en riesgo el bienestar de los sectores m\u00e1s vulnerables\u00bb, subray\u00f3 Disla.<\/p>\n\n\n\n<p>Luego de la exposici\u00f3n individual de los tres economistas, se llev\u00f3 a cabo un panel de discusi\u00f3n moderado por Luis Jos\u00e9 L\u00f3pez, miembro de la directiva del gremio empresarial. Durante el panel, se profundiz\u00f3 en las posibles estrategias para implementar una reforma tributaria que cumpla con los objetivos de aumentar las recaudaciones y reducir el d\u00e9ficit, sin comprometer el crecimiento econ\u00f3mico del pa\u00eds.<\/p>\n\n\n\n<p>El conversatorio dej\u00f3 claro que si bien la reforma tributaria es necesaria, su implementaci\u00f3n debe ser cuidadosamente planificada para evitar distorsiones en la econom\u00eda. Los economistas coincidieron en la necesidad de un enfoque equilibrado que permita aumentar las recaudaciones del Estado sin afectar negativamente al empleo, la inversi\u00f3n y la producci\u00f3n, subrayando la importancia de adoptar medidas innovadoras y eficientes en el proceso.<\/p>\n\n\n\n<p>L\u00eda \u00c1lvarez L\u00f3pez<\/p>\n\n\n\n<p>L\u00eda \u00c1lvarez L\u00f3pez (De tus contactos de Google)<\/p>\n\n\n\n<p><a target=\"_blank\" href=\"mailto:lia@mediaticos.com.do\" rel=\"noreferrer noopener\">lia@mediaticos.com.do<\/a><\/p>\n\n\n\n<p>De tus contactos de Google<\/p>\n\n\n\n<p>A\u00f1adir a mis contactosAbrir vista detallada<\/p>\n\n\n\n<p>Enviar correo<\/p>\n\n\n\n<p>Enviar mensaje<\/p>\n\n\n\n<p>Enviar invitaci\u00f3n a videollamada<\/p>\n\n\n\n<p>Programar evento<\/p>\n","protected":false},"excerpt":{"rendered":"<p>Magin Diaz, Juan Ariel Jimenez, Bredyg Disla, Napoleon Rodriguez, Jaime Aristy. Jaime Aristy Escuder, Mag\u00edn J. D\u00edaz y Juan Ariel Jim\u00e9nez plantearon m\u00faltiples soluciones para evitar que la reforma se convierta en una distorsi\u00f3n, durante un conversatorio-panel auspiciado por&nbsp; la Asociaci\u00f3n de Empresas e Industrias de Boca Chica (Abocachica) y la Asociaci\u00f3n de Industrias y [&hellip;]<\/p>\n","protected":false},"author":28,"featured_media":555441,"comment_status":"closed","ping_status":"closed","sticky":true,"template":"","format":"standard","meta":{"footnotes":""},"categories":[18],"tags":[],"class_list":["post-555440","post","type-post","status-publish","format-standard","has-post-thumbnail","hentry","category-economia"],"_links":{"self":[{"href":"https:\/\/diariodominicano.com\/index.php?rest_route=\/wp\/v2\/posts\/555440","targetHints":{"allow":["GET"]}}],"collection":[{"href":"https:\/\/diariodominicano.com\/index.php?rest_route=\/wp\/v2\/posts"}],"about":[{"href":"https:\/\/diariodominicano.com\/index.php?rest_route=\/wp\/v2\/types\/post"}],"author":[{"embeddable":true,"href":"https:\/\/diariodominicano.com\/index.php?rest_route=\/wp\/v2\/users\/28"}],"replies":[{"embeddable":true,"href":"https:\/\/diariodominicano.com\/index.php?rest_route=%2Fwp%2Fv2%2Fcomments&post=555440"}],"version-history":[{"count":1,"href":"https:\/\/diariodominicano.com\/index.php?rest_route=\/wp\/v2\/posts\/555440\/revisions"}],"predecessor-version":[{"id":555442,"href":"https:\/\/diariodominicano.com\/index.php?rest_route=\/wp\/v2\/posts\/555440\/revisions\/555442"}],"wp:featuredmedia":[{"embeddable":true,"href":"https:\/\/diariodominicano.com\/index.php?rest_route=\/wp\/v2\/media\/555441"}],"wp:attachment":[{"href":"https:\/\/diariodominicano.com\/index.php?rest_route=%2Fwp%2Fv2%2Fmedia&parent=555440"}],"wp:term":[{"taxonomy":"category","embeddable":true,"href":"https:\/\/diariodominicano.com\/index.php?rest_route=%2Fwp%2Fv2%2Fcategories&post=555440"},{"taxonomy":"post_tag","embeddable":true,"href":"https:\/\/diariodominicano.com\/index.php?rest_route=%2Fwp%2Fv2%2Ftags&post=555440"}],"curies":[{"name":"wp","href":"https:\/\/api.w.org\/{rel}","templated":true}]}}