{"id":555332,"date":"2024-08-29T23:48:44","date_gmt":"2024-08-30T03:48:44","guid":{"rendered":"https:\/\/diariodominicano.com\/?p=555332"},"modified":"2024-08-29T23:49:09","modified_gmt":"2024-08-30T03:49:09","slug":"linda-perry-conquista-mexico-con-una-emotiva-e-inolvidable-presentacion-en-el-festival-hera","status":"publish","type":"post","link":"https:\/\/diariodominicano.com\/?p=555332","title":{"rendered":"Linda Perry conquista M\u00e9xico con una emotiva e inolvidable  presentaci\u00f3n en el festival Hera"},"content":{"rendered":"\n<p>En su primera visita a ciudad de M\u00e9xico, la ic\u00f3nica artista emocion\u00f3 al p\u00fablico con un repertorio que recorri\u00f3 su extraordinaria carrera, incluyendo los temas \u201cBeautiful\u201d (Christina Aguilera) y \u201cWhat &#8216;s Up\u201d (4 Non Blondes) dejando una huella indeleble en la m\u00fasica y el cine.<\/p>\n\n\n\n<p>La legendaria compositora, productora e int\u00e9rprete estadounidense fue una de las artistas m\u00e1s celebradas en la primera edici\u00f3n del Festival Hera, donde cautiv\u00f3 al p\u00fablico con una poderosa mezcla de rock, soul y blues, llenando el ambiente de energ\u00eda y pasi\u00f3n.<\/p>\n\n\n\n<p>Antes de su actuaci\u00f3n, Perry comparti\u00f3 su entusiasmo por presentarse en el Festival Hera, un evento \u00fanico dedicado a destacar el talento femenino y celebrar la diversidad. \u00abQuer\u00eda llegar a la cultura latina, pero no he pasado mucho tiempo en Latinoam\u00e9rica. Es importante para m\u00ed hacerlo. Estoy emocionada de ir a tocar a M\u00e9xico\u00bb, expres\u00f3 Perry en una entrevista previa al festival.<\/p>\n\n\n\n<p>\u200a<\/p>\n\n\n\n<figure class=\"wp-block-image size-large\"><img loading=\"lazy\" decoding=\"async\" width=\"1024\" height=\"733\" src=\"https:\/\/diariodominicano.com\/wp-content\/uploads\/2024\/08\/Linda-Perry-conquista-Mexico-con-una-emotiva-e-inolvidable-presentacion-en-el-festival-Hera-1024x733.jpg\" alt=\"\" class=\"wp-image-555365\" srcset=\"https:\/\/diariodominicano.com\/wp-content\/uploads\/2024\/08\/Linda-Perry-conquista-Mexico-con-una-emotiva-e-inolvidable-presentacion-en-el-festival-Hera-1024x733.jpg 1024w, https:\/\/diariodominicano.com\/wp-content\/uploads\/2024\/08\/Linda-Perry-conquista-Mexico-con-una-emotiva-e-inolvidable-presentacion-en-el-festival-Hera-300x215.jpg 300w, https:\/\/diariodominicano.com\/wp-content\/uploads\/2024\/08\/Linda-Perry-conquista-Mexico-con-una-emotiva-e-inolvidable-presentacion-en-el-festival-Hera-768x550.jpg 768w, https:\/\/diariodominicano.com\/wp-content\/uploads\/2024\/08\/Linda-Perry-conquista-Mexico-con-una-emotiva-e-inolvidable-presentacion-en-el-festival-Hera-816x584.jpg 816w, https:\/\/diariodominicano.com\/wp-content\/uploads\/2024\/08\/Linda-Perry-conquista-Mexico-con-una-emotiva-e-inolvidable-presentacion-en-el-festival-Hera.jpg 1200w\" sizes=\"auto, (max-width: 1024px) 100vw, 1024px\" \/><\/figure>\n\n\n\n<p>Credit: Zeus L\u00f3pez <\/p>\n\n\n\n<p>El momento m\u00e1s conmovedor de su presentaci\u00f3n lleg\u00f3 cuando Perry, visiblemente emocionada, record\u00f3 a su madre recientemente fallecida. Las l\u00e1grimas de la artista resonaron con el p\u00fablico, que respondi\u00f3 con una oleada de aplausos y gritos de \u00ab\u00a1Linda, Linda, Linda!\u00bb en una muestra de solidaridad y afecto. Este v\u00ednculo emocional se extendi\u00f3 a lo largo de un set que incluy\u00f3 una interpretaci\u00f3n especialmente emotiva de \u00abBeautiful,\u00bb una canci\u00f3n popularizada por Christina Aguilera, escrita en un momento de profunda depresi\u00f3n, pero que se ha convertido en un himno de empoderamiento. El cierre del concierto con \u00abWhat&#8217;s Up!\u00bb, su mayor \u00e9xito con 4 Non Blondes, uni\u00f3 a miles de voces en un coro que sell\u00f3 una noche m\u00e1gica.<\/p>\n\n\n\n<figure data-wp-context=\"{&quot;imageId&quot;:&quot;69f111af46420&quot;}\" data-wp-interactive=\"core\/image\" data-wp-key=\"69f111af46420\" class=\"wp-block-image size-large wp-lightbox-container\"><img loading=\"lazy\" decoding=\"async\" width=\"1024\" height=\"594\" data-wp-class--hide=\"state.isContentHidden\" data-wp-class--show=\"state.isContentVisible\" data-wp-init=\"callbacks.setButtonStyles\" data-wp-on--click=\"actions.showLightbox\" data-wp-on--load=\"callbacks.setButtonStyles\" data-wp-on-window--resize=\"callbacks.setButtonStyles\" src=\"https:\/\/diariodominicano.com\/wp-content\/uploads\/2024\/08\/Linda-Perry-conquista-Mexico-1024x594.jpg\" alt=\"\" class=\"wp-image-555364\" srcset=\"https:\/\/diariodominicano.com\/wp-content\/uploads\/2024\/08\/Linda-Perry-conquista-Mexico-1024x594.jpg 1024w, https:\/\/diariodominicano.com\/wp-content\/uploads\/2024\/08\/Linda-Perry-conquista-Mexico-300x174.jpg 300w, https:\/\/diariodominicano.com\/wp-content\/uploads\/2024\/08\/Linda-Perry-conquista-Mexico-768x446.jpg 768w, https:\/\/diariodominicano.com\/wp-content\/uploads\/2024\/08\/Linda-Perry-conquista-Mexico-816x473.jpg 816w, https:\/\/diariodominicano.com\/wp-content\/uploads\/2024\/08\/Linda-Perry-conquista-Mexico.jpg 1179w\" sizes=\"auto, (max-width: 1024px) 100vw, 1024px\" \/><button\n\t\t\tclass=\"lightbox-trigger\"\n\t\t\ttype=\"button\"\n\t\t\taria-haspopup=\"dialog\"\n\t\t\taria-label=\"Agrandar\"\n\t\t\tdata-wp-init=\"callbacks.initTriggerButton\"\n\t\t\tdata-wp-on--click=\"actions.showLightbox\"\n\t\t\tdata-wp-style--right=\"state.imageButtonRight\"\n\t\t\tdata-wp-style--top=\"state.imageButtonTop\"\n\t\t>\n\t\t\t<svg xmlns=\"http:\/\/www.w3.org\/2000\/svg\" width=\"12\" height=\"12\" fill=\"none\" viewBox=\"0 0 12 12\">\n\t\t\t\t<path fill=\"#fff\" d=\"M2 0a2 2 0 0 0-2 2v2h1.5V2a.5.5 0 0 1 .5-.5h2V0H2Zm2 10.5H2a.5.5 0 0 1-.5-.5V8H0v2a2 2 0 0 0 2 2h2v-1.5ZM8 12v-1.5h2a.5.5 0 0 0 .5-.5V8H12v2a2 2 0 0 1-2 2H8Zm2-12a2 2 0 0 1 2 2v2h-1.5V2a.5.5 0 0 0-.5-.5H8V0h2Z\" \/>\n\t\t\t<\/svg>\n\t\t<\/button><\/figure>\n\n\n\n<p><\/p>\n\n\n\n<p>Credit: Zeus L\u00f3pez<\/p>\n\n\n\n<p>Reflexionando sobre su experiencia en el festival, Perry coment\u00f3 a MTV en una entrevista: \u00abEs mi primera vez en M\u00e9xico&#8230; Mi show fue incre\u00edble. Todo el mundo me dio mucho amor. Me hizo emocional.\u00bb<\/p>\n\n\n\n<p><\/p>\n\n\n\n<p>Perry tambi\u00e9n particip\u00f3 en un conversatorio con Li Saumet de Bomba Est\u00e9reo, moderado por Francisca Valenzuela, donde comparti\u00f3 su experiencia y visi\u00f3n sobre el papel de las mujeres en la industria musical, subrayando su compromiso continuo con la igualdad de g\u00e9nero a trav\u00e9s de su fundaci\u00f3n EqualizeHer.<\/p>\n\n\n\n<p>Adem\u00e1s de su impactante presentaci\u00f3n en el Festival Hera, Linda Perry ha estado en el centro de atenci\u00f3n con el reciente estreno de su documental \u00abLet It Die Here\u00bb en el Festival de Cine de Tribeca, celebrando m\u00e1s de 30 a\u00f1os de una carrera aclamada. Este largometraje, dirigido por Don Hardy, ofrece una mirada \u00edntima a su vida personal y profesional, explorando su lucha por descubrir qui\u00e9n es realmente en un mundo donde siempre ha escrito para otros.<\/p>\n\n\n\n<p>Con su emotiva actuaci\u00f3n en M\u00e9xico, el estreno de su documental y la pr\u00f3xima grabaci\u00f3n de un nuevo \u00e1lbum, Linda Perry contin\u00faa redefiniendo su carrera y demostrando que su impacto en la m\u00fasica y la cultura sigue siendo tan fuerte como siempre. El debut de Perry en M\u00e9xico se consolid\u00f3 como un momento hist\u00f3rico en su ilustre trayectoria, marcando el inicio de un nuevo cap\u00edtulo en su continua evoluci\u00f3n como artista.<\/p>\n\n\n\n<p>Para m\u00e1s informaci\u00f3n contactar a Gabriel Gomez en: gabriel@criteriaent.com <\/p>\n","protected":false},"excerpt":{"rendered":"<p>En su primera visita a ciudad de M\u00e9xico, la ic\u00f3nica artista emocion\u00f3 al p\u00fablico con un repertorio que recorri\u00f3 su extraordinaria carrera, incluyendo los temas \u201cBeautiful\u201d (Christina Aguilera) y \u201cWhat &#8216;s Up\u201d (4 Non Blondes) dejando una huella indeleble en la m\u00fasica y el cine. La legendaria compositora, productora e int\u00e9rprete estadounidense fue una de [&hellip;]<\/p>\n","protected":false},"author":7,"featured_media":555365,"comment_status":"closed","ping_status":"closed","sticky":false,"template":"","format":"standard","meta":{"footnotes":""},"categories":[25],"tags":[],"class_list":["post-555332","post","type-post","status-publish","format-standard","has-post-thumbnail","hentry","category-gente"],"_links":{"self":[{"href":"https:\/\/diariodominicano.com\/index.php?rest_route=\/wp\/v2\/posts\/555332","targetHints":{"allow":["GET"]}}],"collection":[{"href":"https:\/\/diariodominicano.com\/index.php?rest_route=\/wp\/v2\/posts"}],"about":[{"href":"https:\/\/diariodominicano.com\/index.php?rest_route=\/wp\/v2\/types\/post"}],"author":[{"embeddable":true,"href":"https:\/\/diariodominicano.com\/index.php?rest_route=\/wp\/v2\/users\/7"}],"replies":[{"embeddable":true,"href":"https:\/\/diariodominicano.com\/index.php?rest_route=%2Fwp%2Fv2%2Fcomments&post=555332"}],"version-history":[{"count":2,"href":"https:\/\/diariodominicano.com\/index.php?rest_route=\/wp\/v2\/posts\/555332\/revisions"}],"predecessor-version":[{"id":555421,"href":"https:\/\/diariodominicano.com\/index.php?rest_route=\/wp\/v2\/posts\/555332\/revisions\/555421"}],"wp:featuredmedia":[{"embeddable":true,"href":"https:\/\/diariodominicano.com\/index.php?rest_route=\/wp\/v2\/media\/555365"}],"wp:attachment":[{"href":"https:\/\/diariodominicano.com\/index.php?rest_route=%2Fwp%2Fv2%2Fmedia&parent=555332"}],"wp:term":[{"taxonomy":"category","embeddable":true,"href":"https:\/\/diariodominicano.com\/index.php?rest_route=%2Fwp%2Fv2%2Fcategories&post=555332"},{"taxonomy":"post_tag","embeddable":true,"href":"https:\/\/diariodominicano.com\/index.php?rest_route=%2Fwp%2Fv2%2Ftags&post=555332"}],"curies":[{"name":"wp","href":"https:\/\/api.w.org\/{rel}","templated":true}]}}