{"id":555329,"date":"2024-08-29T21:43:22","date_gmt":"2024-08-30T01:43:22","guid":{"rendered":"https:\/\/diariodominicano.com\/?p=555329"},"modified":"2024-08-29T21:43:49","modified_gmt":"2024-08-30T01:43:49","slug":"ministerio-publico-obtiene-un-ano-de-prision-preventiva-contra-miembros-de-red-implicada-en-robos-a-mano-armada-y-homicidio-ocurridos-en-puerto-plata","status":"publish","type":"post","link":"https:\/\/diariodominicano.com\/?p=555329","title":{"rendered":"Ministerio P\u00fablico obtiene un a\u00f1o de prisi\u00f3n preventiva contra miembros de red implicada en robos a mano armada y homicidio ocurridos en Puerto Plata"},"content":{"rendered":"\n<p><em><u>El proceso fue declarado de tramitaci\u00f3n compleja<\/u><\/em><\/p>\n\n\n\n<p><strong>Puerto Plata (R.D.), jueves, 29 de agosto de 2024.<\/strong>&nbsp;El Ministerio P\u00fablico de Puerto Plata logr\u00f3 la declaratoria de caso complejo y la imposici\u00f3n de un a\u00f1o de prisi\u00f3n preventiva en contra de miembros de una red delictiva a la que le atribuye cometer robos con violencia y homicidio, en hechos ocurridos en el municipio Villa Montellano.<\/p>\n\n\n\n<p>La prisi\u00f3n preventiva fue impuesta a los imputados Aneury Agust\u00edn Balbuena Heredia (el Taxista), Starlyn Eugenia Vargas (Vargas), Marcos Lennys Le\u00f3n De Le\u00f3n (Marcos) y Luis Alberto Mena (Taiw\u00e1n). Adem\u00e1s, se han emitido \u00f3rdenes de arrestos contra los imputados conocidos como \u00abel Flaco\u00bb y \u00abel Rubio\u00bb, quienes permanecen pr\u00f3fugos.<\/p>\n\n\n\n<p>La medida de coerci\u00f3n fue dictada con base en las evidencias presentadas por el \u00f3rgano persecutor de los delitos, las cuales establecen la participaci\u00f3n de los imputados en la planificaci\u00f3n y ejecuci\u00f3n de los hechos delictivos en la provincia Puerto Plata, especialmente en el municipio Villa Montellano. Los cr\u00edmenes incluyen un robo con violencia y homicidio en perjuicio de Francis Jael Novan Polanco (Hugo) y la v\u00edctima mortal Edgar Adri\u00e1n Dom\u00ednguez N\u00fa\u00f1ez.<\/p>\n\n\n\n<p>La investigaci\u00f3n realizada por el magistrado Juan Alexis M\u00e9ndez revela que Aneury Agust\u00edn Balbuena Heredia (el Taxista) contact\u00f3 a Starlyn Eugenia Vargas y a Marcos Lennys Le\u00f3n De Le\u00f3n para orquestar el robo, motivado por rencillas personales con la v\u00edctima Dom\u00ednguez N\u00fa\u00f1ez. Starlyn Eugenia Vargas localiz\u00f3 a la v\u00edctima, mientras que el Flaco y el Rubio, enviados desde Santo Domingo, ejecutaron el crimen. Marcos Lennys Le\u00f3n De Le\u00f3n facilit\u00f3 la log\u00edstica y Luis Alberto Mena (Taiw\u00e1n) adquiri\u00f3 las prendas robadas.<\/p>\n\n\n\n<p>El pasado 3 de agosto de 2024, los implicados en los hechos llevaron a cabo el crimen en un establecimiento comercial del sector El Tamarindo, Villa Montellano. El robo culmin\u00f3 con el asesinato de Edgar Adri\u00e1n Dom\u00ednguez N\u00fa\u00f1ez, quien recibi\u00f3 un disparo en la cabeza.<\/p>\n\n\n\n<p>El Ministerio P\u00fablico ha calificado provisionalmente estos actos como violaciones a los art\u00edculos 265, 266, 295, 304, 379 y 382 del C\u00f3digo Penal Dominicano, que sancionan la asociaci\u00f3n de malhechores, el robo con violencia y el homicidio, entre otros.<\/p>\n\n\n\n<p>Las investigaciones contin\u00faan con el fin de capturar a los pr\u00f3fugos y asegurar la justicia en este caso, destaca un comunicado de prensa mediante el cual se ofreci\u00f3 la informaci\u00f3n.<\/p>\n","protected":false},"excerpt":{"rendered":"<p>El proceso fue declarado de tramitaci\u00f3n compleja Puerto Plata (R.D.), jueves, 29 de agosto de 2024.&nbsp;El Ministerio P\u00fablico de Puerto Plata logr\u00f3 la declaratoria de caso complejo y la imposici\u00f3n de un a\u00f1o de prisi\u00f3n preventiva en contra de miembros de una red delictiva a la que le atribuye cometer robos con violencia y homicidio, [&hellip;]<\/p>\n","protected":false},"author":7,"featured_media":521896,"comment_status":"closed","ping_status":"closed","sticky":false,"template":"","format":"standard","meta":{"footnotes":""},"categories":[24],"tags":[],"class_list":["post-555329","post","type-post","status-publish","format-standard","has-post-thumbnail","hentry","category-justicia-y-derecho"],"_links":{"self":[{"href":"https:\/\/diariodominicano.com\/index.php?rest_route=\/wp\/v2\/posts\/555329","targetHints":{"allow":["GET"]}}],"collection":[{"href":"https:\/\/diariodominicano.com\/index.php?rest_route=\/wp\/v2\/posts"}],"about":[{"href":"https:\/\/diariodominicano.com\/index.php?rest_route=\/wp\/v2\/types\/post"}],"author":[{"embeddable":true,"href":"https:\/\/diariodominicano.com\/index.php?rest_route=\/wp\/v2\/users\/7"}],"replies":[{"embeddable":true,"href":"https:\/\/diariodominicano.com\/index.php?rest_route=%2Fwp%2Fv2%2Fcomments&post=555329"}],"version-history":[{"count":1,"href":"https:\/\/diariodominicano.com\/index.php?rest_route=\/wp\/v2\/posts\/555329\/revisions"}],"predecessor-version":[{"id":555337,"href":"https:\/\/diariodominicano.com\/index.php?rest_route=\/wp\/v2\/posts\/555329\/revisions\/555337"}],"wp:featuredmedia":[{"embeddable":true,"href":"https:\/\/diariodominicano.com\/index.php?rest_route=\/wp\/v2\/media\/521896"}],"wp:attachment":[{"href":"https:\/\/diariodominicano.com\/index.php?rest_route=%2Fwp%2Fv2%2Fmedia&parent=555329"}],"wp:term":[{"taxonomy":"category","embeddable":true,"href":"https:\/\/diariodominicano.com\/index.php?rest_route=%2Fwp%2Fv2%2Fcategories&post=555329"},{"taxonomy":"post_tag","embeddable":true,"href":"https:\/\/diariodominicano.com\/index.php?rest_route=%2Fwp%2Fv2%2Ftags&post=555329"}],"curies":[{"name":"wp","href":"https:\/\/api.w.org\/{rel}","templated":true}]}}