{"id":555328,"date":"2024-08-29T21:52:11","date_gmt":"2024-08-30T01:52:11","guid":{"rendered":"https:\/\/diariodominicano.com\/?p=555328"},"modified":"2024-08-29T21:52:14","modified_gmt":"2024-08-30T01:52:14","slug":"la-asociacion-la-nacional-y-fiduciaria-la-nacional-inauguran-centro-de-negocios-en-punta-cana","status":"publish","type":"post","link":"https:\/\/diariodominicano.com\/?p=555328","title":{"rendered":"La Asociaci\u00f3n La Nacional y Fiduciaria La Nacional inauguran\u00a0centro de negocios en Punta Cana"},"content":{"rendered":"\n<p><em>Este espacio tiene el fin de continuar impulsando el desarrollo del sector de la construcci\u00f3n y la actividad comercial en esa productiva zona del pa\u00eds.<\/em><\/p>\n\n\n\n<p><strong>Punta Cana.- <\/strong>La Asociaci\u00f3n La Nacional de Ahorros y Pr\u00e9stamos y Fiduciaria La Nacional inauguraron este jueves 29 de agosto de 2024 su Centro de Desarrollo Empresarial La Nacional, localizado en la zona de Punta Cana.<\/p>\n\n\n\n<p>Esta instalaci\u00f3n tiene el objetivo de ofrecer a los clientes empresariales y constructores de ambas entidades financieras un lugar accesible y funcional donde puedan impulsar sus proyectos e ideas de negocios, con un servicio personalizado y de alta calificaci\u00f3n.&nbsp;<\/p>\n\n\n\n<figure class=\"wp-block-gallery has-nested-images columns-default is-cropped wp-block-gallery-1 is-layout-flex wp-block-gallery-is-layout-flex\">\n<figure class=\"wp-block-image size-large\"><img loading=\"lazy\" decoding=\"async\" width=\"1024\" height=\"683\" data-id=\"555339\" src=\"https:\/\/diariodominicano.com\/wp-content\/uploads\/2024\/08\/Ejecutivos-de-Asociacion-La-Nacional-y-Fiduciaria-La-Nacional-en-el-acto-de-inauguracion-de-su-Centro-Empresarial-en-Punta-Cana-1024x683.jpg\" alt=\"\" class=\"wp-image-555339\" srcset=\"https:\/\/diariodominicano.com\/wp-content\/uploads\/2024\/08\/Ejecutivos-de-Asociacion-La-Nacional-y-Fiduciaria-La-Nacional-en-el-acto-de-inauguracion-de-su-Centro-Empresarial-en-Punta-Cana-1024x683.jpg 1024w, https:\/\/diariodominicano.com\/wp-content\/uploads\/2024\/08\/Ejecutivos-de-Asociacion-La-Nacional-y-Fiduciaria-La-Nacional-en-el-acto-de-inauguracion-de-su-Centro-Empresarial-en-Punta-Cana-300x200.jpg 300w, https:\/\/diariodominicano.com\/wp-content\/uploads\/2024\/08\/Ejecutivos-de-Asociacion-La-Nacional-y-Fiduciaria-La-Nacional-en-el-acto-de-inauguracion-de-su-Centro-Empresarial-en-Punta-Cana-768x512.jpg 768w, https:\/\/diariodominicano.com\/wp-content\/uploads\/2024\/08\/Ejecutivos-de-Asociacion-La-Nacional-y-Fiduciaria-La-Nacional-en-el-acto-de-inauguracion-de-su-Centro-Empresarial-en-Punta-Cana-1536x1024.jpg 1536w, https:\/\/diariodominicano.com\/wp-content\/uploads\/2024\/08\/Ejecutivos-de-Asociacion-La-Nacional-y-Fiduciaria-La-Nacional-en-el-acto-de-inauguracion-de-su-Centro-Empresarial-en-Punta-Cana-2048x1365.jpg 2048w, https:\/\/diariodominicano.com\/wp-content\/uploads\/2024\/08\/Ejecutivos-de-Asociacion-La-Nacional-y-Fiduciaria-La-Nacional-en-el-acto-de-inauguracion-de-su-Centro-Empresarial-en-Punta-Cana-816x544.jpg 816w\" sizes=\"auto, (max-width: 1024px) 100vw, 1024px\" \/><\/figure>\n<\/figure>\n\n\n\n<p>En sus palabras de bienvenida a la actividad, Tom\u00e1s Pimentel Terrero, vicepresidente de Negocios de La Nacional, expres\u00f3 que \u201ceste nuevo espacio, conjuntamente con las once sucursales de La Nacional en la zona Este, reafirma nuestro apoyo a toda la regi\u00f3n y en especial a B\u00e1varo y Punta Cana, caracterizadas por el vigoroso crecimiento de la construcci\u00f3n y la actividad comercial en m\u00faltiples \u00e1reas de inter\u00e9s\u201d.<\/p>\n\n\n\n<p>Asimismo, se dirigi\u00f3 a los presentes Alba Brea Ottenwalder, gerente de Negocios de Fiduciaria La Nacional, quien destac\u00f3 \u201cla notable presencia de la Fiduciaria en proyectos tur\u00edsticos, de precio libre y de bajo costo, en B\u00e1varo, Punta Cana y La Romana, atendiendo a todos los sectores econ\u00f3micos de la zona. Tenemos un total de 15 proyectos en la zona Este, que incluyen 10,843 unidades a desarrollar, con un total de 1,543 unidades ya vendidas o entregadas\u201d.<\/p>\n\n\n\n<p>El acto estuvo encabezado por Gustavo Zuluaga Alam, vicepresidente ejecutivo de La Nacional, y C\u00e9sar P\u00e1ez Mendoza, gerente general de Fiduciaria La Nacional.<\/p>\n\n\n\n<p>La Asociaci\u00f3n La Nacional de Ahorros y Pr\u00e9stamos tiene 52 a\u00f1os de historia impulsando la inclusi\u00f3n financiera y el desarrollo social y econ\u00f3mico del pa\u00eds. Asimismo, es una de las 10 instituciones l\u00edderes del mercado hipotecario dominicano.<\/p>\n\n\n\n<p>Fiduciaria La Nacional es una sociedad fiduciaria filial de Asociaci\u00f3n La Nacional, con casi diez a\u00f1os de fruct\u00edfera trayectoria y 188 fideicomisos administrados, ocupando el cuarto lugar del sector fiduciario nacional en administraci\u00f3n de activos.<\/p>\n\n\n\n<h3 class=\"wp-block-heading\"><strong>Mar\u00eda Virgen G\u00f3mez Lope<\/strong><strong> <\/strong><strong>&lt;<\/strong><a href=\"mailto:magomez@asociacionlanacional.com.do\"><strong>magomez@asociacionlanacional.com.do<\/strong><\/a><strong>>\u00a0<\/strong><\/h3>\n","protected":false},"excerpt":{"rendered":"<p>Este espacio tiene el fin de continuar impulsando el desarrollo del sector de la construcci\u00f3n y la actividad comercial en esa productiva zona del pa\u00eds. Punta Cana.- La Asociaci\u00f3n La Nacional de Ahorros y Pr\u00e9stamos y Fiduciaria La Nacional inauguraron este jueves 29 de agosto de 2024 su Centro de Desarrollo Empresarial La Nacional, localizado [&hellip;]<\/p>\n","protected":false},"author":7,"featured_media":555338,"comment_status":"closed","ping_status":"closed","sticky":false,"template":"","format":"standard","meta":{"footnotes":""},"categories":[18],"tags":[],"class_list":["post-555328","post","type-post","status-publish","format-standard","has-post-thumbnail","hentry","category-economia"],"_links":{"self":[{"href":"https:\/\/diariodominicano.com\/index.php?rest_route=\/wp\/v2\/posts\/555328","targetHints":{"allow":["GET"]}}],"collection":[{"href":"https:\/\/diariodominicano.com\/index.php?rest_route=\/wp\/v2\/posts"}],"about":[{"href":"https:\/\/diariodominicano.com\/index.php?rest_route=\/wp\/v2\/types\/post"}],"author":[{"embeddable":true,"href":"https:\/\/diariodominicano.com\/index.php?rest_route=\/wp\/v2\/users\/7"}],"replies":[{"embeddable":true,"href":"https:\/\/diariodominicano.com\/index.php?rest_route=%2Fwp%2Fv2%2Fcomments&post=555328"}],"version-history":[{"count":1,"href":"https:\/\/diariodominicano.com\/index.php?rest_route=\/wp\/v2\/posts\/555328\/revisions"}],"predecessor-version":[{"id":555345,"href":"https:\/\/diariodominicano.com\/index.php?rest_route=\/wp\/v2\/posts\/555328\/revisions\/555345"}],"wp:featuredmedia":[{"embeddable":true,"href":"https:\/\/diariodominicano.com\/index.php?rest_route=\/wp\/v2\/media\/555338"}],"wp:attachment":[{"href":"https:\/\/diariodominicano.com\/index.php?rest_route=%2Fwp%2Fv2%2Fmedia&parent=555328"}],"wp:term":[{"taxonomy":"category","embeddable":true,"href":"https:\/\/diariodominicano.com\/index.php?rest_route=%2Fwp%2Fv2%2Fcategories&post=555328"},{"taxonomy":"post_tag","embeddable":true,"href":"https:\/\/diariodominicano.com\/index.php?rest_route=%2Fwp%2Fv2%2Ftags&post=555328"}],"curies":[{"name":"wp","href":"https:\/\/api.w.org\/{rel}","templated":true}]}}