{"id":555277,"date":"2024-08-29T21:19:17","date_gmt":"2024-08-30T01:19:17","guid":{"rendered":"https:\/\/diariodominicano.com\/?p=555277"},"modified":"2024-08-29T21:19:20","modified_gmt":"2024-08-30T01:19:20","slug":"fiscalia-de-puerto-plata-logra-condena-de-15-anos-de-prision-contra-hombre-que-provoco-muerte-a-su-pareja","status":"publish","type":"post","link":"https:\/\/diariodominicano.com\/?p=555277","title":{"rendered":"Fiscal\u00eda de Puerto Plata logra condena de 15 a\u00f1os de prisi\u00f3n contra hombre que provoc\u00f3 muerte a su pareja"},"content":{"rendered":"\n<p>Puerto Plata (R.D.), jueves, 29 de agosto de 2024. El Ministerio P\u00fablico, a trav\u00e9s de la Unidad de Investigaciones de Cr\u00edmenes y Delitos contra la Propiedad, logr\u00f3 la imposici\u00f3n de una condena de 15 a\u00f1os de prisi\u00f3n contra el se\u00f1or Carlos Junior Tatis Rosario, quien fue hallado culpable del homicidio de su pareja, la se\u00f1ora Mileidy Silverio Gregorio.<\/p>\n\n\n\n<p>En la investigaci\u00f3n, realizada por el magistrado Juan Alexis M\u00e9ndez, se determin\u00f3 que el hecho ocurri\u00f3 el 14 de noviembre de 2023, en el municipio Imbert, cuando se origin\u00f3 una discusi\u00f3n entre Tatis Rosario y Silverio Gregorio, ya que el hoy condenado no aceptaba finalizar la relaci\u00f3n.<\/p>\n\n\n\n<p>Para cometer el hecho, Tatis Rosario utiliz\u00f3 un cuchillo con el que le infiri\u00f3 varias estocadas a la v\u00edctima, relata el expediente instrumentado por el Ministerio P\u00fablico.<\/p>\n\n\n\n<p>El fiscal Jos\u00e9 Mart\u00ednez Mont\u00e1n, representante del Ministerio P\u00fablico, demostr\u00f3 ante el Tribunal Colegiado, que preside la jueza Jakayra Veras, que el procesado violent\u00f3 las disposiciones de los art\u00edculos 295 y 305, p\u00e1rrafo II, del C\u00f3digo Penal Dominicano, que tipifican y sancionan el homicidio voluntario.<\/p>\n\n\n\n<p>La condena impuesta deber\u00e1 ser cumplida en el Centro de Correcci\u00f3n y Rehabilitaci\u00f3n San Felipe.&nbsp;<\/p>\n","protected":false},"excerpt":{"rendered":"<p>Puerto Plata (R.D.), jueves, 29 de agosto de 2024. El Ministerio P\u00fablico, a trav\u00e9s de la Unidad de Investigaciones de Cr\u00edmenes y Delitos contra la Propiedad, logr\u00f3 la imposici\u00f3n de una condena de 15 a\u00f1os de prisi\u00f3n contra el se\u00f1or Carlos Junior Tatis Rosario, quien fue hallado culpable del homicidio de su pareja, la se\u00f1ora [&hellip;]<\/p>\n","protected":false},"author":7,"featured_media":269996,"comment_status":"closed","ping_status":"closed","sticky":false,"template":"","format":"standard","meta":{"footnotes":""},"categories":[24],"tags":[],"class_list":["post-555277","post","type-post","status-publish","format-standard","has-post-thumbnail","hentry","category-justicia-y-derecho"],"_links":{"self":[{"href":"https:\/\/diariodominicano.com\/index.php?rest_route=\/wp\/v2\/posts\/555277","targetHints":{"allow":["GET"]}}],"collection":[{"href":"https:\/\/diariodominicano.com\/index.php?rest_route=\/wp\/v2\/posts"}],"about":[{"href":"https:\/\/diariodominicano.com\/index.php?rest_route=\/wp\/v2\/types\/post"}],"author":[{"embeddable":true,"href":"https:\/\/diariodominicano.com\/index.php?rest_route=\/wp\/v2\/users\/7"}],"replies":[{"embeddable":true,"href":"https:\/\/diariodominicano.com\/index.php?rest_route=%2Fwp%2Fv2%2Fcomments&post=555277"}],"version-history":[{"count":1,"href":"https:\/\/diariodominicano.com\/index.php?rest_route=\/wp\/v2\/posts\/555277\/revisions"}],"predecessor-version":[{"id":555314,"href":"https:\/\/diariodominicano.com\/index.php?rest_route=\/wp\/v2\/posts\/555277\/revisions\/555314"}],"wp:featuredmedia":[{"embeddable":true,"href":"https:\/\/diariodominicano.com\/index.php?rest_route=\/wp\/v2\/media\/269996"}],"wp:attachment":[{"href":"https:\/\/diariodominicano.com\/index.php?rest_route=%2Fwp%2Fv2%2Fmedia&parent=555277"}],"wp:term":[{"taxonomy":"category","embeddable":true,"href":"https:\/\/diariodominicano.com\/index.php?rest_route=%2Fwp%2Fv2%2Fcategories&post=555277"},{"taxonomy":"post_tag","embeddable":true,"href":"https:\/\/diariodominicano.com\/index.php?rest_route=%2Fwp%2Fv2%2Ftags&post=555277"}],"curies":[{"name":"wp","href":"https:\/\/api.w.org\/{rel}","templated":true}]}}