{"id":555274,"date":"2024-08-29T19:20:43","date_gmt":"2024-08-29T23:20:43","guid":{"rendered":"https:\/\/diariodominicano.com\/?p=555274"},"modified":"2024-08-29T19:25:09","modified_gmt":"2024-08-29T23:25:09","slug":"karina-alarcon-apuesta-a-la-television-de-temporada","status":"publish","type":"post","link":"https:\/\/diariodominicano.com\/?p=555274","title":{"rendered":"Karina Alarc\u00f3n apuesta a la televisi\u00f3n de temporada"},"content":{"rendered":"\n<p>La comunicadora retransmitir\u00e1 la segunda producci\u00f3n de \u201cDe cerca\u201d desde el pr\u00f3ximo s\u00e1bado 7 de septiembre por Telesistema<\/p>\n\n\n\n<p>SANTO DOMINGO.- Para Karina Alarc\u00f3n, la comunicaci\u00f3n es un compromiso serio, del que ha tenido grandes gratificaciones, pese a que su carrera base es el derecho, ella ha apostado al arte de bien comunicar con la intenci\u00f3n de llevar contenido de calidad al p\u00fablico.<\/p>\n\n\n\n<p>En ese sentido, la comunicadora anunci\u00f3 que el pr\u00f3ximo s\u00e1bado 7 de septiembre a las 6:30 de la tarde, ser\u00e1 el d\u00eda de inicio de la retransmisi\u00f3n de su propuesta \u201cDe cerca, con Karina Alarc\u00f3n\u201d, espacio que ya cuenta con dos entregas por Telesistema, canal 11.<\/p>\n\n\n\n<p>\u201cDe cerca es un sue\u00f1o de a\u00f1os hecho realidad. La idea de lanzar este proyecto no surge de la noche a la ma\u00f1ana. Hay quienes no saben que tengo desde los 13 a\u00f1os trabajando en los medios de comunicaci\u00f3n. Inicialmente en un programa infantil, luego juvenil, pas\u00e9 por la presentaci\u00f3n de noticias, hacer radio y sent\u00eda que quer\u00eda entregar algo m\u00e1s. Algo que permitiera a la audiencia conocer que hay detr\u00e1s de caras muy conocidas porque detr\u00e1s del \u00e9xito siempre hay grandes sacrificios y ense\u00f1anzas\u201d, coment\u00f3 la tambi\u00e9n productora.<\/p>\n\n\n\n<p>En esta segunda temporada la comunicadora llev\u00f3 al set de \u201cDe cerca\u201d a pol\u00edticos, comunicadores, empresarios, fil\u00e1ntropos y gestores culturales, entre otros, para hablar con ellos de manera distendida de manera que le permita conocer a los televidentes la parte humana de esas figuras.<\/p>\n\n\n\n<p>Guillermo Moreno, Ingrid Mendoza, Omar Fern\u00e1ndez, Gina Cordero, Lissette Selman, Milagros De Camps, Ariel Santana, Jorge Chaljub, Freddy Ginebra y C\u00e9sar Dargam son los protagonistas de los 12 cap\u00edtulos de entrega de esta segunda temporada en la que la audiencia podr\u00e1 conocer \u201cDe cerca\u201d, los retos y sue\u00f1os de estas personalidades.<\/p>\n\n\n\n<p>\u201cHa sido valioso para m\u00ed apostar a la televisi\u00f3n de temporada y hacerlo con un proyecto que gracias a Dios ha sido bien recibido por la gente, en estas dos entregas que ya tenemos. Las mediciones indican que la gente s\u00ed consume la televisi\u00f3n de temporada siempre y cuando sea un contenido de valor\u201d, sostuvo Alarc\u00f3n, quien est\u00e1 decida a seguir profundizando en este formato televisivo y traer\u00e1 novedades al respecto.<\/p>\n\n\n\n<p>Trayectoria<\/p>\n\n\n\n<p>Desde hace varios a\u00f1os Karina Alarc\u00f3n hace opini\u00f3n p\u00fablica como co-conductora de \u201cNo se diga m\u00e1s\u201d que se transmite de lunes a viernes de 7 de la noche a 9 de la ma\u00f1ana por Top Latina 101.7 FM.<\/p>\n\n\n\n<p>El nivel de responsabilidad, convicci\u00f3n e impecable trayectoria le han ganado la confianza de diversas instituciones p\u00fablicas y privadas que hoy d\u00eda requieren de su imagen y voz para maestr\u00edas de ceremonias y conducci\u00f3n de eventos.<\/p>\n\n\n\n<p>Es licenciada en derecho, graduada con honores acad\u00e9micos de la Pontificia Universidad Cat\u00f3lica Madre y Maestra (PUCMM).<\/p>\n\n\n\n<p>La formaci\u00f3n acad\u00e9mica es parte de sus prioridades, por lo que se mantiene prepar\u00e1ndose en ese sentido. Ha realizado un m\u00e1ster en negocios internacionales en la Universidad Pompeu Fabra de Barcelona, Espa\u00f1a y posteriormente una maestr\u00eda en Gesti\u00f3n de la Comunicaci\u00f3n Empresarial en la Escuela de Negocios Internacional GADEX.<\/p>\n\n\n\n<p>Mar\u00eda Jim\u00e9nez &lt;esmariajimenez@gmail.com&gt;<\/p>\n\n\n\n<p><\/p>\n","protected":false},"excerpt":{"rendered":"<p>La comunicadora retransmitir\u00e1 la segunda producci\u00f3n de \u201cDe cerca\u201d desde el pr\u00f3ximo s\u00e1bado 7 de septiembre por Telesistema SANTO DOMINGO.- Para Karina Alarc\u00f3n, la comunicaci\u00f3n es un compromiso serio, del que ha tenido grandes gratificaciones, pese a que su carrera base es el derecho, ella ha apostado al arte de bien comunicar con la intenci\u00f3n [&hellip;]<\/p>\n","protected":false},"author":7,"featured_media":555289,"comment_status":"closed","ping_status":"closed","sticky":false,"template":"","format":"standard","meta":{"footnotes":""},"categories":[25],"tags":[],"class_list":["post-555274","post","type-post","status-publish","format-standard","has-post-thumbnail","hentry","category-gente"],"_links":{"self":[{"href":"https:\/\/diariodominicano.com\/index.php?rest_route=\/wp\/v2\/posts\/555274","targetHints":{"allow":["GET"]}}],"collection":[{"href":"https:\/\/diariodominicano.com\/index.php?rest_route=\/wp\/v2\/posts"}],"about":[{"href":"https:\/\/diariodominicano.com\/index.php?rest_route=\/wp\/v2\/types\/post"}],"author":[{"embeddable":true,"href":"https:\/\/diariodominicano.com\/index.php?rest_route=\/wp\/v2\/users\/7"}],"replies":[{"embeddable":true,"href":"https:\/\/diariodominicano.com\/index.php?rest_route=%2Fwp%2Fv2%2Fcomments&post=555274"}],"version-history":[{"count":1,"href":"https:\/\/diariodominicano.com\/index.php?rest_route=\/wp\/v2\/posts\/555274\/revisions"}],"predecessor-version":[{"id":555286,"href":"https:\/\/diariodominicano.com\/index.php?rest_route=\/wp\/v2\/posts\/555274\/revisions\/555286"}],"wp:featuredmedia":[{"embeddable":true,"href":"https:\/\/diariodominicano.com\/index.php?rest_route=\/wp\/v2\/media\/555289"}],"wp:attachment":[{"href":"https:\/\/diariodominicano.com\/index.php?rest_route=%2Fwp%2Fv2%2Fmedia&parent=555274"}],"wp:term":[{"taxonomy":"category","embeddable":true,"href":"https:\/\/diariodominicano.com\/index.php?rest_route=%2Fwp%2Fv2%2Fcategories&post=555274"},{"taxonomy":"post_tag","embeddable":true,"href":"https:\/\/diariodominicano.com\/index.php?rest_route=%2Fwp%2Fv2%2Ftags&post=555274"}],"curies":[{"name":"wp","href":"https:\/\/api.w.org\/{rel}","templated":true}]}}