{"id":555272,"date":"2024-08-29T21:33:34","date_gmt":"2024-08-30T01:33:34","guid":{"rendered":"https:\/\/diariodominicano.com\/?p=555272"},"modified":"2024-08-29T21:33:36","modified_gmt":"2024-08-30T01:33:36","slug":"comision-revisa-avances-trabajos-adecuacion-y-habilitacion-carcel-las-parras","status":"publish","type":"post","link":"https:\/\/diariodominicano.com\/?p=555272","title":{"rendered":"Comisi\u00f3n revisa avances trabajos adecuaci\u00f3n y habilitaci\u00f3n c\u00e1rcel Las Parras"},"content":{"rendered":"\n<p><strong><u>Durante un encuentro en la UASD, los integrantes de la Comisi\u00f3n para el Seguimiento al Plan de Reforma Penitenciaria, estiman que para mediados del 2025 se podr\u00eda entregar la primera etapa<\/u><\/strong> <\/p>\n\n\n\n<p>La Comisi\u00f3n para el Seguimiento al Plan de Reforma Penitenciaria desarroll\u00f3 una sesi\u00f3n de trabajo en el Sal\u00f3n del Consejo Universitario de la Universidad Aut\u00f3noma de Santo Domingo (UASD), con el objetivo de socializar los avances en torno a la adecuaci\u00f3n y habilitaci\u00f3n de la c\u00e1rcel Las Parras, La Victoria.<\/p>\n\n\n\n<p>En el encuentro estuvieron presentes el vicerrector de Investigaci\u00f3n y Postgrado de la UASD, Radham\u00e9s Silverio, el presidente de la Comisi\u00f3n de Reforma, Jorge Subero Isa, el ministro de Vivienda y Edificaciones, Carlos Bonilla S\u00e1nchez y el Defensor del Pueblo, Pablo Ulloa<\/p>\n\n\n\n<figure class=\"wp-block-image size-full\"><img loading=\"lazy\" decoding=\"async\" width=\"640\" height=\"427\" src=\"https:\/\/diariodominicano.com\/wp-content\/uploads\/2024\/08\/Comision-revisa-avances-trabajos-adecuacion-habilitacion-carcel-Las-Parras.jpg\" alt=\"\" class=\"wp-image-555282\" srcset=\"https:\/\/diariodominicano.com\/wp-content\/uploads\/2024\/08\/Comision-revisa-avances-trabajos-adecuacion-habilitacion-carcel-Las-Parras.jpg 640w, https:\/\/diariodominicano.com\/wp-content\/uploads\/2024\/08\/Comision-revisa-avances-trabajos-adecuacion-habilitacion-carcel-Las-Parras-300x200.jpg 300w\" sizes=\"auto, (max-width: 640px) 100vw, 640px\" \/><figcaption class=\"wp-element-caption\">El vicerrector de Investigaci\u00f3n y Postgrado de la UASD, Radham\u00e9s Silverio, Jorge Subero Isa, el ministro de la Vivienda, Carlos Bonilla, el Defensor del Pueblo, Pablo Ulloa, durante la reuni\u00f3n de la Comisi\u00f3n para el Seguimiento al Plan de Reforma Penitenciaria en la sesi\u00f3n de trabajo en el Sal\u00f3n del Consejo Universitario de la Universidad Aut\u00f3noma de Santo Domingo (UASD), con el objetivo de socializar los avances en torno a la adecuaci\u00f3n y habilitaci\u00f3n de la c\u00e1rcel Las Parras, La Victoria <\/figcaption><\/figure>\n\n\n\n<p>En nombre de la UASD,&nbsp; que forma parte de la comisi\u00f3n, Silverio explic\u00f3 que a inicios del pasado mes de abril, el presidente Luis Abinader emiti\u00f3 el decreto n\u00famero 186-24 que conforma la Comisi\u00f3n Penitenciaria con el prop\u00f3sito de habilitar la c\u00e1rcel Las Parras para trasladar privados de libertad desde la c\u00e1rcel de La Victoria.<\/p>\n\n\n\n<p>\u201cLa Comisi\u00f3n que est\u00e1 integrada por juristas y varias&nbsp; universidades e instituciones p\u00fablicas, tiene la misi\u00f3n de planificar y&nbsp; ejecutar acciones que permitan mejorar la infraestructura y crear un ecosistema carcelario mod\u00e9lico que realmente permita reformar y reinsertar a la sociedad aquellos quienes hayan incurrido en actos re\u00f1idos con la ley\u00bb, dijo el vicerrector de&nbsp; Investigaci\u00f3n y Postgrado.<\/p>\n\n\n\n<p>De su lado, el presidente de la Comisi\u00f3n para el Seguimiento al Plan de Reforma Penitenciaria, Jorge Subero Isa, dijo que el prop\u00f3sito del encuentro es hacer part\u00edcipe a la sociedad de los trabajos que viene realizando en procura de la adecuaci\u00f3n de la C\u00e1rcel Las Parras.<\/p>\n\n\n\n<p>Mientras que Carlos Bonilla inform\u00f3 que resueltos unos nudos legales que exist\u00edan en cuanto a la obra, pronto se ver\u00e1n avances significativos como resultado de los trabajos que realiza la comisi\u00f3n creada a instancias del presidente Luis Abinader.<\/p>\n\n\n\n<p>\u00abEs una c\u00e1rcel para siete mil privados de libertad, esperamos que para antes de mediados del 2025, entregaremos una primera parte que comprende instalaciones para\u00a0 2300 internos, \u00e1reas de apoyo, \u00e1reas administrativas e iglesias \u00ab, inform\u00f3 el ministro Bonilla <\/p>\n\n\n\n<p>Relaciones P\u00fablicas <a href=\"mailto:relacionespublicas@uasd.edu.do\" target=\"_blank\" rel=\"noreferrer noopener\">relacionespublicas@uasd.edu.do<\/a> <\/p>\n","protected":false},"excerpt":{"rendered":"<p>Durante un encuentro en la UASD, los integrantes de la Comisi\u00f3n para el Seguimiento al Plan de Reforma Penitenciaria, estiman que para mediados del 2025 se podr\u00eda entregar la primera etapa La Comisi\u00f3n para el Seguimiento al Plan de Reforma Penitenciaria desarroll\u00f3 una sesi\u00f3n de trabajo en el Sal\u00f3n del Consejo Universitario de la Universidad [&hellip;]<\/p>\n","protected":false},"author":7,"featured_media":555283,"comment_status":"closed","ping_status":"closed","sticky":false,"template":"","format":"standard","meta":{"footnotes":""},"categories":[24],"tags":[],"class_list":["post-555272","post","type-post","status-publish","format-standard","has-post-thumbnail","hentry","category-justicia-y-derecho"],"_links":{"self":[{"href":"https:\/\/diariodominicano.com\/index.php?rest_route=\/wp\/v2\/posts\/555272","targetHints":{"allow":["GET"]}}],"collection":[{"href":"https:\/\/diariodominicano.com\/index.php?rest_route=\/wp\/v2\/posts"}],"about":[{"href":"https:\/\/diariodominicano.com\/index.php?rest_route=\/wp\/v2\/types\/post"}],"author":[{"embeddable":true,"href":"https:\/\/diariodominicano.com\/index.php?rest_route=\/wp\/v2\/users\/7"}],"replies":[{"embeddable":true,"href":"https:\/\/diariodominicano.com\/index.php?rest_route=%2Fwp%2Fv2%2Fcomments&post=555272"}],"version-history":[{"count":1,"href":"https:\/\/diariodominicano.com\/index.php?rest_route=\/wp\/v2\/posts\/555272\/revisions"}],"predecessor-version":[{"id":555316,"href":"https:\/\/diariodominicano.com\/index.php?rest_route=\/wp\/v2\/posts\/555272\/revisions\/555316"}],"wp:featuredmedia":[{"embeddable":true,"href":"https:\/\/diariodominicano.com\/index.php?rest_route=\/wp\/v2\/media\/555283"}],"wp:attachment":[{"href":"https:\/\/diariodominicano.com\/index.php?rest_route=%2Fwp%2Fv2%2Fmedia&parent=555272"}],"wp:term":[{"taxonomy":"category","embeddable":true,"href":"https:\/\/diariodominicano.com\/index.php?rest_route=%2Fwp%2Fv2%2Fcategories&post=555272"},{"taxonomy":"post_tag","embeddable":true,"href":"https:\/\/diariodominicano.com\/index.php?rest_route=%2Fwp%2Fv2%2Ftags&post=555272"}],"curies":[{"name":"wp","href":"https:\/\/api.w.org\/{rel}","templated":true}]}}