{"id":555105,"date":"2024-08-29T00:44:23","date_gmt":"2024-08-29T04:44:23","guid":{"rendered":"https:\/\/diariodominicano.com\/?p=555105"},"modified":"2024-08-29T00:45:10","modified_gmt":"2024-08-29T04:45:10","slug":"direccion-general-servicios-penitenciarios-y-correccionales-dio-inicio-al-ano-escolar-en-centros-de-correccion-y-rehabilitacion-a-nivel-nacional","status":"publish","type":"post","link":"https:\/\/diariodominicano.com\/?p=555105","title":{"rendered":"Direcci\u00f3n General Servicios Penitenciarios y Correccionales dio inicio al a\u00f1o escolar en\u00a0 Centros\u00a0 de Correcci\u00f3n\u00a0 y Rehabilitaci\u00f3n\u00a0 a nivel nacional"},"content":{"rendered":"\n<p><em><u>Para este nuevo a\u00f1o&nbsp; se cuenta con una&nbsp; matr\u00edcula&nbsp; de 7,392 privados de libertad,&nbsp; de un total de 25,087, que hay hasta la fecha en todos los centros a nivel nacional, representando un 29.46% de la poblaci\u00f3n insertada en los programas de educaci\u00f3n formal<\/u><\/em><\/p>\n\n\n\n<p><strong>Santo Domingo (R.D.), mi\u00e9rcoles, 28 de agosto de 2024.<\/strong>&nbsp;La Direcci\u00f3n&nbsp;&nbsp; General de Servicios Penitenciarios y Correccionales (DGSPC) dio inicio al a\u00f1o escolar 2024-2025 en&nbsp; todos&nbsp; los centros&nbsp; de privaci\u00f3n&nbsp; de libertad&nbsp; a nivel&nbsp; nacional, utilizando como&nbsp; sede&nbsp; el&nbsp; Centro de Correcci\u00f3n&nbsp; y&nbsp; Rehabilitaci\u00f3n (CCR-14)&nbsp; de&nbsp; Anamuya,&nbsp;&nbsp; en&nbsp; Hig\u00fcey, para dejar formalmente inauguradas las actividades escolares.<\/p>\n\n\n\n<p><\/p>\n\n\n\n<figure class=\"wp-block-gallery has-nested-images columns-default is-cropped wp-block-gallery-1 is-layout-flex wp-block-gallery-is-layout-flex\">\n<figure class=\"wp-block-image size-large\"><img loading=\"lazy\" decoding=\"async\" width=\"1024\" height=\"576\" data-id=\"555119\" src=\"https:\/\/diariodominicano.com\/wp-content\/uploads\/2024\/08\/Direccion-General-Servicios-Penitenciarios-y-Correccionales-dio-inicio-al-ano-escolar-en-Centros-de-Correccion-y-Rehabilitacion-a-nivel-nacional-1024x576.jpg\" alt=\"\" class=\"wp-image-555119\" srcset=\"https:\/\/diariodominicano.com\/wp-content\/uploads\/2024\/08\/Direccion-General-Servicios-Penitenciarios-y-Correccionales-dio-inicio-al-ano-escolar-en-Centros-de-Correccion-y-Rehabilitacion-a-nivel-nacional-1024x576.jpg 1024w, https:\/\/diariodominicano.com\/wp-content\/uploads\/2024\/08\/Direccion-General-Servicios-Penitenciarios-y-Correccionales-dio-inicio-al-ano-escolar-en-Centros-de-Correccion-y-Rehabilitacion-a-nivel-nacional-300x169.jpg 300w, https:\/\/diariodominicano.com\/wp-content\/uploads\/2024\/08\/Direccion-General-Servicios-Penitenciarios-y-Correccionales-dio-inicio-al-ano-escolar-en-Centros-de-Correccion-y-Rehabilitacion-a-nivel-nacional-768x432.jpg 768w, https:\/\/diariodominicano.com\/wp-content\/uploads\/2024\/08\/Direccion-General-Servicios-Penitenciarios-y-Correccionales-dio-inicio-al-ano-escolar-en-Centros-de-Correccion-y-Rehabilitacion-a-nivel-nacional-1536x864.jpg 1536w, https:\/\/diariodominicano.com\/wp-content\/uploads\/2024\/08\/Direccion-General-Servicios-Penitenciarios-y-Correccionales-dio-inicio-al-ano-escolar-en-Centros-de-Correccion-y-Rehabilitacion-a-nivel-nacional-2048x1153.jpg 2048w, https:\/\/diariodominicano.com\/wp-content\/uploads\/2024\/08\/Direccion-General-Servicios-Penitenciarios-y-Correccionales-dio-inicio-al-ano-escolar-en-Centros-de-Correccion-y-Rehabilitacion-a-nivel-nacional-816x459.jpg 816w\" sizes=\"auto, (max-width: 1024px) 100vw, 1024px\" \/><\/figure>\n<\/figure>\n\n\n\n<p>Para este nuevo a\u00f1o&nbsp; se cuenta con una&nbsp; matr\u00edcula&nbsp; de 7,392 privados de libertad,&nbsp; de un total de 25,087 internos que hay hasta la fecha en todos los centros a nivel nacional, lo que representa un 29.46% de la poblaci\u00f3n insertada en los programas de educaci\u00f3n formal,&nbsp; que incluyen&nbsp; la Alfabetizaci\u00f3n, Educaci\u00f3n B\u00e1sica y Educaci\u00f3n Secundaria para Adultos PREPARA, implementados en los centros penitenciarios.<\/p>\n\n\n\n<p>En una nota&nbsp; informativa, emitida&nbsp; por&nbsp; la&nbsp; DGSPC,&nbsp; se explica&nbsp; que este&nbsp; proceso educativo&nbsp;&nbsp; es&nbsp; llevado a cabo&nbsp; por el Ministerio de Educaci\u00f3n (Minerd), cuyo n\u00famero tiene tendencia a incrementar, seg\u00fan transcurran los d\u00edas y se vayan captando m\u00e1s participantes.<\/p>\n\n\n\n<figure class=\"wp-block-gallery has-nested-images columns-default is-cropped wp-block-gallery-2 is-layout-flex wp-block-gallery-is-layout-flex\">\n<figure class=\"wp-block-image size-large\"><img loading=\"lazy\" decoding=\"async\" width=\"1024\" height=\"576\" data-id=\"555118\" src=\"https:\/\/diariodominicano.com\/wp-content\/uploads\/2024\/08\/Direccion-General-Servicios-Penitenciarios-y-Correccionales-dio-inicio-al-ano-escolar-Centros-Correccion-y-Rehabilitacion-a-nivel-nacional-1024x576.jpg\" alt=\"\" class=\"wp-image-555118\" srcset=\"https:\/\/diariodominicano.com\/wp-content\/uploads\/2024\/08\/Direccion-General-Servicios-Penitenciarios-y-Correccionales-dio-inicio-al-ano-escolar-Centros-Correccion-y-Rehabilitacion-a-nivel-nacional-1024x576.jpg 1024w, https:\/\/diariodominicano.com\/wp-content\/uploads\/2024\/08\/Direccion-General-Servicios-Penitenciarios-y-Correccionales-dio-inicio-al-ano-escolar-Centros-Correccion-y-Rehabilitacion-a-nivel-nacional-300x169.jpg 300w, https:\/\/diariodominicano.com\/wp-content\/uploads\/2024\/08\/Direccion-General-Servicios-Penitenciarios-y-Correccionales-dio-inicio-al-ano-escolar-Centros-Correccion-y-Rehabilitacion-a-nivel-nacional-768x432.jpg 768w, https:\/\/diariodominicano.com\/wp-content\/uploads\/2024\/08\/Direccion-General-Servicios-Penitenciarios-y-Correccionales-dio-inicio-al-ano-escolar-Centros-Correccion-y-Rehabilitacion-a-nivel-nacional-1536x865.jpg 1536w, https:\/\/diariodominicano.com\/wp-content\/uploads\/2024\/08\/Direccion-General-Servicios-Penitenciarios-y-Correccionales-dio-inicio-al-ano-escolar-Centros-Correccion-y-Rehabilitacion-a-nivel-nacional-2048x1153.jpg 2048w, https:\/\/diariodominicano.com\/wp-content\/uploads\/2024\/08\/Direccion-General-Servicios-Penitenciarios-y-Correccionales-dio-inicio-al-ano-escolar-Centros-Correccion-y-Rehabilitacion-a-nivel-nacional-816x459.jpg 816w\" sizes=\"auto, (max-width: 1024px) 100vw, 1024px\" \/><\/figure>\n<\/figure>\n\n\n\n<p>La nota destaca que con ello se da fiel cumplimiento al art\u00edculo 40 de la Constituci\u00f3n de la Rep\u00fablica, literal 16: que establece \u201cque las penas privativas de libertad y las medidas de seguridad estar\u00e1n orientadas hacia la reeducaci\u00f3n y reinserci\u00f3n social de las personas\u201d, as\u00ed como tambi\u00e9n al art\u00edculo 63 sobre Derecho a la Educaci\u00f3n, el cual expresa que \u201ctoda persona tiene derecho a una educaci\u00f3n integral, de calidad, permanente, en igualdad de condiciones y oportunidades, sin m\u00e1s limitaciones que las derivadas de sus aptitudes, vocaci\u00f3n y aspiraciones.<\/p>\n\n\n\n<figure class=\"wp-block-gallery has-nested-images columns-default is-cropped wp-block-gallery-3 is-layout-flex wp-block-gallery-is-layout-flex\">\n<figure class=\"wp-block-image size-large\"><img loading=\"lazy\" decoding=\"async\" width=\"1024\" height=\"576\" data-id=\"555120\" src=\"https:\/\/diariodominicano.com\/wp-content\/uploads\/2024\/08\/Direccion-General-Servicios-Penitenciarios-y-Correccionales-dio-inicio-al-ano-escolar-en-Centros-de-Correccion-y-Rehabilitacion-nivel-nacional-1024x576.jpg\" alt=\"\" class=\"wp-image-555120\" srcset=\"https:\/\/diariodominicano.com\/wp-content\/uploads\/2024\/08\/Direccion-General-Servicios-Penitenciarios-y-Correccionales-dio-inicio-al-ano-escolar-en-Centros-de-Correccion-y-Rehabilitacion-nivel-nacional-1024x576.jpg 1024w, https:\/\/diariodominicano.com\/wp-content\/uploads\/2024\/08\/Direccion-General-Servicios-Penitenciarios-y-Correccionales-dio-inicio-al-ano-escolar-en-Centros-de-Correccion-y-Rehabilitacion-nivel-nacional-300x169.jpg 300w, https:\/\/diariodominicano.com\/wp-content\/uploads\/2024\/08\/Direccion-General-Servicios-Penitenciarios-y-Correccionales-dio-inicio-al-ano-escolar-en-Centros-de-Correccion-y-Rehabilitacion-nivel-nacional-768x432.jpg 768w, https:\/\/diariodominicano.com\/wp-content\/uploads\/2024\/08\/Direccion-General-Servicios-Penitenciarios-y-Correccionales-dio-inicio-al-ano-escolar-en-Centros-de-Correccion-y-Rehabilitacion-nivel-nacional-1536x864.jpg 1536w, https:\/\/diariodominicano.com\/wp-content\/uploads\/2024\/08\/Direccion-General-Servicios-Penitenciarios-y-Correccionales-dio-inicio-al-ano-escolar-en-Centros-de-Correccion-y-Rehabilitacion-nivel-nacional-2048x1153.jpg 2048w, https:\/\/diariodominicano.com\/wp-content\/uploads\/2024\/08\/Direccion-General-Servicios-Penitenciarios-y-Correccionales-dio-inicio-al-ano-escolar-en-Centros-de-Correccion-y-Rehabilitacion-nivel-nacional-816x459.jpg 816w\" sizes=\"auto, (max-width: 1024px) 100vw, 1024px\" \/><\/figure>\n<\/figure>\n\n\n\n<p>El director&nbsp; de la Direcci\u00f3n&nbsp;&nbsp; General de Servicios Penitenciarios y Correccionales, coronel&nbsp; Roberto Hern\u00e1ndez Basilio, destac\u00f3 que actualmente cuentan con&nbsp; unos 50 c\u00f3digos educativos de Educaci\u00f3n B\u00e1sica, 20 c\u00f3digos de Educaci\u00f3n Secundaria PREPARA y 1 c\u00f3digo de escuela laboral en el CCR San Pedro de Macor\u00eds, el cual inici\u00f3 como plan piloto y que se sumar\u00e1 a otros 17 c\u00f3digos laborales que fueron aprobados por el Minerd.<\/p>\n\n\n\n<p>Hern\u00e1ndez Basilio sostuvo que esos logros se deben a los acuerdos&nbsp; interinstitucionales&nbsp; de la&nbsp; DGSPC&nbsp; con el Ministerio de Educaci\u00f3n, lo cual se ha extendido&nbsp; a las&nbsp; universidades en las&nbsp; cuales&nbsp; los&nbsp; privados&nbsp; de libertad&nbsp; cursan&nbsp; sus&nbsp;&nbsp; carreras&nbsp; universitarias.<\/p>\n\n\n\n<figure class=\"wp-block-gallery has-nested-images columns-default is-cropped wp-block-gallery-4 is-layout-flex wp-block-gallery-is-layout-flex\">\n<figure class=\"wp-block-image size-large\"><img loading=\"lazy\" decoding=\"async\" width=\"1024\" height=\"576\" data-id=\"555121\" src=\"https:\/\/diariodominicano.com\/wp-content\/uploads\/2024\/08\/Direccion-General-Servicios-Penitenciarios-y-Correccionales-dio-inicio-al-ano-escolar-en-Centros-Correccion-y-Rehabilitacion-a-nivel-nacional-1024x576.jpg\" alt=\"\" class=\"wp-image-555121\" srcset=\"https:\/\/diariodominicano.com\/wp-content\/uploads\/2024\/08\/Direccion-General-Servicios-Penitenciarios-y-Correccionales-dio-inicio-al-ano-escolar-en-Centros-Correccion-y-Rehabilitacion-a-nivel-nacional-1024x576.jpg 1024w, https:\/\/diariodominicano.com\/wp-content\/uploads\/2024\/08\/Direccion-General-Servicios-Penitenciarios-y-Correccionales-dio-inicio-al-ano-escolar-en-Centros-Correccion-y-Rehabilitacion-a-nivel-nacional-300x169.jpg 300w, https:\/\/diariodominicano.com\/wp-content\/uploads\/2024\/08\/Direccion-General-Servicios-Penitenciarios-y-Correccionales-dio-inicio-al-ano-escolar-en-Centros-Correccion-y-Rehabilitacion-a-nivel-nacional-768x432.jpg 768w, https:\/\/diariodominicano.com\/wp-content\/uploads\/2024\/08\/Direccion-General-Servicios-Penitenciarios-y-Correccionales-dio-inicio-al-ano-escolar-en-Centros-Correccion-y-Rehabilitacion-a-nivel-nacional-1536x864.jpg 1536w, https:\/\/diariodominicano.com\/wp-content\/uploads\/2024\/08\/Direccion-General-Servicios-Penitenciarios-y-Correccionales-dio-inicio-al-ano-escolar-en-Centros-Correccion-y-Rehabilitacion-a-nivel-nacional-2048x1153.jpg 2048w, https:\/\/diariodominicano.com\/wp-content\/uploads\/2024\/08\/Direccion-General-Servicios-Penitenciarios-y-Correccionales-dio-inicio-al-ano-escolar-en-Centros-Correccion-y-Rehabilitacion-a-nivel-nacional-816x459.jpg 816w\" sizes=\"auto, (max-width: 1024px) 100vw, 1024px\" \/><\/figure>\n\n\n\n<figure class=\"wp-block-image size-large\"><img loading=\"lazy\" decoding=\"async\" width=\"1024\" height=\"576\" data-id=\"555122\" src=\"https:\/\/diariodominicano.com\/wp-content\/uploads\/2024\/08\/Direccion-General-Servicios-Penitenciarios-y-Correccionales-dio-inicio-al-ano-escolar-en-Centros-Correccion-y-Rehabilitacion-nivel-nacional-1024x576.jpg\" alt=\"\" class=\"wp-image-555122\" srcset=\"https:\/\/diariodominicano.com\/wp-content\/uploads\/2024\/08\/Direccion-General-Servicios-Penitenciarios-y-Correccionales-dio-inicio-al-ano-escolar-en-Centros-Correccion-y-Rehabilitacion-nivel-nacional-1024x576.jpg 1024w, https:\/\/diariodominicano.com\/wp-content\/uploads\/2024\/08\/Direccion-General-Servicios-Penitenciarios-y-Correccionales-dio-inicio-al-ano-escolar-en-Centros-Correccion-y-Rehabilitacion-nivel-nacional-300x169.jpg 300w, https:\/\/diariodominicano.com\/wp-content\/uploads\/2024\/08\/Direccion-General-Servicios-Penitenciarios-y-Correccionales-dio-inicio-al-ano-escolar-en-Centros-Correccion-y-Rehabilitacion-nivel-nacional-768x432.jpg 768w, https:\/\/diariodominicano.com\/wp-content\/uploads\/2024\/08\/Direccion-General-Servicios-Penitenciarios-y-Correccionales-dio-inicio-al-ano-escolar-en-Centros-Correccion-y-Rehabilitacion-nivel-nacional-1536x864.jpg 1536w, https:\/\/diariodominicano.com\/wp-content\/uploads\/2024\/08\/Direccion-General-Servicios-Penitenciarios-y-Correccionales-dio-inicio-al-ano-escolar-en-Centros-Correccion-y-Rehabilitacion-nivel-nacional-2048x1153.jpg 2048w, https:\/\/diariodominicano.com\/wp-content\/uploads\/2024\/08\/Direccion-General-Servicios-Penitenciarios-y-Correccionales-dio-inicio-al-ano-escolar-en-Centros-Correccion-y-Rehabilitacion-nivel-nacional-816x459.jpg 816w\" sizes=\"auto, (max-width: 1024px) 100vw, 1024px\" \/><\/figure>\n<\/figure>\n\n\n\n<p>Esta actividad se llev\u00f3 a cabo de manera simult\u00e1nea en todos los centros penitenciarios, teniendo como sede o centro anfitri\u00f3n para el acto central de la Direcci\u00f3n General de Servicios Penitenciarios y Correccionales, el Centro de Correcci\u00f3n y Rehabilitaci\u00f3n Anamuya, de Hig\u00fcey, provincia La Altagracia.<\/p>\n\n\n\n<p>Durante el acto se realiz\u00f3 el izamiento de la Bandera, charlas, desfiles y presentaciones art\u00edsticas, entre otras actividades alusivas, que sirven de motivaci\u00f3n a la poblaci\u00f3n privada de libertad para que puedan integrarse satisfactoriamente en los programas de Educaci\u00f3n.<\/p>\n\n\n\n<p>Frania Navarro, subdirectora nacional de Asistencia&nbsp; y Tratamiento, resalt\u00f3&nbsp; la labor&nbsp; tanto de los&nbsp; internos&nbsp; como de los&nbsp; maestros de&nbsp; cada uno de los centros.&nbsp; \u201cFue enf\u00e1tica en se\u00f1alar: \u201cque el \u00e9xito del programa educativo&nbsp; en los&nbsp; centros&nbsp; se debe&nbsp; al esfuerzo que realizan cada uno de ellos\u201d.<\/p>\n\n\n\n<p>Al&nbsp; acto inaugural&nbsp;&nbsp; asistieron&nbsp; las&nbsp; autoridades&nbsp;&nbsp; de&nbsp; la provincia, la gobernadora provincial Martina&nbsp; Pep\u00e9n y&nbsp; el vicealcalde Pablo&nbsp; \u00c1vila,&nbsp; as\u00ed como&nbsp; los&nbsp; directores&nbsp;&nbsp; y representantes de los&nbsp; diferentes&nbsp; distritos&nbsp; educativos&nbsp; de esa&nbsp; demarcaci\u00f3n.<\/p>\n","protected":false},"excerpt":{"rendered":"<p>Para este nuevo a\u00f1o&nbsp; se cuenta con una&nbsp; matr\u00edcula&nbsp; de 7,392 privados de libertad,&nbsp; de un total de 25,087, que hay hasta la fecha en todos los centros a nivel nacional, representando un 29.46% de la poblaci\u00f3n insertada en los programas de educaci\u00f3n formal Santo Domingo (R.D.), mi\u00e9rcoles, 28 de agosto de 2024.&nbsp;La Direcci\u00f3n&nbsp;&nbsp; General [&hellip;]<\/p>\n","protected":false},"author":7,"featured_media":555117,"comment_status":"closed","ping_status":"closed","sticky":false,"template":"","format":"standard","meta":{"footnotes":""},"categories":[24],"tags":[],"class_list":["post-555105","post","type-post","status-publish","format-standard","has-post-thumbnail","hentry","category-justicia-y-derecho"],"_links":{"self":[{"href":"https:\/\/diariodominicano.com\/index.php?rest_route=\/wp\/v2\/posts\/555105","targetHints":{"allow":["GET"]}}],"collection":[{"href":"https:\/\/diariodominicano.com\/index.php?rest_route=\/wp\/v2\/posts"}],"about":[{"href":"https:\/\/diariodominicano.com\/index.php?rest_route=\/wp\/v2\/types\/post"}],"author":[{"embeddable":true,"href":"https:\/\/diariodominicano.com\/index.php?rest_route=\/wp\/v2\/users\/7"}],"replies":[{"embeddable":true,"href":"https:\/\/diariodominicano.com\/index.php?rest_route=%2Fwp%2Fv2%2Fcomments&post=555105"}],"version-history":[{"count":1,"href":"https:\/\/diariodominicano.com\/index.php?rest_route=\/wp\/v2\/posts\/555105\/revisions"}],"predecessor-version":[{"id":555130,"href":"https:\/\/diariodominicano.com\/index.php?rest_route=\/wp\/v2\/posts\/555105\/revisions\/555130"}],"wp:featuredmedia":[{"embeddable":true,"href":"https:\/\/diariodominicano.com\/index.php?rest_route=\/wp\/v2\/media\/555117"}],"wp:attachment":[{"href":"https:\/\/diariodominicano.com\/index.php?rest_route=%2Fwp%2Fv2%2Fmedia&parent=555105"}],"wp:term":[{"taxonomy":"category","embeddable":true,"href":"https:\/\/diariodominicano.com\/index.php?rest_route=%2Fwp%2Fv2%2Fcategories&post=555105"},{"taxonomy":"post_tag","embeddable":true,"href":"https:\/\/diariodominicano.com\/index.php?rest_route=%2Fwp%2Fv2%2Ftags&post=555105"}],"curies":[{"name":"wp","href":"https:\/\/api.w.org\/{rel}","templated":true}]}}