{"id":555011,"date":"2024-08-28T16:53:51","date_gmt":"2024-08-28T20:53:51","guid":{"rendered":"https:\/\/diariodominicano.com\/?p=555011"},"modified":"2024-08-28T16:53:53","modified_gmt":"2024-08-28T20:53:53","slug":"fiscalia-obtiene-condena-de-20-anos-de-prision-en-contra-de-camionero-que-secuestro-y-violo-sexualmente-adolescente-de-15-anos","status":"publish","type":"post","link":"https:\/\/diariodominicano.com\/?p=555011","title":{"rendered":"Fiscal\u00eda\u00a0obtiene\u00a0condena\u00a0de\u00a020\u00a0a\u00f1os\u00a0de\u00a0prisi\u00f3n\u00a0en\u00a0contra\u00a0de\u00a0camionero\u00a0que secuestr\u00f3 y viol\u00f3 sexualmente adolescente de 15\u00a0a\u00f1os"},"content":{"rendered":"\n<p><strong>SANTO DOMINGO ESTE (Rep\u00fablica Dominicana).<\/strong>&#8211; El Ministerio P\u00fablico de Santo Domingo Este y Norte logr\u00f3 que un tribunal de esta jurisdicci\u00f3n dictara una&nbsp;condena&nbsp;de&nbsp;20&nbsp;a\u00f1os&nbsp;de&nbsp;prisi\u00f3n&nbsp;contra&nbsp;un&nbsp;camionero&nbsp;que secuestr\u00f3 a una adolescente de 15&nbsp;a\u00f1os&nbsp;de edad, de la cual abus\u00f3 sexualmente, en un hecho ocurrido en el a\u00f1o 2023.<\/p>\n\n\n\n<p>La&nbsp;condena&nbsp;le fue impuesta por el Primer Tribunal Colegiado de este distrito judicial, que integran los jueces Esperanza Rodr\u00edguez Espinal, Flor E. Batista Polo y Jos\u00e9 Leonel Asencio Quezada, en&nbsp;contra&nbsp;de Fausto Abreu Vicioso, por los hechos cometidos en perjuicio de la adolescente, de quien se omite su nombre para proteger su integridad.<\/p>\n\n\n\n<p>Durante el juicio, el Ministerio P\u00fablico, representado por los fiscales litigantes los fiscales Evelyn Pe\u00f1a y Alexis Casado, mostraron al tribunal elementos probatorios que demuestran que el hoy procesado violent\u00f3 los art\u00edculos 330, 331, 333 del C\u00f3digo Penal Dominicano, modificado por la Ley 24-97 sobre Violencia Intrafamiliar de G\u00e9nero, que tipifican y sancionan la Violaci\u00f3n Sexual.<\/p>\n\n\n\n<p>Los representantes del \u00f3rgano persecutor tambi\u00e9n demostraron que el hoy procesado falt\u00f3 a los art\u00edculos 12, 13, 14, 15, 16, 17, 18 y 396 de la Ley 136-03 sobre el C\u00f3digo para el Sistema de Protecci\u00f3n y los Derechos Fundamentales de Ni\u00f1os, Ni\u00f1as y Adolescentes.<\/p>\n\n\n\n<p>El expediente instrumentado por el fiscal investigador C\u00e9sar Payano, revela que el suceso ocurri\u00f3 en junio del a\u00f1o 2023, luego de que la v\u00edctima se desorientara al caminar por la avenida Espa\u00f1a y solicit\u00f3 ayuda al agresor, quien, ante la situaci\u00f3n de vulnerabilidad de la adolescente, la llev\u00f3 consigo, la viol\u00f3 sexualmente y la mantuvo secuestrada hasta que fue rescatada.<\/p>\n\n\n\n<p>Las agresiones, que fueron narradas a las autoridades por la v\u00edctima, fueron constatadas y probadas en la evaluaci\u00f3n realizada por una ginec\u00f3loga forense del Instituto Nacional de Ciencias Forenses (INACIF).<\/p>\n\n\n\n<p>Por el hecho, los jueces determinaron que el procesado cumpla la&nbsp;condena&nbsp;en la Penitenciar\u00eda Nacional de La Victoria.<\/p>\n\n\n\n<p>.<\/p>\n\n\n\n<p><strong>Direcci\u00f3n General de Comunicaci\u00f3n, Prensa, y RRPP<\/strong><strong><\/strong><\/p>\n\n\n\n<p>Ministerio P\u00fablico.&nbsp;R.D.<\/p>\n","protected":false},"excerpt":{"rendered":"<p>SANTO DOMINGO ESTE (Rep\u00fablica Dominicana).&#8211; El Ministerio P\u00fablico de Santo Domingo Este y Norte logr\u00f3 que un tribunal de esta jurisdicci\u00f3n dictara una&nbsp;condena&nbsp;de&nbsp;20&nbsp;a\u00f1os&nbsp;de&nbsp;prisi\u00f3n&nbsp;contra&nbsp;un&nbsp;camionero&nbsp;que secuestr\u00f3 a una adolescente de 15&nbsp;a\u00f1os&nbsp;de edad, de la cual abus\u00f3 sexualmente, en un hecho ocurrido en el a\u00f1o 2023. La&nbsp;condena&nbsp;le fue impuesta por el Primer Tribunal Colegiado de este distrito judicial, [&hellip;]<\/p>\n","protected":false},"author":7,"featured_media":495896,"comment_status":"closed","ping_status":"closed","sticky":false,"template":"","format":"standard","meta":{"footnotes":""},"categories":[24],"tags":[],"class_list":["post-555011","post","type-post","status-publish","format-standard","has-post-thumbnail","hentry","category-justicia-y-derecho"],"_links":{"self":[{"href":"https:\/\/diariodominicano.com\/index.php?rest_route=\/wp\/v2\/posts\/555011","targetHints":{"allow":["GET"]}}],"collection":[{"href":"https:\/\/diariodominicano.com\/index.php?rest_route=\/wp\/v2\/posts"}],"about":[{"href":"https:\/\/diariodominicano.com\/index.php?rest_route=\/wp\/v2\/types\/post"}],"author":[{"embeddable":true,"href":"https:\/\/diariodominicano.com\/index.php?rest_route=\/wp\/v2\/users\/7"}],"replies":[{"embeddable":true,"href":"https:\/\/diariodominicano.com\/index.php?rest_route=%2Fwp%2Fv2%2Fcomments&post=555011"}],"version-history":[{"count":2,"href":"https:\/\/diariodominicano.com\/index.php?rest_route=\/wp\/v2\/posts\/555011\/revisions"}],"predecessor-version":[{"id":555027,"href":"https:\/\/diariodominicano.com\/index.php?rest_route=\/wp\/v2\/posts\/555011\/revisions\/555027"}],"wp:featuredmedia":[{"embeddable":true,"href":"https:\/\/diariodominicano.com\/index.php?rest_route=\/wp\/v2\/media\/495896"}],"wp:attachment":[{"href":"https:\/\/diariodominicano.com\/index.php?rest_route=%2Fwp%2Fv2%2Fmedia&parent=555011"}],"wp:term":[{"taxonomy":"category","embeddable":true,"href":"https:\/\/diariodominicano.com\/index.php?rest_route=%2Fwp%2Fv2%2Fcategories&post=555011"},{"taxonomy":"post_tag","embeddable":true,"href":"https:\/\/diariodominicano.com\/index.php?rest_route=%2Fwp%2Fv2%2Ftags&post=555011"}],"curies":[{"name":"wp","href":"https:\/\/api.w.org\/{rel}","templated":true}]}}