{"id":554857,"date":"2024-08-27T21:39:05","date_gmt":"2024-08-28T01:39:05","guid":{"rendered":"https:\/\/diariodominicano.com\/?p=554857"},"modified":"2024-08-27T21:41:54","modified_gmt":"2024-08-28T01:41:54","slug":"ee-uu-reconoce-ingreso-de-ecuador-al-foro-de-asociacion-para-la-seguridad-mineral","status":"publish","type":"post","link":"https:\/\/diariodominicano.com\/?p=554857","title":{"rendered":"EE.UU. reconoce ingreso de Ecuador al Foro de Asociaci\u00f3n para la Seguridad Mineral"},"content":{"rendered":"\n<p>Jos\u00e9 W. Fern\u00e1ndez<\/p>\n\n\n\n<p>El Subsecretario de Estado para Crecimiento Econ\u00f3mico, Energ\u00eda y Medio Ambiente, Jos\u00e9 W. Fern\u00e1ndez, el Embajador de los Estados Unidos en Ecuador, Art Brown, y el Ministro de Energ\u00eda y Minas de Ecuador, Antonio Gon\u00e7alves, marcaron el ingreso de Ecuador al Foro de la Asociaci\u00f3n de Seguridad Mineral (MSP) durante la visita del Subsecretario a Quito el 27 de agosto, inform\u00f3 la Oficina del Portavoz del Departamento de Estado.<\/p>\n\n\n\n<p>El subsecretario Fern\u00e1ndez destac\u00f3 el importante papel que desempe\u00f1a Ecuador en la creaci\u00f3n de cadenas globales de suministro de minerales cr\u00edticos. La decisi\u00f3n de unirse al Foro MSP ampliar\u00e1 la cooperaci\u00f3n entre Ecuador, Estados Unidos y todos los socios del MSP y los pa\u00edses del Foro MSP para promover el comercio en toda la cadena de valor, desde la exploraci\u00f3n, la extracci\u00f3n, el procesamiento y la refinaci\u00f3n hasta el reciclaje y la recuperaci\u00f3n.<\/p>\n\n\n\n<p>El Subsecretario Fern\u00e1ndez tambi\u00e9n anunci\u00f3 dos eventos presenciales relacionados con la MSP durante la Asamblea General de las Naciones Unidas en septiembre, que permitir\u00e1n a Ecuador conectarse con socios de la MSP, otros miembros del Foro MSP e instituciones financieras del sector p\u00fablico y privado para compartir informaci\u00f3n sobre las oportunidades y el crecimiento del sector minero.<\/p>\n\n\n\n<p>En una ampliaci\u00f3n del compromiso de la MSP con los pa\u00edses productores de minerales, el Secretario de Estado Antony J. Blinken y el Vicepresidente Ejecutivo de la Comisi\u00f3n Europea Valdis Dombrovskis pusieron en marcha el Foro de la MSP en abril de 2024 para profundizar la asociaci\u00f3n de la MSP con los pa\u00edses productores de minerales comprometidos con altos principios ambientales, sociales y de gobernanza y dispuestos a promover un di\u00e1logo y una cooperaci\u00f3n mutuamente beneficiosos sobre minerales cr\u00edticos. <\/p>\n\n\n\n<p>Los miembros del Foro de la MSP est\u00e1n trabajando juntos para desarrollar proyectos individuales y promover un di\u00e1logo sobre pol\u00edticas que contribuyan a la diversificaci\u00f3n y la resiliencia de las cadenas de suministro.<\/p>\n\n\n\n<p>U.S. Department of State<\/p>\n\n\n\n<p>U.S. Department of State ()<\/p>\n\n\n\n<p><a target=\"_blank\" href=\"mailto:usstatebpa@public.govdelivery.com\" rel=\"noreferrer noopener\">usstatebpa@public.govdeliv<\/a><\/p>\n\n\n\n<p>27\/08\/2024 15:29 EDT<\/p>\n\n\n\n<p><\/p>\n","protected":false},"excerpt":{"rendered":"<p>Jos\u00e9 W. Fern\u00e1ndez El Subsecretario de Estado para Crecimiento Econ\u00f3mico, Energ\u00eda y Medio Ambiente, Jos\u00e9 W. Fern\u00e1ndez, el Embajador de los Estados Unidos en Ecuador, Art Brown, y el Ministro de Energ\u00eda y Minas de Ecuador, Antonio Gon\u00e7alves, marcaron el ingreso de Ecuador al Foro de la Asociaci\u00f3n de Seguridad Mineral (MSP) durante la visita [&hellip;]<\/p>\n","protected":false},"author":28,"featured_media":554858,"comment_status":"closed","ping_status":"closed","sticky":true,"template":"","format":"standard","meta":{"footnotes":""},"categories":[18,23],"tags":[],"class_list":["post-554857","post","type-post","status-publish","format-standard","has-post-thumbnail","hentry","category-economia","category-internacional"],"_links":{"self":[{"href":"https:\/\/diariodominicano.com\/index.php?rest_route=\/wp\/v2\/posts\/554857","targetHints":{"allow":["GET"]}}],"collection":[{"href":"https:\/\/diariodominicano.com\/index.php?rest_route=\/wp\/v2\/posts"}],"about":[{"href":"https:\/\/diariodominicano.com\/index.php?rest_route=\/wp\/v2\/types\/post"}],"author":[{"embeddable":true,"href":"https:\/\/diariodominicano.com\/index.php?rest_route=\/wp\/v2\/users\/28"}],"replies":[{"embeddable":true,"href":"https:\/\/diariodominicano.com\/index.php?rest_route=%2Fwp%2Fv2%2Fcomments&post=554857"}],"version-history":[{"count":2,"href":"https:\/\/diariodominicano.com\/index.php?rest_route=\/wp\/v2\/posts\/554857\/revisions"}],"predecessor-version":[{"id":554861,"href":"https:\/\/diariodominicano.com\/index.php?rest_route=\/wp\/v2\/posts\/554857\/revisions\/554861"}],"wp:featuredmedia":[{"embeddable":true,"href":"https:\/\/diariodominicano.com\/index.php?rest_route=\/wp\/v2\/media\/554858"}],"wp:attachment":[{"href":"https:\/\/diariodominicano.com\/index.php?rest_route=%2Fwp%2Fv2%2Fmedia&parent=554857"}],"wp:term":[{"taxonomy":"category","embeddable":true,"href":"https:\/\/diariodominicano.com\/index.php?rest_route=%2Fwp%2Fv2%2Fcategories&post=554857"},{"taxonomy":"post_tag","embeddable":true,"href":"https:\/\/diariodominicano.com\/index.php?rest_route=%2Fwp%2Fv2%2Ftags&post=554857"}],"curies":[{"name":"wp","href":"https:\/\/api.w.org\/{rel}","templated":true}]}}