{"id":554674,"date":"2024-08-27T01:03:12","date_gmt":"2024-08-27T05:03:12","guid":{"rendered":"https:\/\/diariodominicano.com\/?p=554674"},"modified":"2024-08-27T02:44:00","modified_gmt":"2024-08-27T06:44:00","slug":"banco-caribe-alcanza-el-97-de-sus-sucursales-certificadas-en-seguridad-y-salud-laboral","status":"publish","type":"post","link":"https:\/\/diariodominicano.com\/?p=554674","title":{"rendered":"Banco Caribe alcanza el 97% de sus sucursales certificadas en seguridad y salud laboral"},"content":{"rendered":"\n<p>Dennis Sim\u00f3 \u00c1lvarez y Francesca Luna <\/p>\n\n\n\n<p><em><strong>Se posiciona entre las cinco entidades financieras del pa\u00eds en esta materia, tras acreditar la mayor\u00eda de su red de oficinas en solo dos a\u00f1os.<\/strong><\/em><\/p>\n\n\n\n<p><\/p>\n\n\n\n<figure class=\"wp-block-gallery has-nested-images columns-default is-cropped wp-block-gallery-1 is-layout-flex wp-block-gallery-is-layout-flex\">\n<figure class=\"wp-block-image size-large\"><img loading=\"lazy\" decoding=\"async\" width=\"1024\" height=\"683\" data-id=\"554697\" src=\"https:\/\/diariodominicano.com\/wp-content\/uploads\/2024\/08\/Orlando-Gonzalez-Nelly-Taveraz-Ramon-Estevez-y-Mirjan-Abreu-1024x683.jpg\" alt=\"\" class=\"wp-image-554697\" srcset=\"https:\/\/diariodominicano.com\/wp-content\/uploads\/2024\/08\/Orlando-Gonzalez-Nelly-Taveraz-Ramon-Estevez-y-Mirjan-Abreu-1024x683.jpg 1024w, https:\/\/diariodominicano.com\/wp-content\/uploads\/2024\/08\/Orlando-Gonzalez-Nelly-Taveraz-Ramon-Estevez-y-Mirjan-Abreu-300x200.jpg 300w, https:\/\/diariodominicano.com\/wp-content\/uploads\/2024\/08\/Orlando-Gonzalez-Nelly-Taveraz-Ramon-Estevez-y-Mirjan-Abreu-768x512.jpg 768w, https:\/\/diariodominicano.com\/wp-content\/uploads\/2024\/08\/Orlando-Gonzalez-Nelly-Taveraz-Ramon-Estevez-y-Mirjan-Abreu-1536x1024.jpg 1536w, https:\/\/diariodominicano.com\/wp-content\/uploads\/2024\/08\/Orlando-Gonzalez-Nelly-Taveraz-Ramon-Estevez-y-Mirjan-Abreu-2048x1366.jpg 2048w, https:\/\/diariodominicano.com\/wp-content\/uploads\/2024\/08\/Orlando-Gonzalez-Nelly-Taveraz-Ramon-Estevez-y-Mirjan-Abreu-816x544.jpg 816w\" sizes=\"auto, (max-width: 1024px) 100vw, 1024px\" \/><figcaption class=\"wp-element-caption\">Orlando Gonz\u00e1lez, Nelly Taveraz, Ram\u00f3n Est\u00e9vez y Mirjan Abreu <\/figcaption><\/figure>\n<\/figure>\n\n\n\n<p><strong>Santo Domingo, R.D.-<\/strong>&nbsp;El Banco Caribe se posicion\u00f3 entre las cinco entidades financieras l\u00edderes en el pa\u00eds al certificar quince nuevas sucursales en seguridad y salud en el trabajo, avaladas por el Ministerio de Trabajo, lo cual se suma a las obtenidas el a\u00f1o pasado, completando en un per\u00edodo de dos a\u00f1os el 97% de su red de oficinas.<\/p>\n\n\n\n<p>El presidente de Banco Caribe, Dennis Sim\u00f3 \u00c1lvarez, destac\u00f3 este este logro es un reflejo del compromiso de la instituci\u00f3n con el bienestar integral de sus colaboradores, y afirm\u00f3 que \u00abesta certificaci\u00f3n reafirma la determinaci\u00f3n de garantizar un ambiente laboral sano y seguro que impulse el desarrollo personal y profesional de nuestro equipo\u00bb.<\/p>\n\n\n\n<p>Precis\u00f3 que esta certificaci\u00f3n se une a otros reconocimientos recibidos por Banco Caribe, como el \u201cSello Platino\u201d, otorgado por el Ministerio de la Mujer y el Programa de las Naciones Unidas para el Desarrollo (PNUD), en materia de igualdad de g\u00e9nero, y cuatro \u201cSellos RD Incluye\u201d, por sus iniciativas de inclusi\u00f3n y diversidad.<\/p>\n\n\n\n<figure class=\"wp-block-gallery has-nested-images columns-default is-cropped wp-block-gallery-2 is-layout-flex wp-block-gallery-is-layout-flex\">\n<figure class=\"wp-block-image size-large\"><img loading=\"lazy\" decoding=\"async\" width=\"1024\" height=\"683\" data-id=\"554698\" src=\"https:\/\/diariodominicano.com\/wp-content\/uploads\/2024\/08\/Maria-Garcia-Dennis-Simo-Francesca-Luna-y-Jonathan-Genao-1024x683.jpg\" alt=\"\" class=\"wp-image-554698\" srcset=\"https:\/\/diariodominicano.com\/wp-content\/uploads\/2024\/08\/Maria-Garcia-Dennis-Simo-Francesca-Luna-y-Jonathan-Genao-1024x683.jpg 1024w, https:\/\/diariodominicano.com\/wp-content\/uploads\/2024\/08\/Maria-Garcia-Dennis-Simo-Francesca-Luna-y-Jonathan-Genao-300x200.jpg 300w, https:\/\/diariodominicano.com\/wp-content\/uploads\/2024\/08\/Maria-Garcia-Dennis-Simo-Francesca-Luna-y-Jonathan-Genao-768x512.jpg 768w, https:\/\/diariodominicano.com\/wp-content\/uploads\/2024\/08\/Maria-Garcia-Dennis-Simo-Francesca-Luna-y-Jonathan-Genao-1536x1024.jpg 1536w, https:\/\/diariodominicano.com\/wp-content\/uploads\/2024\/08\/Maria-Garcia-Dennis-Simo-Francesca-Luna-y-Jonathan-Genao-2048x1366.jpg 2048w, https:\/\/diariodominicano.com\/wp-content\/uploads\/2024\/08\/Maria-Garcia-Dennis-Simo-Francesca-Luna-y-Jonathan-Genao-816x544.jpg 816w\" sizes=\"auto, (max-width: 1024px) 100vw, 1024px\" \/><figcaption class=\"wp-element-caption\">Mar\u00eda Garc\u00eda, Dennis Sim\u00f3, Francesca Luna y Jonathan Genao <\/figcaption><\/figure>\n<\/figure>\n\n\n\n<p>De su lado, la vicepresidenta de talento y cultura de Banco Caribe, Francesca Luna, subray\u00f3 la importancia de esta certificaci\u00f3n para reducir accidentes y riesgos laborales a trav\u00e9s de un enfoque preventivo.<\/p>\n\n\n\n<p>Luna indic\u00f3 que los programas implementados desde 2017 para apoyar el desarrollo personal, profesional y familiar de los colaboradores incluyen los relacionados a paternidad y maternidad responsable, salas de lactancia certificadas por el Ministerio de Trabajo y el programa Caribe Sano, enfocado en la salud f\u00edsica, mental y financiera.<\/p>\n\n\n\n<p>Adem\u00e1s, la entidad ha fortalecido su preparaci\u00f3n ante eventos naturales mediante la formaci\u00f3n de brigadas de emergencia en todas sus sucursales y edificios administrativos. Estas brigadas est\u00e1n capacitadas en t\u00e9cnicas de evacuaci\u00f3n, contra incendios y primeros auxilios.<\/p>\n\n\n\n<p>Luna asegur\u00f3 que la seguridad y la salud son parte integral de la cultura institucional de Banco Caribe, desde la inducci\u00f3n del nuevo personal hasta el dise\u00f1o y adecuaci\u00f3n de nuevas instalaciones.<\/p>\n\n\n\n<p>La entidad tambi\u00e9n participa activamente en la revisi\u00f3n y actualizaci\u00f3n del reglamento 522-06 de seguridad y salud en el trabajo.<\/p>\n\n\n\n<p><strong>Sobre Banco Caribe<\/strong><\/p>\n\n\n\n<p>Con 19 a\u00f1os de trayectoria en banca m\u00faltiple, Banco Caribe se ha destacado por su enfoque en la innovaci\u00f3n y el servicio personalizado, ofreciendo una experiencia que supera las expectativas de sus clientes.<\/p>\n\n\n\n<p>Enver L\u00f3pez Milander &nbsp; l &nbsp;Email: <a href=\"mailto:enverolm@gmail.com\" target=\"_blank\" rel=\"noreferrer noopener\">enverolm@gmail.com<\/a><\/p>\n\n\n\n<p><strong>Pies de las fotos:<\/strong><\/p>\n\n\n\n<p><strong>Foto 1:<\/strong><\/p>\n\n\n\n<p>Dennis Sim\u00f3 \u00c1lvarez y Francesca Luna.<\/p>\n\n\n\n<p><strong>Foto 2:<\/strong><\/p>\n\n\n\n<p>Orlando Gonz\u00e1lez, Nelly Taveraz, Ram\u00f3n Est\u00e9vez y Mirjan Abreu.<\/p>\n\n\n\n<p><strong>Foto 3:<\/strong><\/p>\n\n\n\n<p>Mar\u00eda Garc\u00eda, Dennis Sim\u00f3, Francesca Luna y Jonathan Genao.<\/p>\n\n\n\n<p>* * * * * * * * * * * * * * * *<\/p>\n\n\n\n<p>Info adicional y contacto medios:<\/p>\n\n\n\n<p>Enver L\u00f3pez Milander &nbsp; l &nbsp;Email: &nbsp;<a href=\"mailto:enverolm@gmail.com\" target=\"_blank\" rel=\"noreferrer noopener\">enverolm@gmail.com<\/a>&nbsp;&nbsp; <\/p>\n","protected":false},"excerpt":{"rendered":"<p>Dennis Sim\u00f3 \u00c1lvarez y Francesca Luna Se posiciona entre las cinco entidades financieras del pa\u00eds en esta materia, tras acreditar la mayor\u00eda de su red de oficinas en solo dos a\u00f1os. Santo Domingo, R.D.-&nbsp;El Banco Caribe se posicion\u00f3 entre las cinco entidades financieras l\u00edderes en el pa\u00eds al certificar quince nuevas sucursales en seguridad y [&hellip;]<\/p>\n","protected":false},"author":28,"featured_media":554699,"comment_status":"closed","ping_status":"closed","sticky":true,"template":"","format":"standard","meta":{"footnotes":""},"categories":[36,18],"tags":[],"class_list":["post-554674","post","type-post","status-publish","format-standard","has-post-thumbnail","hentry","category-hombresmujeresycosas","category-economia"],"_links":{"self":[{"href":"https:\/\/diariodominicano.com\/index.php?rest_route=\/wp\/v2\/posts\/554674","targetHints":{"allow":["GET"]}}],"collection":[{"href":"https:\/\/diariodominicano.com\/index.php?rest_route=\/wp\/v2\/posts"}],"about":[{"href":"https:\/\/diariodominicano.com\/index.php?rest_route=\/wp\/v2\/types\/post"}],"author":[{"embeddable":true,"href":"https:\/\/diariodominicano.com\/index.php?rest_route=\/wp\/v2\/users\/28"}],"replies":[{"embeddable":true,"href":"https:\/\/diariodominicano.com\/index.php?rest_route=%2Fwp%2Fv2%2Fcomments&post=554674"}],"version-history":[{"count":7,"href":"https:\/\/diariodominicano.com\/index.php?rest_route=\/wp\/v2\/posts\/554674\/revisions"}],"predecessor-version":[{"id":554730,"href":"https:\/\/diariodominicano.com\/index.php?rest_route=\/wp\/v2\/posts\/554674\/revisions\/554730"}],"wp:featuredmedia":[{"embeddable":true,"href":"https:\/\/diariodominicano.com\/index.php?rest_route=\/wp\/v2\/media\/554699"}],"wp:attachment":[{"href":"https:\/\/diariodominicano.com\/index.php?rest_route=%2Fwp%2Fv2%2Fmedia&parent=554674"}],"wp:term":[{"taxonomy":"category","embeddable":true,"href":"https:\/\/diariodominicano.com\/index.php?rest_route=%2Fwp%2Fv2%2Fcategories&post=554674"},{"taxonomy":"post_tag","embeddable":true,"href":"https:\/\/diariodominicano.com\/index.php?rest_route=%2Fwp%2Fv2%2Ftags&post=554674"}],"curies":[{"name":"wp","href":"https:\/\/api.w.org\/{rel}","templated":true}]}}