{"id":554550,"date":"2024-08-26T22:02:57","date_gmt":"2024-08-27T02:02:57","guid":{"rendered":"https:\/\/diariodominicano.com\/?p=554550"},"modified":"2024-08-26T22:08:22","modified_gmt":"2024-08-27T02:08:22","slug":"premios-a-la-moda-dominicana-2024","status":"publish","type":"post","link":"https:\/\/diariodominicano.com\/?p=554550","title":{"rendered":"Premios a la Moda Dominicana 2024"},"content":{"rendered":"\n<p><strong>Esta tercera edici\u00f3n se realizar\u00e1 el 25 de septiembre en el Hotel Jaragua<\/strong><\/p>\n\n\n\n<p><strong>SANTO DOMINGO. &#8211;<\/strong>Durante un coctel realizado en las instalaciones de Brickell Rooftop, Premios a la Moda Dominicana (PMD), anunci\u00f3 la celebraci\u00f3n de su tercera edici\u00f3n, y a la vez dieron a conocer los&nbsp; &nbsp;nominados, que ser\u00e1n reconocidos durante una gala el pr\u00f3ximo 25 de septiembre a las 7:00 de la noche en el teatro La Fiesta del Hotel Renaissance Jaragua.<\/p>\n\n\n\n<p>A la actividad se dieron cita reconocidos dise\u00f1adores, estilistas y personalidades ligadas al mundo de la moda y la belleza que aplaudieron este galard\u00f3n que busca estimular el crecimiento de la industria en la Rep\u00fablica Dominicana.<\/p>\n\n\n\n<figure class=\"wp-block-gallery has-nested-images columns-default is-cropped wp-block-gallery-1 is-layout-flex wp-block-gallery-is-layout-flex\">\n<figure class=\"wp-block-image size-large\"><img loading=\"lazy\" decoding=\"async\" width=\"1024\" height=\"683\" data-id=\"554575\" src=\"https:\/\/diariodominicano.com\/wp-content\/uploads\/2024\/08\/Elis-Mesa-Stalin-Victoria-Adilya-Asanova-Bacik-y-Alexander-Robles-1024x683.jpg\" alt=\"\" class=\"wp-image-554575\" srcset=\"https:\/\/diariodominicano.com\/wp-content\/uploads\/2024\/08\/Elis-Mesa-Stalin-Victoria-Adilya-Asanova-Bacik-y-Alexander-Robles-1024x683.jpg 1024w, https:\/\/diariodominicano.com\/wp-content\/uploads\/2024\/08\/Elis-Mesa-Stalin-Victoria-Adilya-Asanova-Bacik-y-Alexander-Robles-300x200.jpg 300w, https:\/\/diariodominicano.com\/wp-content\/uploads\/2024\/08\/Elis-Mesa-Stalin-Victoria-Adilya-Asanova-Bacik-y-Alexander-Robles-768x512.jpg 768w, https:\/\/diariodominicano.com\/wp-content\/uploads\/2024\/08\/Elis-Mesa-Stalin-Victoria-Adilya-Asanova-Bacik-y-Alexander-Robles-1536x1024.jpg 1536w, https:\/\/diariodominicano.com\/wp-content\/uploads\/2024\/08\/Elis-Mesa-Stalin-Victoria-Adilya-Asanova-Bacik-y-Alexander-Robles-2048x1365.jpg 2048w, https:\/\/diariodominicano.com\/wp-content\/uploads\/2024\/08\/Elis-Mesa-Stalin-Victoria-Adilya-Asanova-Bacik-y-Alexander-Robles-816x544.jpg 816w\" sizes=\"auto, (max-width: 1024px) 100vw, 1024px\" \/><figcaption class=\"wp-element-caption\">Elis Mesa, Stalin Victoria, Adilya Asanova-Bacik y Alexander Robles<\/figcaption><\/figure>\n<\/figure>\n\n\n\n<p>Stalin Victoria, Ceo de Premios a la Moda Dominicana, inform\u00f3 que esta tercera versi\u00f3n de PMD adem\u00e1s de premiar a todos sus protagonistas tiene una raz\u00f3n m\u00e1s humana y es que ser\u00e1 a beneficio de la Fundaci\u00f3n Oncoserv, Inc. que tiene como meta elevar la calidad del tratamiento oncol\u00f3gico integral, fusionando la parte m\u00e9dica y humana para obtener el mejor resultado posible para el paciente.<\/p>\n\n\n\n<figure class=\"wp-block-gallery has-nested-images columns-default is-cropped wp-block-gallery-2 is-layout-flex wp-block-gallery-is-layout-flex\">\n<figure class=\"wp-block-image\"><img loading=\"lazy\" decoding=\"async\" width=\"1707\" height=\"2560\" data-id=\"554573\" src=\"https:\/\/diariodominicano.com\/wp-content\/uploads\/2024\/08\/Ashley-Almonte-y-Rosiris-Gomez-scaled.jpg\" alt=\"\" class=\"wp-image-554573\" srcset=\"https:\/\/diariodominicano.com\/wp-content\/uploads\/2024\/08\/Ashley-Almonte-y-Rosiris-Gomez-scaled.jpg 1707w, https:\/\/diariodominicano.com\/wp-content\/uploads\/2024\/08\/Ashley-Almonte-y-Rosiris-Gomez-200x300.jpg 200w, https:\/\/diariodominicano.com\/wp-content\/uploads\/2024\/08\/Ashley-Almonte-y-Rosiris-Gomez-683x1024.jpg 683w, https:\/\/diariodominicano.com\/wp-content\/uploads\/2024\/08\/Ashley-Almonte-y-Rosiris-Gomez-768x1152.jpg 768w, https:\/\/diariodominicano.com\/wp-content\/uploads\/2024\/08\/Ashley-Almonte-y-Rosiris-Gomez-1024x1536.jpg 1024w, https:\/\/diariodominicano.com\/wp-content\/uploads\/2024\/08\/Ashley-Almonte-y-Rosiris-Gomez-1365x2048.jpg 1365w, https:\/\/diariodominicano.com\/wp-content\/uploads\/2024\/08\/Ashley-Almonte-y-Rosiris-Gomez-816x1224.jpg 816w\" sizes=\"auto, (max-width: 1707px) 100vw, 1707px\" \/><figcaption class=\"wp-element-caption\">Ashley Almonte y Rosiris G\u00f3mez <\/figcaption><\/figure>\n\n\n\n<figure class=\"wp-block-image\"><img loading=\"lazy\" decoding=\"async\" width=\"1706\" height=\"2560\" data-id=\"554572\" src=\"https:\/\/diariodominicano.com\/wp-content\/uploads\/2024\/08\/Adilya-Asanova-Bacik-y-Jose-Jhan-scaled.jpg\" alt=\"\" class=\"wp-image-554572\" srcset=\"https:\/\/diariodominicano.com\/wp-content\/uploads\/2024\/08\/Adilya-Asanova-Bacik-y-Jose-Jhan-scaled.jpg 1706w, https:\/\/diariodominicano.com\/wp-content\/uploads\/2024\/08\/Adilya-Asanova-Bacik-y-Jose-Jhan-200x300.jpg 200w, https:\/\/diariodominicano.com\/wp-content\/uploads\/2024\/08\/Adilya-Asanova-Bacik-y-Jose-Jhan-683x1024.jpg 683w, https:\/\/diariodominicano.com\/wp-content\/uploads\/2024\/08\/Adilya-Asanova-Bacik-y-Jose-Jhan-768x1152.jpg 768w, https:\/\/diariodominicano.com\/wp-content\/uploads\/2024\/08\/Adilya-Asanova-Bacik-y-Jose-Jhan-1024x1536.jpg 1024w, https:\/\/diariodominicano.com\/wp-content\/uploads\/2024\/08\/Adilya-Asanova-Bacik-y-Jose-Jhan-1365x2048.jpg 1365w, https:\/\/diariodominicano.com\/wp-content\/uploads\/2024\/08\/Adilya-Asanova-Bacik-y-Jose-Jhan-816x1224.jpg 816w\" sizes=\"auto, (max-width: 1706px) 100vw, 1706px\" \/><figcaption class=\"wp-element-caption\">Adilya Asanova-Bacik y Jos\u00e9 Jhan <\/figcaption><\/figure>\n<\/figure>\n\n\n\n<p>\u201cGracias a su presidenta, Ichanell Rodr\u00edguez, que es una entusiasta de la moda y que con su proyecto C\u00e1psula Rosa colabora para que los m\u00e1s necesitados puedan tener acceso a tratamientos como la quimioterapia, radioterapia y braquiterapia y radiocirug\u00eda.\u201d, destac\u00f3 Victoria.<\/p>\n\n\n\n<figure class=\"wp-block-gallery has-nested-images columns-default is-cropped wp-block-gallery-3 is-layout-flex wp-block-gallery-is-layout-flex\">\n<figure class=\"wp-block-image\"><img loading=\"lazy\" decoding=\"async\" width=\"2506\" height=\"1670\" data-id=\"554583\" src=\"https:\/\/diariodominicano.com\/wp-content\/uploads\/2024\/08\/Sandro-Guzman-Jeimi-Hernandez-y-Hairo-Rojas.jpg\" alt=\"\" class=\"wp-image-554583\" srcset=\"https:\/\/diariodominicano.com\/wp-content\/uploads\/2024\/08\/Sandro-Guzman-Jeimi-Hernandez-y-Hairo-Rojas.jpg 2506w, https:\/\/diariodominicano.com\/wp-content\/uploads\/2024\/08\/Sandro-Guzman-Jeimi-Hernandez-y-Hairo-Rojas-300x200.jpg 300w, https:\/\/diariodominicano.com\/wp-content\/uploads\/2024\/08\/Sandro-Guzman-Jeimi-Hernandez-y-Hairo-Rojas-1024x682.jpg 1024w, https:\/\/diariodominicano.com\/wp-content\/uploads\/2024\/08\/Sandro-Guzman-Jeimi-Hernandez-y-Hairo-Rojas-768x512.jpg 768w, https:\/\/diariodominicano.com\/wp-content\/uploads\/2024\/08\/Sandro-Guzman-Jeimi-Hernandez-y-Hairo-Rojas-1536x1024.jpg 1536w, https:\/\/diariodominicano.com\/wp-content\/uploads\/2024\/08\/Sandro-Guzman-Jeimi-Hernandez-y-Hairo-Rojas-2048x1365.jpg 2048w, https:\/\/diariodominicano.com\/wp-content\/uploads\/2024\/08\/Sandro-Guzman-Jeimi-Hernandez-y-Hairo-Rojas-816x544.jpg 816w\" sizes=\"auto, (max-width: 2506px) 100vw, 2506px\" \/><figcaption class=\"wp-element-caption\">Sandro Guzm\u00e1n, Jeimi Hern\u00e1ndez y Hairo Rojas <\/figcaption><\/figure>\n\n\n\n<figure class=\"wp-block-image\"><img loading=\"lazy\" decoding=\"async\" width=\"2560\" height=\"1707\" data-id=\"554582\" src=\"https:\/\/diariodominicano.com\/wp-content\/uploads\/2024\/08\/Rodolfo-Coplin-Delisa-Francisco-y-Luis-Alberto-Valerio-scaled.jpg\" alt=\"\" class=\"wp-image-554582\" srcset=\"https:\/\/diariodominicano.com\/wp-content\/uploads\/2024\/08\/Rodolfo-Coplin-Delisa-Francisco-y-Luis-Alberto-Valerio-scaled.jpg 2560w, https:\/\/diariodominicano.com\/wp-content\/uploads\/2024\/08\/Rodolfo-Coplin-Delisa-Francisco-y-Luis-Alberto-Valerio-300x200.jpg 300w, https:\/\/diariodominicano.com\/wp-content\/uploads\/2024\/08\/Rodolfo-Coplin-Delisa-Francisco-y-Luis-Alberto-Valerio-1024x683.jpg 1024w, https:\/\/diariodominicano.com\/wp-content\/uploads\/2024\/08\/Rodolfo-Coplin-Delisa-Francisco-y-Luis-Alberto-Valerio-768x512.jpg 768w, https:\/\/diariodominicano.com\/wp-content\/uploads\/2024\/08\/Rodolfo-Coplin-Delisa-Francisco-y-Luis-Alberto-Valerio-1536x1024.jpg 1536w, https:\/\/diariodominicano.com\/wp-content\/uploads\/2024\/08\/Rodolfo-Coplin-Delisa-Francisco-y-Luis-Alberto-Valerio-2048x1365.jpg 2048w, https:\/\/diariodominicano.com\/wp-content\/uploads\/2024\/08\/Rodolfo-Coplin-Delisa-Francisco-y-Luis-Alberto-Valerio-816x544.jpg 816w\" sizes=\"auto, (max-width: 2560px) 100vw, 2560px\" \/><figcaption class=\"wp-element-caption\">Rodolfo Coplin, Delisa Francisco y Luis Alberto Valerio<\/figcaption><\/figure>\n<\/figure>\n\n\n\n<p>PMD reconoce a cada uno de los trabajadores en las diversas \u00e1reas que abarca esta industria, tales como dise\u00f1adores, modelos, estilistas, maquilladores y peluqueros.<\/p>\n\n\n\n<p>As\u00ed como fot\u00f3grafos, escuelas de modelos, agencias y cazatalentos, fot\u00f3grafos especializados, Semanas de la Moda, colecciones, y todos los que enaltecen la moda en todos sus aspectos.<\/p>\n\n\n\n<figure class=\"wp-block-gallery has-nested-images columns-default is-cropped wp-block-gallery-4 is-layout-flex wp-block-gallery-is-layout-flex\">\n<figure class=\"wp-block-image\"><img loading=\"lazy\" decoding=\"async\" width=\"2560\" height=\"1707\" data-id=\"554582\" src=\"https:\/\/diariodominicano.com\/wp-content\/uploads\/2024\/08\/Rodolfo-Coplin-Delisa-Francisco-y-Luis-Alberto-Valerio-scaled.jpg\" alt=\"\" class=\"wp-image-554582\" srcset=\"https:\/\/diariodominicano.com\/wp-content\/uploads\/2024\/08\/Rodolfo-Coplin-Delisa-Francisco-y-Luis-Alberto-Valerio-scaled.jpg 2560w, https:\/\/diariodominicano.com\/wp-content\/uploads\/2024\/08\/Rodolfo-Coplin-Delisa-Francisco-y-Luis-Alberto-Valerio-300x200.jpg 300w, https:\/\/diariodominicano.com\/wp-content\/uploads\/2024\/08\/Rodolfo-Coplin-Delisa-Francisco-y-Luis-Alberto-Valerio-1024x683.jpg 1024w, https:\/\/diariodominicano.com\/wp-content\/uploads\/2024\/08\/Rodolfo-Coplin-Delisa-Francisco-y-Luis-Alberto-Valerio-768x512.jpg 768w, https:\/\/diariodominicano.com\/wp-content\/uploads\/2024\/08\/Rodolfo-Coplin-Delisa-Francisco-y-Luis-Alberto-Valerio-1536x1024.jpg 1536w, https:\/\/diariodominicano.com\/wp-content\/uploads\/2024\/08\/Rodolfo-Coplin-Delisa-Francisco-y-Luis-Alberto-Valerio-2048x1365.jpg 2048w, https:\/\/diariodominicano.com\/wp-content\/uploads\/2024\/08\/Rodolfo-Coplin-Delisa-Francisco-y-Luis-Alberto-Valerio-816x544.jpg 816w\" sizes=\"auto, (max-width: 2560px) 100vw, 2560px\" \/><figcaption class=\"wp-element-caption\">Rodolfo Coplin, Delisa Francisco y Luis Alberto Valerio<\/figcaption><\/figure>\n\n\n\n<figure class=\"wp-block-image\"><img loading=\"lazy\" decoding=\"async\" width=\"2358\" height=\"1856\" data-id=\"554581\" src=\"https:\/\/diariodominicano.com\/wp-content\/uploads\/2024\/08\/Robert-Flores-Yilda-Santana-Alex-Macias-y-Jonathan-Medero.jpg\" alt=\"\" class=\"wp-image-554581\" srcset=\"https:\/\/diariodominicano.com\/wp-content\/uploads\/2024\/08\/Robert-Flores-Yilda-Santana-Alex-Macias-y-Jonathan-Medero.jpg 2358w, https:\/\/diariodominicano.com\/wp-content\/uploads\/2024\/08\/Robert-Flores-Yilda-Santana-Alex-Macias-y-Jonathan-Medero-300x236.jpg 300w, https:\/\/diariodominicano.com\/wp-content\/uploads\/2024\/08\/Robert-Flores-Yilda-Santana-Alex-Macias-y-Jonathan-Medero-1024x806.jpg 1024w, https:\/\/diariodominicano.com\/wp-content\/uploads\/2024\/08\/Robert-Flores-Yilda-Santana-Alex-Macias-y-Jonathan-Medero-768x604.jpg 768w, https:\/\/diariodominicano.com\/wp-content\/uploads\/2024\/08\/Robert-Flores-Yilda-Santana-Alex-Macias-y-Jonathan-Medero-1536x1209.jpg 1536w, https:\/\/diariodominicano.com\/wp-content\/uploads\/2024\/08\/Robert-Flores-Yilda-Santana-Alex-Macias-y-Jonathan-Medero-2048x1612.jpg 2048w, https:\/\/diariodominicano.com\/wp-content\/uploads\/2024\/08\/Robert-Flores-Yilda-Santana-Alex-Macias-y-Jonathan-Medero-816x642.jpg 816w\" sizes=\"auto, (max-width: 2358px) 100vw, 2358px\" \/><\/figure>\n<\/figure>\n\n\n\n<p>En esta edici\u00f3n, el jurado que se encargar\u00e1 de evaluar con alto criterio y sentido a cada uno de los nominados son Giannina Azar, Francisco Sanch\u00eds, Selin\u00e9e M\u00e9ndez, Anny Abatte, Juan Tom\u00e1s e Iv\u00e1n Balc\u00e1cer.<\/p>\n\n\n\n<p>Mientras que los dise\u00f1adores invitados que presentar\u00e1n su colecci\u00f3n ser\u00e1n Giannina Azar, Gabriela \u00c1lvarez Azar, Jos\u00e9 Jhan, Suzelle Taveras, Carolina Almonte, Eddy Ranvaldy y Jonathan Klembert.<\/p>\n\n\n\n<figure class=\"wp-block-gallery has-nested-images columns-default is-cropped wp-block-gallery-5 is-layout-flex wp-block-gallery-is-layout-flex\">\n<figure class=\"wp-block-image\"><img loading=\"lazy\" decoding=\"async\" width=\"1707\" height=\"2560\" data-id=\"554580\" src=\"https:\/\/diariodominicano.com\/wp-content\/uploads\/2024\/08\/Marcelle-Cordero-y-Fernando-Duran-scaled.jpg\" alt=\"\" class=\"wp-image-554580\" srcset=\"https:\/\/diariodominicano.com\/wp-content\/uploads\/2024\/08\/Marcelle-Cordero-y-Fernando-Duran-scaled.jpg 1707w, https:\/\/diariodominicano.com\/wp-content\/uploads\/2024\/08\/Marcelle-Cordero-y-Fernando-Duran-200x300.jpg 200w, https:\/\/diariodominicano.com\/wp-content\/uploads\/2024\/08\/Marcelle-Cordero-y-Fernando-Duran-683x1024.jpg 683w, https:\/\/diariodominicano.com\/wp-content\/uploads\/2024\/08\/Marcelle-Cordero-y-Fernando-Duran-768x1152.jpg 768w, https:\/\/diariodominicano.com\/wp-content\/uploads\/2024\/08\/Marcelle-Cordero-y-Fernando-Duran-1024x1536.jpg 1024w, https:\/\/diariodominicano.com\/wp-content\/uploads\/2024\/08\/Marcelle-Cordero-y-Fernando-Duran-1365x2048.jpg 1365w, https:\/\/diariodominicano.com\/wp-content\/uploads\/2024\/08\/Marcelle-Cordero-y-Fernando-Duran-816x1224.jpg 816w\" sizes=\"auto, (max-width: 1707px) 100vw, 1707px\" \/><figcaption class=\"wp-element-caption\">Marcelle Cordero y Fernando Dur\u00e1n <\/figcaption><\/figure>\n\n\n\n<figure class=\"wp-block-image\"><img loading=\"lazy\" decoding=\"async\" width=\"1707\" height=\"2560\" data-id=\"554579\" src=\"https:\/\/diariodominicano.com\/wp-content\/uploads\/2024\/08\/Lowensky-Natera-y-Mayra-Delgado-scaled.jpg\" alt=\"\" class=\"wp-image-554579\" srcset=\"https:\/\/diariodominicano.com\/wp-content\/uploads\/2024\/08\/Lowensky-Natera-y-Mayra-Delgado-scaled.jpg 1707w, https:\/\/diariodominicano.com\/wp-content\/uploads\/2024\/08\/Lowensky-Natera-y-Mayra-Delgado-200x300.jpg 200w, https:\/\/diariodominicano.com\/wp-content\/uploads\/2024\/08\/Lowensky-Natera-y-Mayra-Delgado-683x1024.jpg 683w, https:\/\/diariodominicano.com\/wp-content\/uploads\/2024\/08\/Lowensky-Natera-y-Mayra-Delgado-768x1152.jpg 768w, https:\/\/diariodominicano.com\/wp-content\/uploads\/2024\/08\/Lowensky-Natera-y-Mayra-Delgado-1024x1536.jpg 1024w, https:\/\/diariodominicano.com\/wp-content\/uploads\/2024\/08\/Lowensky-Natera-y-Mayra-Delgado-1365x2048.jpg 1365w, https:\/\/diariodominicano.com\/wp-content\/uploads\/2024\/08\/Lowensky-Natera-y-Mayra-Delgado-816x1224.jpg 816w\" sizes=\"auto, (max-width: 1707px) 100vw, 1707px\" \/><figcaption class=\"wp-element-caption\">Lowensky Natera y Mayra Delgado <\/figcaption><\/figure>\n<\/figure>\n\n\n\n<p><strong>Renglones y nominados PMD 2024<\/strong><\/p>\n\n\n\n<p>En el rengl\u00f3n Fot\u00f3grafo de Moda los nominados son: Eury Ricardo, Fernando y V\u00edctor, Hairo Rojas, Eduardo Javier y Alondra \u00c1ngeles; mientras que en Revista de Moda est\u00e1n A la Moda, Pandora, Shine Magazine, Oh Magazine y Revestida; en el rengl\u00f3n de Influencer est\u00e1n Glency F\u00e9liz, Danielle Von Barkhausen, Arl\u00edn Rodr\u00edguez, Sophia Sanabria y Helen Blandino.&nbsp;<\/p>\n\n\n\n<p>De igual manera, las candidatas para Periodista de Moda son: Airam Toribio, Pandora; Marielle Araujo, El Nuevo Diario y El Club de la Moda; Gina L\u00f3pez, peri\u00f3dico Hoy; Patricia Acosta, A la Moda, y Marcelle Cordero, Pandora.<\/p>\n\n\n\n<figure class=\"wp-block-gallery has-nested-images columns-default is-cropped wp-block-gallery-6 is-layout-flex wp-block-gallery-is-layout-flex\">\n<figure class=\"wp-block-image\"><img loading=\"lazy\" decoding=\"async\" width=\"1667\" height=\"1111\" data-id=\"554578\" src=\"https:\/\/diariodominicano.com\/wp-content\/uploads\/2024\/08\/Ichanell-Rodriguez-Socrates-McKinney-Selinee-Mendez-y-Marlene-Blanco.jpeg\" alt=\"\" class=\"wp-image-554578\" srcset=\"https:\/\/diariodominicano.com\/wp-content\/uploads\/2024\/08\/Ichanell-Rodriguez-Socrates-McKinney-Selinee-Mendez-y-Marlene-Blanco.jpeg 1667w, https:\/\/diariodominicano.com\/wp-content\/uploads\/2024\/08\/Ichanell-Rodriguez-Socrates-McKinney-Selinee-Mendez-y-Marlene-Blanco-300x200.jpeg 300w, https:\/\/diariodominicano.com\/wp-content\/uploads\/2024\/08\/Ichanell-Rodriguez-Socrates-McKinney-Selinee-Mendez-y-Marlene-Blanco-1024x682.jpeg 1024w, https:\/\/diariodominicano.com\/wp-content\/uploads\/2024\/08\/Ichanell-Rodriguez-Socrates-McKinney-Selinee-Mendez-y-Marlene-Blanco-768x512.jpeg 768w, https:\/\/diariodominicano.com\/wp-content\/uploads\/2024\/08\/Ichanell-Rodriguez-Socrates-McKinney-Selinee-Mendez-y-Marlene-Blanco-1536x1024.jpeg 1536w, https:\/\/diariodominicano.com\/wp-content\/uploads\/2024\/08\/Ichanell-Rodriguez-Socrates-McKinney-Selinee-Mendez-y-Marlene-Blanco-816x544.jpeg 816w\" sizes=\"auto, (max-width: 1667px) 100vw, 1667px\" \/><figcaption class=\"wp-element-caption\">Ichanell Rodr\u00edguez, S\u00f3crates McKinney, Selin\u00e9e M\u00e9ndez y Marlene Blanco <\/figcaption><\/figure>\n\n\n\n<figure class=\"wp-block-image\"><img loading=\"lazy\" decoding=\"async\" width=\"1516\" height=\"2274\" data-id=\"554577\" src=\"https:\/\/diariodominicano.com\/wp-content\/uploads\/2024\/08\/Ichanel-Rodriguez-y-Stalin-Victoria.jpg\" alt=\"\" class=\"wp-image-554577\" srcset=\"https:\/\/diariodominicano.com\/wp-content\/uploads\/2024\/08\/Ichanel-Rodriguez-y-Stalin-Victoria.jpg 1516w, https:\/\/diariodominicano.com\/wp-content\/uploads\/2024\/08\/Ichanel-Rodriguez-y-Stalin-Victoria-200x300.jpg 200w, https:\/\/diariodominicano.com\/wp-content\/uploads\/2024\/08\/Ichanel-Rodriguez-y-Stalin-Victoria-683x1024.jpg 683w, https:\/\/diariodominicano.com\/wp-content\/uploads\/2024\/08\/Ichanel-Rodriguez-y-Stalin-Victoria-768x1152.jpg 768w, https:\/\/diariodominicano.com\/wp-content\/uploads\/2024\/08\/Ichanel-Rodriguez-y-Stalin-Victoria-1024x1536.jpg 1024w, https:\/\/diariodominicano.com\/wp-content\/uploads\/2024\/08\/Ichanel-Rodriguez-y-Stalin-Victoria-1365x2048.jpg 1365w, https:\/\/diariodominicano.com\/wp-content\/uploads\/2024\/08\/Ichanel-Rodriguez-y-Stalin-Victoria-816x1224.jpg 816w\" sizes=\"auto, (max-width: 1516px) 100vw, 1516px\" \/><figcaption class=\"wp-element-caption\">Ichanel Rodr\u00edguez y Stalin Victoria <\/figcaption><\/figure>\n<\/figure>\n\n\n\n<p>En el rengl\u00f3n Escuela de Modelos los nominados son: Prestige Models, Agnes Models, Portafolio y La escuela de modelos Gaviotas Ysabell; en Agencia de Modelos figuran:&nbsp;Ossygeno Models Management, Perkins Model Management, N\u00e9fer Model Management, Yves Models Management, Luis Menieur Models Management y Sokrates Model Management.<\/p>\n\n\n\n<p>De igual manera se premiar\u00e1n Modelos Destacados en el Extranjero Masculinos: Karamba S\u00e1nchez, Rafael Mieses, Daniel Morel, Juanel Hern\u00e1ndez y Jos\u00e9 Daniel S\u00e1nchez; y como modelo femenino: Hiandra Mart\u00ednez, Lina Cruz, Laura Reyes, Manuela S\u00e1nchez,\u00a0Lineisy Montero y Ver\u00f3nica Tavares Chalas, en Modelo local masculino: Christian Patricio, Enmanuel Franco, Joel Tolentino y Julio Pe\u00f1a, y en femenino: Margaret Guzm\u00e1n, Valeria Conde, Sophy Rodr\u00edguez y Massiel Chupani.<\/p>\n\n\n\n<figure class=\"wp-block-gallery has-nested-images columns-default is-cropped wp-block-gallery-7 is-layout-flex wp-block-gallery-is-layout-flex\">\n<figure class=\"wp-block-image\"><img loading=\"lazy\" decoding=\"async\" width=\"1707\" height=\"2560\" data-id=\"554576\" src=\"https:\/\/diariodominicano.com\/wp-content\/uploads\/2024\/08\/Frank-Perez-y-Miguel-Genao-scaled.jpg\" alt=\"\" class=\"wp-image-554576\" srcset=\"https:\/\/diariodominicano.com\/wp-content\/uploads\/2024\/08\/Frank-Perez-y-Miguel-Genao-scaled.jpg 1707w, https:\/\/diariodominicano.com\/wp-content\/uploads\/2024\/08\/Frank-Perez-y-Miguel-Genao-200x300.jpg 200w, https:\/\/diariodominicano.com\/wp-content\/uploads\/2024\/08\/Frank-Perez-y-Miguel-Genao-683x1024.jpg 683w, https:\/\/diariodominicano.com\/wp-content\/uploads\/2024\/08\/Frank-Perez-y-Miguel-Genao-768x1152.jpg 768w, https:\/\/diariodominicano.com\/wp-content\/uploads\/2024\/08\/Frank-Perez-y-Miguel-Genao-1024x1536.jpg 1024w, https:\/\/diariodominicano.com\/wp-content\/uploads\/2024\/08\/Frank-Perez-y-Miguel-Genao-1365x2048.jpg 1365w, https:\/\/diariodominicano.com\/wp-content\/uploads\/2024\/08\/Frank-Perez-y-Miguel-Genao-816x1224.jpg 816w\" sizes=\"auto, (max-width: 1707px) 100vw, 1707px\" \/><figcaption class=\"wp-element-caption\">Frank P\u00e9rez y Miguel Genao <\/figcaption><\/figure>\n<\/figure>\n\n\n\n<p>En el \u00e1rea de Maquillador lo integran: Eliotte Casimiro, Avis V\u00e1zquez, Andrews Salda\u00f1a y Bryan Su; en Estilista: Joselo Franjul, Miguel Est\u00e9vez, Enyer D\u00edaz, Jozuary Jadill y Reading Pantale\u00f3n; Asesor de Imagen: Eddy G\u00f3mez, Eddy Santiago, Randy Pe\u00f1a, Radham\u00e9s Esp\u00edritu, Bramtco y Laura Villam\u00e1n.<\/p>\n\n\n\n<p>Mientras que los seleccionados para Dise\u00f1ador de Trajes de Novia son. Melkis D\u00edaz, Luis Dom\u00ednguez, Michelle Reynoso y Laura Garc\u00eda Bridal; Dise\u00f1ador Moda de Fantas\u00eda: Luis Rivas, Alex Savi\u00f1\u00f3n, El\u00edas Guzm\u00e1n, Daniel de la Cruz y Jonathan klembert; Dise\u00f1ador Destacado en el Extranjero: Yohanna Gursey, Ra\u00fal L\u00f3pez, V\u00edctor L\u00f3pez, Hip\u00f3lito Pollantis y Abigail Silverio.<\/p>\n\n\n\n<p>En Colecci\u00f3n Femenina est\u00e1n: Colecci\u00f3n Printemps \u00c9T\u00c9, Rafael Rivero; Ocean\u00eda, Maricha by Yesmin Serulle; Oceanum SS24, Miguel Genao; Festa del Pigmenti, Sixto Nolasco; Colecci\u00f3n Tr\u00f3pico, Eddy Rambaldy; Amazonia, Michelle Reynoso; Imparable, Lorenny Solano.<\/p>\n\n\n\n<p>Moda Infantil lo integran: Adolfina Lluberes, Dikahira Bautista, Rayuela kids, Mau RD y Surelis Tejada; en Joyas y Accesorios: M\u00f3nica Varela, Laura Tosato, Gisselle Mancebo, Nashira Arn\u00f3 Studio y Alis Custodio; Moda Sostenible: Mildred Veras, Carolina Almonte, Karla Dipuglia, Resonance Brands y Tiempo de Zafra; y Dise\u00f1ador Emergente: Gabriela \u00c1lvarez Azar, Jimena Guzm\u00e1n, Lagassca \/ Raudy B\u00e1ez, Leydi Marine y Yenny V\u00e1squez.<\/p>\n\n\n\n<p>En ese mismo orden, en Semana de la Moda los nominados son: RD Fashion Week, PCM FW, MMFW, PopFW y Trendy FW; en Chacabanas: Tony Boga, Fara\u00f3n, Hipp\u00f3lito Pe\u00f1a, Cristian Lagares y Arcadio D\u00edaz; Dise\u00f1ador Masculino: Alonso\u2019s, Wilson Alcequiez, Calpo, Manuel Febrillet y Starlin de Holma, y en Dise\u00f1ador Femenino: JCL by Cristian Lagares, Mayl\u00e9 V\u00e1squez, Rafael Rivero, Miguel Genao, Jusef S\u00e1nchez y Suzelle Taveras.<\/p>\n\n\n\n<p>Tambi\u00e9n est\u00e1n nominados en Colecci\u00f3n de Moda Masculina: Vladimir Calpo; Elite Urban, Starlin de Holma, Carmen, Manuel Febrillet, y Evolution, Joel Reyes; Trajes de Ba\u00f1o: Summer Forever, Carolina Soc\u00edas, Ozeano Swimwear, Sol Dulce, Salitre y Da Swimwear; Espacio de Radio \/ TV: El Club de la Moda, Arte &amp; Medio y Hablemos de Estilo, y en Desfiles\/ Eventos de Moda: Festival del Cerezo, Bodas A La Moda, Oceanum SS24 de Miguel Genao y Monte Plata FS.<\/p>\n\n\n\n<p>En el rengl\u00f3n Marcas Dominicanas figuran: Camila, Blue Country, Jenny Polanco, Isla Bendita Carolina Sanz y Ana + Mar\u00eda; Artista, y en Figura Mejor Vestida: Kiko el Crazy, Tokisha, Gabi Desangles, Pamela Sued, Eddy Herrera y Joel L\u00f3pez.<\/p>\n\n\n\n<p><strong>Pie de Fotos RDP 4ta. Edici\u00f3n Premios a la Moda Dominicana&nbsp;<\/strong><\/p>\n\n\n\n<p>&#8212;<\/p>\n\n\n\n<figure class=\"wp-block-image is-resized\"><img decoding=\"async\" src=\"https:\/\/ci3.googleusercontent.com\/mail-sig\/AIorK4zY3EbvMDWycbHDGWspGGuYViuVw2u1M9_o4QvAy9dRmLccO_MG77rWRNXUkD6zSN8aK18URje_glVj\" alt=\"\" style=\"width:107px;height:auto\"\/><\/figure>\n\n\n\n<p><strong><em>\u00abNo competimos con nuestros clientes, hacemos que brillen\u00bb<\/em><\/strong> <\/p>\n\n\n\n<p><strong><em>Henry Coradin <\/em><\/strong><\/p>\n\n\n\n<p><strong><em>Relaciones P\u00fablicas &amp; Eventos<\/em> <\/strong><\/p>\n\n\n\n<p><strong>[Ofic. 809-227-1003 ]\u00a0[ M\u00f3vil 849-451-4192 ]\u00a0<\/strong><\/p>\n","protected":false},"excerpt":{"rendered":"<p>Esta tercera edici\u00f3n se realizar\u00e1 el 25 de septiembre en el Hotel Jaragua SANTO DOMINGO. &#8211;Durante un coctel realizado en las instalaciones de Brickell Rooftop, Premios a la Moda Dominicana (PMD), anunci\u00f3 la celebraci\u00f3n de su tercera edici\u00f3n, y a la vez dieron a conocer los&nbsp; &nbsp;nominados, que ser\u00e1n reconocidos durante una gala el pr\u00f3ximo [&hellip;]<\/p>\n","protected":false},"author":7,"featured_media":554574,"comment_status":"closed","ping_status":"closed","sticky":false,"template":"","format":"standard","meta":{"footnotes":""},"categories":[25],"tags":[],"class_list":["post-554550","post","type-post","status-publish","format-standard","has-post-thumbnail","hentry","category-gente"],"_links":{"self":[{"href":"https:\/\/diariodominicano.com\/index.php?rest_route=\/wp\/v2\/posts\/554550","targetHints":{"allow":["GET"]}}],"collection":[{"href":"https:\/\/diariodominicano.com\/index.php?rest_route=\/wp\/v2\/posts"}],"about":[{"href":"https:\/\/diariodominicano.com\/index.php?rest_route=\/wp\/v2\/types\/post"}],"author":[{"embeddable":true,"href":"https:\/\/diariodominicano.com\/index.php?rest_route=\/wp\/v2\/users\/7"}],"replies":[{"embeddable":true,"href":"https:\/\/diariodominicano.com\/index.php?rest_route=%2Fwp%2Fv2%2Fcomments&post=554550"}],"version-history":[{"count":2,"href":"https:\/\/diariodominicano.com\/index.php?rest_route=\/wp\/v2\/posts\/554550\/revisions"}],"predecessor-version":[{"id":554589,"href":"https:\/\/diariodominicano.com\/index.php?rest_route=\/wp\/v2\/posts\/554550\/revisions\/554589"}],"wp:featuredmedia":[{"embeddable":true,"href":"https:\/\/diariodominicano.com\/index.php?rest_route=\/wp\/v2\/media\/554574"}],"wp:attachment":[{"href":"https:\/\/diariodominicano.com\/index.php?rest_route=%2Fwp%2Fv2%2Fmedia&parent=554550"}],"wp:term":[{"taxonomy":"category","embeddable":true,"href":"https:\/\/diariodominicano.com\/index.php?rest_route=%2Fwp%2Fv2%2Fcategories&post=554550"},{"taxonomy":"post_tag","embeddable":true,"href":"https:\/\/diariodominicano.com\/index.php?rest_route=%2Fwp%2Fv2%2Ftags&post=554550"}],"curies":[{"name":"wp","href":"https:\/\/api.w.org\/{rel}","templated":true}]}}