{"id":554521,"date":"2024-08-26T20:55:27","date_gmt":"2024-08-27T00:55:27","guid":{"rendered":"https:\/\/diariodominicano.com\/?p=554521"},"modified":"2024-08-26T20:55:53","modified_gmt":"2024-08-27T00:55:53","slug":"abren-convocatoria-para-participar-en-consulta-nacional-para-promocion-y-proteccion-de-profesionales-de-la-cultura","status":"publish","type":"post","link":"https:\/\/diariodominicano.com\/?p=554521","title":{"rendered":"Abren convocatoria para participar en consulta nacional para promoci\u00f3n y protecci\u00f3n de profesionales de la cultura"},"content":{"rendered":"\n<p><strong><em>Los interesados deben completar el formulario en l\u00ednea, que estar\u00e1 disponible desde el 28 de agosto hasta el 5 de septiembre en el portal web del Ministerio de Cultura<\/em><\/strong><\/p>\n\n\n\n<p><strong>Santo Domingo.-<\/strong>&nbsp;El Ministerio de Cultura (MINC), la&nbsp;Coordinaci\u00f3n Educativa y Cultural Centroamericana (CECC-SICA) y la UNESCO invitan a los artistas y profesionales de la cultura a participar en el proceso de consulta para&nbsp;la elaboraci\u00f3n de la Pol\u00edtica Regional para la Promoci\u00f3n y Protecci\u00f3n de las Personas Artistas y Profesionales de la Cultura de la Regi\u00f3n SICA.<\/p>\n\n\n\n<p>Dicha pol\u00edtica regional tiene como objetivo establecer l\u00edneas orientadoras comunes y medibles, con la participaci\u00f3n de representantes gubernamentales y de sectores art\u00edsticos y culturales, para reconocer, proteger y promover los derechos de los artistas y profesionales de la cultura. <\/p>\n\n\n\n<figure class=\"wp-block-gallery has-nested-images columns-default is-cropped wp-block-gallery-1 is-layout-flex wp-block-gallery-is-layout-flex\">\n<figure class=\"wp-block-image size-large\"><img loading=\"lazy\" decoding=\"async\" width=\"1024\" height=\"683\" data-id=\"554538\" src=\"https:\/\/diariodominicano.com\/wp-content\/uploads\/2024\/08\/Los-interesados-deben-completar-el-formulario-en-linea-que-estara-disponible-desde-el-28-de-agosto-hasta-el-5-de-septiembre-en-el-portal-web-del-Ministerio-de-Cultura-1-1024x683.jpg\" alt=\"\" class=\"wp-image-554538\" srcset=\"https:\/\/diariodominicano.com\/wp-content\/uploads\/2024\/08\/Los-interesados-deben-completar-el-formulario-en-linea-que-estara-disponible-desde-el-28-de-agosto-hasta-el-5-de-septiembre-en-el-portal-web-del-Ministerio-de-Cultura-1-1024x683.jpg 1024w, https:\/\/diariodominicano.com\/wp-content\/uploads\/2024\/08\/Los-interesados-deben-completar-el-formulario-en-linea-que-estara-disponible-desde-el-28-de-agosto-hasta-el-5-de-septiembre-en-el-portal-web-del-Ministerio-de-Cultura-1-300x200.jpg 300w, https:\/\/diariodominicano.com\/wp-content\/uploads\/2024\/08\/Los-interesados-deben-completar-el-formulario-en-linea-que-estara-disponible-desde-el-28-de-agosto-hasta-el-5-de-septiembre-en-el-portal-web-del-Ministerio-de-Cultura-1-768x512.jpg 768w, https:\/\/diariodominicano.com\/wp-content\/uploads\/2024\/08\/Los-interesados-deben-completar-el-formulario-en-linea-que-estara-disponible-desde-el-28-de-agosto-hasta-el-5-de-septiembre-en-el-portal-web-del-Ministerio-de-Cultura-1-1536x1024.jpg 1536w, https:\/\/diariodominicano.com\/wp-content\/uploads\/2024\/08\/Los-interesados-deben-completar-el-formulario-en-linea-que-estara-disponible-desde-el-28-de-agosto-hasta-el-5-de-septiembre-en-el-portal-web-del-Ministerio-de-Cultura-1-2048x1365.jpg 2048w, https:\/\/diariodominicano.com\/wp-content\/uploads\/2024\/08\/Los-interesados-deben-completar-el-formulario-en-linea-que-estara-disponible-desde-el-28-de-agosto-hasta-el-5-de-septiembre-en-el-portal-web-del-Ministerio-de-Cultura-1-816x544.jpg 816w\" sizes=\"auto, (max-width: 1024px) 100vw, 1024px\" \/><\/figure>\n<\/figure>\n\n\n\n<p>Al valorar esta iniciativa, la ministra de Cultura, Milagros Germ\u00e1n, se\u00f1al\u00f3 que \u201ccon esta consulta se persigue continuar aportando a la dignificaci\u00f3n del quehacer art\u00edstico y cultural como una profesi\u00f3n que cada d\u00eda cobra mayor relevancia y contribuye al desarrollo econ\u00f3mico y social del pa\u00eds\u201d.<\/p>\n\n\n\n<figure class=\"wp-block-gallery has-nested-images columns-default is-cropped wp-block-gallery-2 is-layout-flex wp-block-gallery-is-layout-flex\">\n<figure class=\"wp-block-image size-large\"><img loading=\"lazy\" decoding=\"async\" width=\"1024\" height=\"682\" data-id=\"554537\" src=\"https:\/\/diariodominicano.com\/wp-content\/uploads\/2024\/08\/En-la-convocatoria-pueden-participar-todos-los-artistas-y-profesionales-de-las-siguientes-ocupaciones-culturales-artista-autor-yo-creador-gestor-cultural-yo-productor-tecnico-1024x682.jpg\" alt=\"\" class=\"wp-image-554537\" srcset=\"https:\/\/diariodominicano.com\/wp-content\/uploads\/2024\/08\/En-la-convocatoria-pueden-participar-todos-los-artistas-y-profesionales-de-las-siguientes-ocupaciones-culturales-artista-autor-yo-creador-gestor-cultural-yo-productor-tecnico-1024x682.jpg 1024w, https:\/\/diariodominicano.com\/wp-content\/uploads\/2024\/08\/En-la-convocatoria-pueden-participar-todos-los-artistas-y-profesionales-de-las-siguientes-ocupaciones-culturales-artista-autor-yo-creador-gestor-cultural-yo-productor-tecnico-300x200.jpg 300w, https:\/\/diariodominicano.com\/wp-content\/uploads\/2024\/08\/En-la-convocatoria-pueden-participar-todos-los-artistas-y-profesionales-de-las-siguientes-ocupaciones-culturales-artista-autor-yo-creador-gestor-cultural-yo-productor-tecnico-768x512.jpg 768w, https:\/\/diariodominicano.com\/wp-content\/uploads\/2024\/08\/En-la-convocatoria-pueden-participar-todos-los-artistas-y-profesionales-de-las-siguientes-ocupaciones-culturales-artista-autor-yo-creador-gestor-cultural-yo-productor-tecnico-1536x1024.jpg 1536w, https:\/\/diariodominicano.com\/wp-content\/uploads\/2024\/08\/En-la-convocatoria-pueden-participar-todos-los-artistas-y-profesionales-de-las-siguientes-ocupaciones-culturales-artista-autor-yo-creador-gestor-cultural-yo-productor-tecnico-816x544.jpg 816w, https:\/\/diariodominicano.com\/wp-content\/uploads\/2024\/08\/En-la-convocatoria-pueden-participar-todos-los-artistas-y-profesionales-de-las-siguientes-ocupaciones-culturales-artista-autor-yo-creador-gestor-cultural-yo-productor-tecnico.jpg 2000w\" sizes=\"auto, (max-width: 1024px) 100vw, 1024px\" \/><\/figure>\n<\/figure>\n\n\n\n<p>En la convocatoria pueden participar todos los artistas y profesionales de las siguientes ocupaciones culturales: artista, autor y\/o creador, gestor cultural y\/o productor, t\u00e9cnico, cr\u00edtico y\/o investigador, educador cultural y promotor.<\/p>\n\n\n\n<p>De igual modo, la consulta incluye diversos dominios culturales. As\u00ed, en la categor\u00eda de profesionales de la industria audiovisual y nuevos medios (cine y video, radio, televisi\u00f3n, multimedia, videojuegos, animaci\u00f3n), en tanto que en Industria Editorial pueden colaborar los profesionales dedicados al sector del libro, as\u00ed como al \u00e1rea de las publicaciones peri\u00f3dicas.<\/p>\n\n\n\n<p>En la categor\u00eda Industria Musical pueden participar los profesionales dedicados a la creaci\u00f3n, producci\u00f3n y posproducci\u00f3n musical, mientras que en Artes Visuales lo pueden hacer los profesionales de pintura, escultura, arte industrial, grabado, artes gr\u00e1ficas, ilustraci\u00f3n y arte tradicional, entre otros.<\/p>\n\n\n\n<p>Por \u00faltimo, en el rengl\u00f3n Artes Esc\u00e9nicas est\u00e1n convocados a participar en la consulta los profesionales de la danza, el teatro, el circo, el \u201cperformance\u201d, las festividades, los t\u00edteres, la narraci\u00f3n oral, el mimo y el \u201cclown\u201d, entre otros.<\/p>\n\n\n\n<p>Losinteresados deben completar el formulario en l\u00ednea, el cual estar\u00e1 disponible desde el 28 de agosto hasta el 5 de septiembre en el portal web del Ministerio de Cultura:&nbsp;<a href=\"http:\/\/www.cultura.gob.do\/\" target=\"_blank\" rel=\"noreferrer noopener\">www.cultura.gob.do<\/a><\/p>\n\n\n\n<p>En el mismo, se deben seleccionar tres de los ocho temas identificados en el Diagn\u00f3stico sobre la Condici\u00f3n del Artista en la Regi\u00f3n SICA (disponible en la web de Cultura), preparado por la UNESCO, y proporcionar sobre ellos las problem\u00e1ticas que, desde su experiencia, presenta el pa\u00eds, as\u00ed como propuestas de soluciones a las mismas.<\/p>\n\n\n\n<p>Los insumos recopilados complementar\u00e1n las realidades identificadas en los Di\u00e1logos Culturales llevados a cabo por la instituci\u00f3n, ayudando a priorizar programas y proyectos nacionales.<\/p>\n\n\n\n<p><strong>Ministerio de Cultura de la Rep\u00fablica Dominicana<\/strong>&nbsp;&lt;prensa@cultura.gob.do&gt; <\/p>\n","protected":false},"excerpt":{"rendered":"<p>Los interesados deben completar el formulario en l\u00ednea, que estar\u00e1 disponible desde el 28 de agosto hasta el 5 de septiembre en el portal web del Ministerio de Cultura Santo Domingo.-&nbsp;El Ministerio de Cultura (MINC), la&nbsp;Coordinaci\u00f3n Educativa y Cultural Centroamericana (CECC-SICA) y la UNESCO invitan a los artistas y profesionales de la cultura a participar [&hellip;]<\/p>\n","protected":false},"author":7,"featured_media":554536,"comment_status":"closed","ping_status":"closed","sticky":false,"template":"","format":"standard","meta":{"footnotes":""},"categories":[25],"tags":[],"class_list":["post-554521","post","type-post","status-publish","format-standard","has-post-thumbnail","hentry","category-gente"],"_links":{"self":[{"href":"https:\/\/diariodominicano.com\/index.php?rest_route=\/wp\/v2\/posts\/554521","targetHints":{"allow":["GET"]}}],"collection":[{"href":"https:\/\/diariodominicano.com\/index.php?rest_route=\/wp\/v2\/posts"}],"about":[{"href":"https:\/\/diariodominicano.com\/index.php?rest_route=\/wp\/v2\/types\/post"}],"author":[{"embeddable":true,"href":"https:\/\/diariodominicano.com\/index.php?rest_route=\/wp\/v2\/users\/7"}],"replies":[{"embeddable":true,"href":"https:\/\/diariodominicano.com\/index.php?rest_route=%2Fwp%2Fv2%2Fcomments&post=554521"}],"version-history":[{"count":1,"href":"https:\/\/diariodominicano.com\/index.php?rest_route=\/wp\/v2\/posts\/554521\/revisions"}],"predecessor-version":[{"id":554560,"href":"https:\/\/diariodominicano.com\/index.php?rest_route=\/wp\/v2\/posts\/554521\/revisions\/554560"}],"wp:featuredmedia":[{"embeddable":true,"href":"https:\/\/diariodominicano.com\/index.php?rest_route=\/wp\/v2\/media\/554536"}],"wp:attachment":[{"href":"https:\/\/diariodominicano.com\/index.php?rest_route=%2Fwp%2Fv2%2Fmedia&parent=554521"}],"wp:term":[{"taxonomy":"category","embeddable":true,"href":"https:\/\/diariodominicano.com\/index.php?rest_route=%2Fwp%2Fv2%2Fcategories&post=554521"},{"taxonomy":"post_tag","embeddable":true,"href":"https:\/\/diariodominicano.com\/index.php?rest_route=%2Fwp%2Fv2%2Ftags&post=554521"}],"curies":[{"name":"wp","href":"https:\/\/api.w.org\/{rel}","templated":true}]}}