{"id":554518,"date":"2024-08-26T18:32:57","date_gmt":"2024-08-26T22:32:57","guid":{"rendered":"https:\/\/diariodominicano.com\/?p=554518"},"modified":"2024-08-26T18:32:59","modified_gmt":"2024-08-26T22:32:59","slug":"dale-pututi-el-artista-latino-que-llego-a-hollywood-con-una-cancion-en-bad-boys-estrena-album","status":"publish","type":"post","link":"https:\/\/diariodominicano.com\/?p=554518","title":{"rendered":"Dale Pututi, el artista latino que lleg\u00f3 a Hollywood con una canci\u00f3n en \u201cBad boys\u201d, estrena \u00e1lbum"},"content":{"rendered":"\n<p><em>El int\u00e9rprete, productor y compositor re\u00fane a Gente de Zona, Dahian El Apechao y Iam Chino, entre otras importantes colaboraciones.<\/em> <\/p>\n\n\n\n<p>El reconocido y multipremiado artista latino Dale Pututi, que lleg\u00f3 a Hollywood con una canci\u00f3n en la pel\u00edcula \u201cBad boys\u201d, estren\u00f3 este viernes \u201cMambo\u201d, el primer sencillo de su disco \u201cOcean\u201d.<\/p>\n\n\n\n<p>\u201cEste \u00e1lbum significa mucho m\u00e1s que una simple colecci\u00f3n de canciones; es un reflejo de una etapa muy especial en mi vida. Con la llegada de mi primer hijo, Ocean, y el nacimiento de mi primer disco, siento que estoy compartiendo con el mundo una parte muy \u00edntima de mi ser\u201d, afirm\u00f3 Dale Pututi.<\/p>\n\n\n\n<figure class=\"wp-block-image size-large\"><img loading=\"lazy\" decoding=\"async\" width=\"1024\" height=\"1024\" src=\"https:\/\/diariodominicano.com\/wp-content\/uploads\/2024\/08\/El-interprete-productor-y-compositor-reune-a-Gente-de-Zona-Dahian-1024x1024.jpg\" alt=\"\" class=\"wp-image-554526\" srcset=\"https:\/\/diariodominicano.com\/wp-content\/uploads\/2024\/08\/El-interprete-productor-y-compositor-reune-a-Gente-de-Zona-Dahian-1024x1024.jpg 1024w, https:\/\/diariodominicano.com\/wp-content\/uploads\/2024\/08\/El-interprete-productor-y-compositor-reune-a-Gente-de-Zona-Dahian-300x300.jpg 300w, https:\/\/diariodominicano.com\/wp-content\/uploads\/2024\/08\/El-interprete-productor-y-compositor-reune-a-Gente-de-Zona-Dahian-150x150.jpg 150w, https:\/\/diariodominicano.com\/wp-content\/uploads\/2024\/08\/El-interprete-productor-y-compositor-reune-a-Gente-de-Zona-Dahian-768x768.jpg 768w, https:\/\/diariodominicano.com\/wp-content\/uploads\/2024\/08\/El-interprete-productor-y-compositor-reune-a-Gente-de-Zona-Dahian-1536x1536.jpg 1536w, https:\/\/diariodominicano.com\/wp-content\/uploads\/2024\/08\/El-interprete-productor-y-compositor-reune-a-Gente-de-Zona-Dahian-88x88.jpg 88w, https:\/\/diariodominicano.com\/wp-content\/uploads\/2024\/08\/El-interprete-productor-y-compositor-reune-a-Gente-de-Zona-Dahian-816x816.jpg 816w, https:\/\/diariodominicano.com\/wp-content\/uploads\/2024\/08\/El-interprete-productor-y-compositor-reune-a-Gente-de-Zona-Dahian.jpg 2048w\" sizes=\"auto, (max-width: 1024px) 100vw, 1024px\" \/><\/figure>\n\n\n\n<p>En el disco colaboran Gente de Zona, Iam Chino, Dahian El Apechao, El Ni\u00f1o y la Verdad, Nesty, Alexander El Monarca, Un Titico, Wow Popi, Chris Tamayo, L Kimii, Lucho, Payaso por ley, El Carli y Wampi.<\/p>\n\n\n\n<p>\u201cTodo ha sido creado con el coraz\u00f3n, rodeado de personas que admiro y respeto. Espero aportar algo valioso a la m\u00fasica cubana y al g\u00e9nero urbano, y conectar con mi p\u00fablico de una manera significativa, para llevarles alegr\u00eda a sus casas. Me siento bendecido y emocionado por lo que est\u00e1 pasando y por lo que viene\u201d, a\u00f1adi\u00f3 el artista.<\/p>\n\n\n\n<p>\u201cOcean\u201d abre una nueva etapa en su carrera como cantante, luego del \u00e9xito de \u201cEpicentro\u201d, su primer disco como productor.<\/p>\n\n\n\n<p>\u201cCada colaboraci\u00f3n trae una energ\u00eda distinta y una esencia \u00fanica al \u00e1lbum. Si tuviera que destacar algo, ser\u00eda la emoci\u00f3n de ver c\u00f3mo cada una ha contribuido a crear un proyecto tan diverso y completo. Cada artista ha aportado lo mejor de s\u00ed\u201d, indic\u00f3.<\/p>\n\n\n\n<p>Dale Pututi es uno de los productores y compositores m\u00e1s talentosos de la industria musical latina.<\/p>\n\n\n\n<p>Nominado al Grammy Latino en 2022, en la categor\u00eda Mejor Canci\u00f3n Urbana por \u201cMuchacha\u201d, es el encargado de la nueva sonoridad de Gente de Zona, que interpreta la canci\u00f3n junto a Becky G. Tambi\u00e9n trabaj\u00f3 como compositor en algunos de los temas del disco \u201cComo anillo al dedo\u201d, de Aym\u00e9e Nuviola, ganador de un Grammy Latino en la categor\u00eda Mejor \u00c1lbum Fusi\u00f3n Tropical.<\/p>\n\n\n\n<p>Tambi\u00e9n con Gente de Zona (\u00c1lbum \u201cOtra cosa\u201d) fue certificado por la RIAA con Oro y Platino por las ventas en Estados Unidos. Y con Gente de Zona y Becky G (\u201cMuchacha\u201d) fue certificado por la RIAA con Oro y Platino. <\/p>\n\n\n\n<p><a href=\"https:\/\/www.instagram.com\/dalepututi\/\" target=\"_blank\" rel=\"noreferrer noopener\">https:\/\/www.instagram.com\/dalepututi\/<\/a><\/p>\n\n\n\n<figure class=\"wp-block-embed is-type-video is-provider-youtube wp-block-embed-youtube wp-embed-aspect-16-9 wp-has-aspect-ratio\"><div class=\"wp-block-embed__wrapper\">\n<iframe loading=\"lazy\" title=\"Dale Pututi - Gente de Zona, Iam Chino, Dahian El Apechao - Mambo (Video Oficial)\" width=\"616\" height=\"347\" src=\"https:\/\/www.youtube.com\/embed\/Hqu_0ifPnW4?feature=oembed\" frameborder=\"0\" allow=\"accelerometer; autoplay; clipboard-write; encrypted-media; gyroscope; picture-in-picture; web-share\" referrerpolicy=\"strict-origin-when-cross-origin\" allowfullscreen><\/iframe>\n<\/div><\/figure>\n\n\n\n<p><strong>EB Public Relations<\/strong>\u00a0esther@ebmanagement.io\u00a0<\/p>\n","protected":false},"excerpt":{"rendered":"<p>El int\u00e9rprete, productor y compositor re\u00fane a Gente de Zona, Dahian El Apechao y Iam Chino, entre otras importantes colaboraciones. El reconocido y multipremiado artista latino Dale Pututi, que lleg\u00f3 a Hollywood con una canci\u00f3n en la pel\u00edcula \u201cBad boys\u201d, estren\u00f3 este viernes \u201cMambo\u201d, el primer sencillo de su disco \u201cOcean\u201d. \u201cEste \u00e1lbum significa mucho [&hellip;]<\/p>\n","protected":false},"author":7,"featured_media":554525,"comment_status":"closed","ping_status":"closed","sticky":false,"template":"","format":"standard","meta":{"footnotes":""},"categories":[25],"tags":[],"class_list":["post-554518","post","type-post","status-publish","format-standard","has-post-thumbnail","hentry","category-gente"],"_links":{"self":[{"href":"https:\/\/diariodominicano.com\/index.php?rest_route=\/wp\/v2\/posts\/554518","targetHints":{"allow":["GET"]}}],"collection":[{"href":"https:\/\/diariodominicano.com\/index.php?rest_route=\/wp\/v2\/posts"}],"about":[{"href":"https:\/\/diariodominicano.com\/index.php?rest_route=\/wp\/v2\/types\/post"}],"author":[{"embeddable":true,"href":"https:\/\/diariodominicano.com\/index.php?rest_route=\/wp\/v2\/users\/7"}],"replies":[{"embeddable":true,"href":"https:\/\/diariodominicano.com\/index.php?rest_route=%2Fwp%2Fv2%2Fcomments&post=554518"}],"version-history":[{"count":1,"href":"https:\/\/diariodominicano.com\/index.php?rest_route=\/wp\/v2\/posts\/554518\/revisions"}],"predecessor-version":[{"id":554528,"href":"https:\/\/diariodominicano.com\/index.php?rest_route=\/wp\/v2\/posts\/554518\/revisions\/554528"}],"wp:featuredmedia":[{"embeddable":true,"href":"https:\/\/diariodominicano.com\/index.php?rest_route=\/wp\/v2\/media\/554525"}],"wp:attachment":[{"href":"https:\/\/diariodominicano.com\/index.php?rest_route=%2Fwp%2Fv2%2Fmedia&parent=554518"}],"wp:term":[{"taxonomy":"category","embeddable":true,"href":"https:\/\/diariodominicano.com\/index.php?rest_route=%2Fwp%2Fv2%2Fcategories&post=554518"},{"taxonomy":"post_tag","embeddable":true,"href":"https:\/\/diariodominicano.com\/index.php?rest_route=%2Fwp%2Fv2%2Ftags&post=554518"}],"curies":[{"name":"wp","href":"https:\/\/api.w.org\/{rel}","templated":true}]}}