{"id":554475,"date":"2024-08-26T13:46:03","date_gmt":"2024-08-26T17:46:03","guid":{"rendered":"https:\/\/diariodominicano.com\/?p=554475"},"modified":"2024-08-26T13:46:28","modified_gmt":"2024-08-26T17:46:28","slug":"boston-brillo-en-la-quinta-entrega-de-los-premios-dominicanisimo-2024","status":"publish","type":"post","link":"https:\/\/diariodominicano.com\/?p=554475","title":{"rendered":"Boston brill\u00f3 en la quinta entrega de los Premios Dominican\u00edsimo 2024"},"content":{"rendered":"\n<p><strong>Boston, MA<\/strong>&nbsp;&#8211; Los salones del DoubleTree by Hilton Hotel se vistieron de gala para acoger la quinta entrega de los Premios Dominican\u00edsimo 2024, un evento que una vez m\u00e1s destac\u00f3 lo mejor de la comunidad dominicana en el exterior. Organizado por Mat\u00edas Radio Network, esta gala se ha convertido en un s\u00edmbolo de orgullo y reconocimiento para los dominicanos y latinos que, a trav\u00e9s de su trabajo, han dejado una huella imborrable a nivel mundial.<\/p>\n\n\n\n<figure class=\"wp-block-gallery has-nested-images columns-default is-cropped wp-block-gallery-1 is-layout-flex wp-block-gallery-is-layout-flex\">\n<figure class=\"wp-block-image size-large\"><img loading=\"lazy\" decoding=\"async\" width=\"1024\" height=\"678\" data-id=\"554499\" src=\"https:\/\/diariodominicano.com\/wp-content\/uploads\/2024\/08\/Boston-brillo-en-la-quinta-entrega-de-Premios-Dominicanisimo-2024-1024x678.jpg\" alt=\"\" class=\"wp-image-554499\" srcset=\"https:\/\/diariodominicano.com\/wp-content\/uploads\/2024\/08\/Boston-brillo-en-la-quinta-entrega-de-Premios-Dominicanisimo-2024-1024x678.jpg 1024w, https:\/\/diariodominicano.com\/wp-content\/uploads\/2024\/08\/Boston-brillo-en-la-quinta-entrega-de-Premios-Dominicanisimo-2024-300x199.jpg 300w, https:\/\/diariodominicano.com\/wp-content\/uploads\/2024\/08\/Boston-brillo-en-la-quinta-entrega-de-Premios-Dominicanisimo-2024-768x508.jpg 768w, https:\/\/diariodominicano.com\/wp-content\/uploads\/2024\/08\/Boston-brillo-en-la-quinta-entrega-de-Premios-Dominicanisimo-2024-816x540.jpg 816w, https:\/\/diariodominicano.com\/wp-content\/uploads\/2024\/08\/Boston-brillo-en-la-quinta-entrega-de-Premios-Dominicanisimo-2024.jpg 1080w\" sizes=\"auto, (max-width: 1024px) 100vw, 1024px\" \/><\/figure>\n<\/figure>\n\n\n\n<p><strong>El ministro de Turismo de la Rep\u00fablica Dominicana, David Collado, fue el gran protagonista de la noche al recibir el premio \u00abExcelencia De La Patria Dominican\u00edsimo 2024\u00bb<\/strong>, el galard\u00f3n m\u00e1s alto de la ceremonia. En la misma l\u00ednea, la ingeniera de la NASA de origen dominicano, Scarling Hern\u00e1ndez, fue nombrada como la Gran Dominican\u00edsima Internacional, reafirmando el talento dominicano en escenarios globales.<\/p>\n\n\n\n<figure class=\"wp-block-gallery has-nested-images columns-default is-cropped wp-block-gallery-2 is-layout-flex wp-block-gallery-is-layout-flex\">\n<figure class=\"wp-block-image size-large\"><img loading=\"lazy\" decoding=\"async\" width=\"1024\" height=\"658\" data-id=\"554498\" src=\"https:\/\/diariodominicano.com\/wp-content\/uploads\/2024\/08\/Boston-brillo-en-quinta-entrega-los-Premios-Dominicanisimo-2024-1024x658.jpg\" alt=\"\" class=\"wp-image-554498\" srcset=\"https:\/\/diariodominicano.com\/wp-content\/uploads\/2024\/08\/Boston-brillo-en-quinta-entrega-los-Premios-Dominicanisimo-2024-1024x658.jpg 1024w, https:\/\/diariodominicano.com\/wp-content\/uploads\/2024\/08\/Boston-brillo-en-quinta-entrega-los-Premios-Dominicanisimo-2024-300x193.jpg 300w, https:\/\/diariodominicano.com\/wp-content\/uploads\/2024\/08\/Boston-brillo-en-quinta-entrega-los-Premios-Dominicanisimo-2024-768x494.jpg 768w, https:\/\/diariodominicano.com\/wp-content\/uploads\/2024\/08\/Boston-brillo-en-quinta-entrega-los-Premios-Dominicanisimo-2024-816x524.jpg 816w, https:\/\/diariodominicano.com\/wp-content\/uploads\/2024\/08\/Boston-brillo-en-quinta-entrega-los-Premios-Dominicanisimo-2024.jpg 1080w\" sizes=\"auto, (max-width: 1024px) 100vw, 1024px\" \/><\/figure>\n<\/figure>\n\n\n\n<p>La premiaci\u00f3n tambi\u00e9n honr\u00f3 a personalidades del \u00e1mbito de la comunicaci\u00f3n, como Jochy Santos, Mariela Encarnaci\u00f3n, Jatnna Tav\u00e1rez, Tony Dandrades, y Ariel Santana, quienes fueron galardonados en sus respectivas \u00e1reas. La dise\u00f1adora de fama internacional Giannina Azar recibi\u00f3 el premio \u00abExcelencia Dominican\u00edsima 2024\u00bb, reconociendo su destacada contribuci\u00f3n al mundo de la moda.<\/p>\n\n\n\n<figure class=\"wp-block-gallery has-nested-images columns-default is-cropped wp-block-gallery-3 is-layout-flex wp-block-gallery-is-layout-flex\">\n<figure class=\"wp-block-image size-large\"><img loading=\"lazy\" decoding=\"async\" width=\"1024\" height=\"680\" data-id=\"554497\" src=\"https:\/\/diariodominicano.com\/wp-content\/uploads\/2024\/08\/Boston-brillo-en-la-quinta-entrega-los-Premios-Dominicanisimo-2024-1024x680.jpg\" alt=\"\" class=\"wp-image-554497\" srcset=\"https:\/\/diariodominicano.com\/wp-content\/uploads\/2024\/08\/Boston-brillo-en-la-quinta-entrega-los-Premios-Dominicanisimo-2024-1024x680.jpg 1024w, https:\/\/diariodominicano.com\/wp-content\/uploads\/2024\/08\/Boston-brillo-en-la-quinta-entrega-los-Premios-Dominicanisimo-2024-300x199.jpg 300w, https:\/\/diariodominicano.com\/wp-content\/uploads\/2024\/08\/Boston-brillo-en-la-quinta-entrega-los-Premios-Dominicanisimo-2024-768x510.jpg 768w, https:\/\/diariodominicano.com\/wp-content\/uploads\/2024\/08\/Boston-brillo-en-la-quinta-entrega-los-Premios-Dominicanisimo-2024-816x542.jpg 816w, https:\/\/diariodominicano.com\/wp-content\/uploads\/2024\/08\/Boston-brillo-en-la-quinta-entrega-los-Premios-Dominicanisimo-2024.jpg 1080w\" sizes=\"auto, (max-width: 1024px) 100vw, 1024px\" \/><\/figure>\n<\/figure>\n\n\n\n<p>Uno de los momentos m\u00e1s emotivos de la noche fue el reconocimiento a la trabajadora comunitaria de Boston, Frieda Garcia, quien, a sus 92 a\u00f1os, conmovi\u00f3 al p\u00fablico con un discurso lleno de sabidur\u00eda y agradecimiento. Asimismo, el manager del equipo de b\u00e9isbol de los Red Sox de Boston, \u00c1lex Cora, recibi\u00f3 el premio \u00abAmigo por Siempre\u00bb, en honor a su significativa aportaci\u00f3n a la comunidad dominicana.El evento tambi\u00e9n cont\u00f3 con un vibrante homenaje al legendario Camboy Est\u00e9vez y la presentaci\u00f3n estelar de la gran artista dominicana Maridalia Hern\u00e1ndez. Adem\u00e1s, se rindi\u00f3 un sentido reconocimiento a la m\u00fasica del fenecido artista del folclore dominicano Luis D\u00edaz, destacando la riqueza cultural de la comunidad.<\/p>\n\n\n\n<p>Los Premios Dominican\u00edsimo continuar\u00e1n celebrando el talento y el compromiso de los dominicanos en el mes de agosto del 2025, siguiendo su tradici\u00f3n de exaltar lo mejor de esta vibrante comunidad. Para conocer m\u00e1s sobre los ganadores y seguir todos los detalles del evento, los interesados pueden visitar la p\u00e1gina oficial del certamen&nbsp;<a href=\"http:\/\/www.premiosdominicanisimo.com\/\" target=\"_blank\" rel=\"noreferrer noopener\">www.premiosdominicanisimo.com<\/a><\/p>\n","protected":false},"excerpt":{"rendered":"<p>Boston, MA&nbsp;&#8211; Los salones del DoubleTree by Hilton Hotel se vistieron de gala para acoger la quinta entrega de los Premios Dominican\u00edsimo 2024, un evento que una vez m\u00e1s destac\u00f3 lo mejor de la comunidad dominicana en el exterior. Organizado por Mat\u00edas Radio Network, esta gala se ha convertido en un s\u00edmbolo de orgullo y [&hellip;]<\/p>\n","protected":false},"author":7,"featured_media":554500,"comment_status":"closed","ping_status":"closed","sticky":false,"template":"","format":"standard","meta":{"footnotes":""},"categories":[25],"tags":[],"class_list":["post-554475","post","type-post","status-publish","format-standard","has-post-thumbnail","hentry","category-gente"],"_links":{"self":[{"href":"https:\/\/diariodominicano.com\/index.php?rest_route=\/wp\/v2\/posts\/554475","targetHints":{"allow":["GET"]}}],"collection":[{"href":"https:\/\/diariodominicano.com\/index.php?rest_route=\/wp\/v2\/posts"}],"about":[{"href":"https:\/\/diariodominicano.com\/index.php?rest_route=\/wp\/v2\/types\/post"}],"author":[{"embeddable":true,"href":"https:\/\/diariodominicano.com\/index.php?rest_route=\/wp\/v2\/users\/7"}],"replies":[{"embeddable":true,"href":"https:\/\/diariodominicano.com\/index.php?rest_route=%2Fwp%2Fv2%2Fcomments&post=554475"}],"version-history":[{"count":1,"href":"https:\/\/diariodominicano.com\/index.php?rest_route=\/wp\/v2\/posts\/554475\/revisions"}],"predecessor-version":[{"id":554501,"href":"https:\/\/diariodominicano.com\/index.php?rest_route=\/wp\/v2\/posts\/554475\/revisions\/554501"}],"wp:featuredmedia":[{"embeddable":true,"href":"https:\/\/diariodominicano.com\/index.php?rest_route=\/wp\/v2\/media\/554500"}],"wp:attachment":[{"href":"https:\/\/diariodominicano.com\/index.php?rest_route=%2Fwp%2Fv2%2Fmedia&parent=554475"}],"wp:term":[{"taxonomy":"category","embeddable":true,"href":"https:\/\/diariodominicano.com\/index.php?rest_route=%2Fwp%2Fv2%2Fcategories&post=554475"},{"taxonomy":"post_tag","embeddable":true,"href":"https:\/\/diariodominicano.com\/index.php?rest_route=%2Fwp%2Fv2%2Ftags&post=554475"}],"curies":[{"name":"wp","href":"https:\/\/api.w.org\/{rel}","templated":true}]}}