{"id":554302,"date":"2024-08-25T16:15:41","date_gmt":"2024-08-25T20:15:41","guid":{"rendered":"https:\/\/diariodominicano.com\/?p=554302"},"modified":"2024-08-26T08:40:19","modified_gmt":"2024-08-26T12:40:19","slug":"banco-popular-otorga-60-becas-a-jovenes-meritorios","status":"publish","type":"post","link":"https:\/\/diariodominicano.com\/?p=554302","title":{"rendered":"Banco Popular otorga 60 becas a j\u00f3venes meritorios"},"content":{"rendered":"\n<p>El 80% de los egresados ha encontrado empleo en sectores productivos de la econom\u00eda, seg\u00fan se indic\u00f3 en el evento de entrega de becas. \u00a0<\/p>\n\n\n\n<p><strong>Destacan empleo y desarrollo humano obtenido por cientos de egresados<\/strong><\/p>\n\n\n\n<p>Santo Domingo, D.N. &#8211; El Banco Popular Dominicano anunci\u00f3 la incorporaci\u00f3n de 60 nuevos estudiantes meritorios en su programa de becas Excelencia Popular, que ahora cuenta con m\u00e1s de 326 miembros activos y 312 graduados, reafirmando su posici\u00f3n como el programa de becas m\u00e1s abarcador del sistema financiero nacional.<\/p>\n\n\n\n<figure class=\"wp-block-image size-large\"><img loading=\"lazy\" decoding=\"async\" width=\"1024\" height=\"731\" src=\"https:\/\/diariodominicano.com\/wp-content\/uploads\/2024\/08\/AND01250-1024x731.jpg\" alt=\"\" class=\"wp-image-554305\" srcset=\"https:\/\/diariodominicano.com\/wp-content\/uploads\/2024\/08\/AND01250-1024x731.jpg 1024w, https:\/\/diariodominicano.com\/wp-content\/uploads\/2024\/08\/AND01250-300x214.jpg 300w, https:\/\/diariodominicano.com\/wp-content\/uploads\/2024\/08\/AND01250-768x549.jpg 768w, https:\/\/diariodominicano.com\/wp-content\/uploads\/2024\/08\/AND01250-1536x1097.jpg 1536w, https:\/\/diariodominicano.com\/wp-content\/uploads\/2024\/08\/AND01250-2048x1463.jpg 2048w, https:\/\/diariodominicano.com\/wp-content\/uploads\/2024\/08\/AND01250-816x583.jpg 816w\" sizes=\"auto, (max-width: 1024px) 100vw, 1024px\" \/><\/figure>\n\n\n\n<p>Esta entrega de 60 becas se realiza en el marco del 60\u00b0 aniversario del Banco Popular y corresponde a la convocatoria realizada a principios de a\u00f1o para cursar estudios superiores y t\u00e9cnicos en 32 diferentes carreras en 11 universidades del pa\u00eds.<\/p>\n\n\n\n<p>Esta convocatoria recibi\u00f3 una alt\u00edsima demanda de j\u00f3venes interesados en acceder a una de estas becas, superando las 6,000 solicitudes.<\/p>\n\n\n\n<p>Excelencia Popular colabora actualmente con 23 instituciones acad\u00e9micas aliadas, que seleccionan a los estudiantes ganadores de cada beca, de acuerdo con criterios que se trabajan en conjunto con un equipo del Banco Popular.<\/p>\n\n\n\n<figure class=\"wp-block-image size-large\"><img loading=\"lazy\" decoding=\"async\" width=\"1024\" height=\"683\" src=\"https:\/\/diariodominicano.com\/wp-content\/uploads\/2024\/08\/AND01542-1024x683.jpg\" alt=\"\" class=\"wp-image-554388\" srcset=\"https:\/\/diariodominicano.com\/wp-content\/uploads\/2024\/08\/AND01542-1024x683.jpg 1024w, https:\/\/diariodominicano.com\/wp-content\/uploads\/2024\/08\/AND01542-300x200.jpg 300w, https:\/\/diariodominicano.com\/wp-content\/uploads\/2024\/08\/AND01542-768x512.jpg 768w, https:\/\/diariodominicano.com\/wp-content\/uploads\/2024\/08\/AND01542-1536x1024.jpg 1536w, https:\/\/diariodominicano.com\/wp-content\/uploads\/2024\/08\/AND01542-2048x1365.jpg 2048w, https:\/\/diariodominicano.com\/wp-content\/uploads\/2024\/08\/AND01542-816x544.jpg 816w\" sizes=\"auto, (max-width: 1024px) 100vw, 1024px\" \/><\/figure>\n\n\n\n<p>Excelencia Popular colabora actualmente con 23 instituciones acad\u00e9micas aliadas. En la foto, ejecutivos del Banco Popular, encabezados por su presidente ejecutivo, se\u00f1or Christopher Paniagua, junto a autoridades acad\u00e9micas.<\/p>\n\n\n\n<p>Estos criterios de selecci\u00f3n son la excelencia acad\u00e9mica, las necesidades financieras, las motivaciones personales y profesionales de cada candidato, as\u00ed como el conocimiento del programa.<\/p>\n\n\n\n<p><strong>Empleo y desarrollo humano &nbsp;<\/strong><\/p>\n\n\n\n<p>El acto formal de la entrega de nuevas becas se realiz\u00f3 en la Torre Popular, sede de la entidad bancaria, ante la presencia de miembros del programa de becados que culminaron sus estudios, autoridades acad\u00e9micas, ejecutivos de la entidad bancaria e invitados especiales, y estuvo conducido por dos egresadas de Excelencia Popular que hoy son colaboradoras de la organizaci\u00f3n financiera: Michelle Acosta, l\u00edder de Proyectos en el Departamento de Gesti\u00f3n de Proyectos, y Nicole Mercedes, gerente de Negocios Internacionales.<\/p>\n\n\n\n<p>El se\u00f1or Christopher Paniagua, presidente ejecutivo del Banco Popular, subray\u00f3 el \u00e9xito que ha logrado el programa, sustentado en el hecho de que el 80% de los egresados han encontrado empleo en sectores productivos de la econom\u00eda, algunos de ellos trabajando ya en el propio banco o en otras filiales del Grupo Popular.<\/p>\n\n\n\n<p>\u201cHoy es un d\u00eda para celebrar, para reconocer el inicio de un viaje que est\u00e1 lleno de promesas, de oportunidades y tambi\u00e9n de responsabilidad. La beca Excelencia Popular es un reconocimiento al m\u00e9rito y sobre todo una puerta abierta hacia un futuro brillante. Los animo a aprovechar al m\u00e1ximo esta experiencia.\u201d, motiv\u00f3 a los nuevos becados el presidente ejecutivo del Popular.<\/p>\n\n\n\n<p><strong>Beneficios de la beca<\/strong><\/p>\n\n\n\n<p>Quienes logran una beca de Excelencia Popular obtienen cobertura completa de los gastos educativos, un equipo tecnol\u00f3gico para sus estudios, acompa\u00f1amiento en el desarrollo de habilidades blandas, capacitaciones formativas durante toda la carrera en el \u00e1mbito acad\u00e9mico, participaci\u00f3n en actividades como jornadas de reforestaci\u00f3n o eventos culturales, acceso a las premiaciones de los becados m\u00e1s sobresalientes y oportunidad de pasant\u00edas y empleos.<\/p>\n\n\n\n<p>En tanto, en nombre de las casas acad\u00e9micas, el rector del Instituto Tecnol\u00f3gico de Santo Domingo (INTEC), doctor Julio S\u00e1nchez Mar\u00ed\u00f1ez, dijo que \u201cen el pa\u00eds sobra talento, tenemos que generar m\u00e1s oportunidades, gracias al Banco Popular por esto\u201d. \u201cEn nombre de los becarios, de los integrantes de Excelencia Popular, de sus familiares y de nuestras instituciones, puedo terminar diciendo gracias, Banco Popular por estar siempre a nuestro lado\u201d.<\/p>\n\n\n\n<p><strong>Becados, los protagonistas<\/strong><\/p>\n\n\n\n<p>El evento de entrega de becas y premiaci\u00f3n de los mejores egresados de Excelencia Popular cont\u00f3 con las palabras del joven Sebasti\u00e1n Otero, egresado de la carrera de Cine en CHAV\u00d3N, con un \u00edndice de 3.9, quien habl\u00f3 en nombre de todos los egresados del programa y expres\u00f3 su gratitud a la organizaci\u00f3n financiera por este acompa\u00f1amiento en su formaci\u00f3n.<\/p>\n\n\n\n<p>\u201cMi experiencia con el programa de becas Excelencia Popular ha sido transformadora, y el<\/p>\n\n\n\n<p>impacto positivo que ha tenido en mi vida es incalculable. Nos ha ense\u00f1ado que el apoyo y el esfuerzo compartidos pueden abrir puertas y crear futuros llenos de posibilidades\u201d. dijo a los presentes.<\/p>\n\n\n\n<p>Tambi\u00e9n fue reconocida la joven Isabel Tav\u00e1rez Paulino, quien complet\u00f3 su bachillerato t\u00e9cnico en el Instituto Polit\u00e9cnico Loyola (IPL), con un \u00edndice acad\u00e9mico de 3.7.<\/p>\n\n\n\n<p>La agenda del evento concluy\u00f3 con una presentaci\u00f3n sobre el impacto del programa, la proyecci\u00f3n de un video testimonial y la conferencia \u00abExcelencia financiera: el poder de tus decisiones\u00bb, impartida por la coach financiera Pamela Pichardo.<\/p>\n\n\n\n<p>En adici\u00f3n, como parte del acompa\u00f1amiento que ofrece Excelencia Popular, se inform\u00f3 que los nuevos becados recibir\u00e1n un curso intensivo en finanzas personales, lo cual no solo mejorar\u00e1 su gesti\u00f3n financiera, sino que tambi\u00e9n ser\u00e1 esencial para su crecimiento profesional y personal.<\/p>\n\n\n\n<figure class=\"wp-block-image\"><img decoding=\"async\" src=\"https:\/\/lh3.googleusercontent.com\/a\/default-user=s64-p-k-rw-no\" alt=\"Foto de perfil\"\/><\/figure>\n\n\n\n<p>RAINIER ANTONIO MALDONADO TAPIA<\/p>\n\n\n\n<p>RAINIER ANTONIO MALDONADO TAPIA ()<\/p>\n\n\n\n<p><a target=\"_blank\" href=\"mailto:rmaldonado@bpd.com.do\" rel=\"noreferrer noopener\">rmaldonado@bpd.com.do<\/a><\/p>\n\n\n\n<p>A\u00f1adir a mis contactosAbrir vista detalladaEnviar correo<\/p>\n\n\n\n<p>Enviar mensaje<\/p>\n\n\n\n<p>Enviar invitaci\u00f3n a videollamada<\/p>\n\n\n\n<p>Programar evento<\/p>\n\n\n\n<p><strong>Vicepresidencia Ejecutiva<\/strong><\/p>\n\n\n\n<p><strong>Comunicaciones Corporativas, Reputaci\u00f3n y Banca Responsable<\/strong><\/p>\n\n\n\n<p><strong>Grupo Popular, S. A.<\/strong><\/p>\n","protected":false},"excerpt":{"rendered":"<p>El 80% de los egresados ha encontrado empleo en sectores productivos de la econom\u00eda, seg\u00fan se indic\u00f3 en el evento de entrega de becas. \u00a0 Destacan empleo y desarrollo humano obtenido por cientos de egresados Santo Domingo, D.N. &#8211; El Banco Popular Dominicano anunci\u00f3 la incorporaci\u00f3n de 60 nuevos estudiantes meritorios en su programa de [&hellip;]<\/p>\n","protected":false},"author":28,"featured_media":554303,"comment_status":"closed","ping_status":"closed","sticky":true,"template":"","format":"standard","meta":{"footnotes":""},"categories":[36,18,27],"tags":[],"class_list":["post-554302","post","type-post","status-publish","format-standard","has-post-thumbnail","hentry","category-hombresmujeresycosas","category-economia","category-portada"],"_links":{"self":[{"href":"https:\/\/diariodominicano.com\/index.php?rest_route=\/wp\/v2\/posts\/554302","targetHints":{"allow":["GET"]}}],"collection":[{"href":"https:\/\/diariodominicano.com\/index.php?rest_route=\/wp\/v2\/posts"}],"about":[{"href":"https:\/\/diariodominicano.com\/index.php?rest_route=\/wp\/v2\/types\/post"}],"author":[{"embeddable":true,"href":"https:\/\/diariodominicano.com\/index.php?rest_route=\/wp\/v2\/users\/28"}],"replies":[{"embeddable":true,"href":"https:\/\/diariodominicano.com\/index.php?rest_route=%2Fwp%2Fv2%2Fcomments&post=554302"}],"version-history":[{"count":6,"href":"https:\/\/diariodominicano.com\/index.php?rest_route=\/wp\/v2\/posts\/554302\/revisions"}],"predecessor-version":[{"id":554393,"href":"https:\/\/diariodominicano.com\/index.php?rest_route=\/wp\/v2\/posts\/554302\/revisions\/554393"}],"wp:featuredmedia":[{"embeddable":true,"href":"https:\/\/diariodominicano.com\/index.php?rest_route=\/wp\/v2\/media\/554303"}],"wp:attachment":[{"href":"https:\/\/diariodominicano.com\/index.php?rest_route=%2Fwp%2Fv2%2Fmedia&parent=554302"}],"wp:term":[{"taxonomy":"category","embeddable":true,"href":"https:\/\/diariodominicano.com\/index.php?rest_route=%2Fwp%2Fv2%2Fcategories&post=554302"},{"taxonomy":"post_tag","embeddable":true,"href":"https:\/\/diariodominicano.com\/index.php?rest_route=%2Fwp%2Fv2%2Ftags&post=554302"}],"curies":[{"name":"wp","href":"https:\/\/api.w.org\/{rel}","templated":true}]}}