{"id":554250,"date":"2024-08-25T21:19:43","date_gmt":"2024-08-26T01:19:43","guid":{"rendered":"https:\/\/diariodominicano.com\/?p=554250"},"modified":"2024-08-25T21:24:02","modified_gmt":"2024-08-26T01:24:02","slug":"felix-damian-olivares-cree-que-no-debe-tocarse-al-mp-en-la-constitucion-dice-pe-debe-seguir-designando-al-procurador","status":"publish","type":"post","link":"https:\/\/diariodominicano.com\/?p=554250","title":{"rendered":"F\u00e9lix Dami\u00e1n Olivares cree que no debe tocarse al MP en la Constituci\u00f3n; dice PE debe seguir designando al procurador \u00a0"},"content":{"rendered":"\n<p><em>Afirma que los congresistas ganan con reducci\u00f3n de diputados<\/em> <\/p>\n\n\n\n<p>Santo Domingo. &#8211; El abogado F\u00e9lix Dami\u00e1n Olivares entiende que en la propuesta de reforma constitucional depositada ante el Senado por el presidente Luis Abinader, hay que observar la parte del Ministerio P\u00fablico porque ser\u00eda un riesgo aplicar los cambios que en esta parte se proponen. &nbsp;&nbsp;<\/p>\n\n\n\n<p>\u201cYo entiendo que el presidente debe seguir pudiendo designar al procurador o procuradora y a la mitad de los adjuntos para poder trazar las pol\u00edticas generales de su gesti\u00f3n\u201d, manifest\u00f3 Olivares.<\/p>\n\n\n\n<figure class=\"wp-block-gallery has-nested-images columns-default is-cropped wp-block-gallery-1 is-layout-flex wp-block-gallery-is-layout-flex\">\n<figure class=\"wp-block-image size-large\"><img loading=\"lazy\" decoding=\"async\" width=\"982\" height=\"660\" data-id=\"554339\" src=\"https:\/\/diariodominicano.com\/wp-content\/uploads\/2024\/08\/Felix-Damian-Olivares-abogado-penalista.png\" alt=\"\" class=\"wp-image-554339\" srcset=\"https:\/\/diariodominicano.com\/wp-content\/uploads\/2024\/08\/Felix-Damian-Olivares-abogado-penalista.png 982w, https:\/\/diariodominicano.com\/wp-content\/uploads\/2024\/08\/Felix-Damian-Olivares-abogado-penalista-300x202.png 300w, https:\/\/diariodominicano.com\/wp-content\/uploads\/2024\/08\/Felix-Damian-Olivares-abogado-penalista-768x516.png 768w, https:\/\/diariodominicano.com\/wp-content\/uploads\/2024\/08\/Felix-Damian-Olivares-abogado-penalista-816x548.png 816w\" sizes=\"auto, (max-width: 982px) 100vw, 982px\" \/><\/figure>\n<\/figure>\n\n\n\n<p>Indic\u00f3 que la Constituci\u00f3n en su art\u00edculo 4 es clara en lo que respecta a los tres poderes del Estado: el Ejecutivo, el Legislativo y el Judicial, al se\u00f1alar que la naturaleza del Ministerio P\u00fablico deriva del Ejecutivo, no judicial ni legislativa. &nbsp;&nbsp;<\/p>\n\n\n\n<p>El jurista se\u00f1al\u00f3 que el MP est\u00e1 para hacer cumplir las leyes penales y que hay que tener claro que esta es una funci\u00f3n Ejecutiva, ya que el Ministerio P\u00fablico es parte org\u00e1nica del Poder Ejecutivo.<\/p>\n\n\n\n<figure class=\"wp-block-gallery has-nested-images columns-default is-cropped wp-block-gallery-2 is-layout-flex wp-block-gallery-is-layout-flex\">\n<figure class=\"wp-block-image size-large\"><img loading=\"lazy\" decoding=\"async\" width=\"843\" height=\"573\" data-id=\"554336\" src=\"https:\/\/diariodominicano.com\/wp-content\/uploads\/2024\/08\/Felix-Damian-Olivares-RN-y-AMR.png\" alt=\"\" class=\"wp-image-554336\" srcset=\"https:\/\/diariodominicano.com\/wp-content\/uploads\/2024\/08\/Felix-Damian-Olivares-RN-y-AMR.png 843w, https:\/\/diariodominicano.com\/wp-content\/uploads\/2024\/08\/Felix-Damian-Olivares-RN-y-AMR-300x204.png 300w, https:\/\/diariodominicano.com\/wp-content\/uploads\/2024\/08\/Felix-Damian-Olivares-RN-y-AMR-768x522.png 768w, https:\/\/diariodominicano.com\/wp-content\/uploads\/2024\/08\/Felix-Damian-Olivares-RN-y-AMR-816x555.png 816w\" sizes=\"auto, (max-width: 843px) 100vw, 843px\" \/><\/figure>\n<\/figure>\n\n\n\n<p>\u201cEl tema es que no es saludable que el MP sea un cuarto o quinto poder del Estado, o un segundo Poder Ejecutivo. \u00a1No puede ser! Eso es impropio y peligroso, y no nos sujetemos a las coyunturas actuales porque esto que estoy diciendo no es algo que me lo saco del bolsillo, es algo que he sostenido desde hace m\u00e1s de 30 a\u00f1os\u201d, advirti\u00f3 Olivares.<\/p>\n\n\n\n<p>Manifest\u00f3 que estos cambios que se proponen en la propuesta de reforma constitucional, en lo que respecta al MP, son peligrosos \u201cporque un poder tan formidable como el de determinar qu\u00e9 se investiga, c\u00f3mo se investiga, a qui\u00e9n se investiga, a qui\u00e9n se persigue, aun aduciendo a la ley\u2026 este poder tan formidable necesita un responsable \u00faltimo y no puede ser que este sea destituido por una crisis y un juicio pol\u00edtico\u201d. &nbsp;<\/p>\n\n\n\n<p>Olivares advirti\u00f3 que crear una crisis para destituir a un procurador que no est\u00e1 articulando bien la pol\u00edtica de persecuci\u00f3n es m\u00e1s da\u00f1ino que el que haya un decreto que lo sustituya.<\/p>\n\n\n\n<p>Otro riesgo que se\u00f1al\u00f3 es que un presidente no tenga una relaci\u00f3n fluida con quien encabece el MP, ya que el Poder Ejecutivo tiene la obligaci\u00f3n de hacer cumplir la ley y evitar cualquier tipo de situaci\u00f3n que trastorne la sociedad. &nbsp;<\/p>\n\n\n\n<p>\u201c\u00bfC\u00f3mo usted puede garantizar la fiel ejecuci\u00f3n de las leyes penales si usted no tiene un mecanismo de tener vasos comunicantes con esa categor\u00eda de funcionarios encargados de hacer cumplir la ley?\u201d, pregunt\u00f3 Olivares durante su participaci\u00f3n en el programa Rese\u00f1as, que conducen los periodistas Rafael N\u00fa\u00f1ez y Adelaida Mart\u00ednez R., cada s\u00e1bado a las 9:00 de la noche por Entelevisi\u00f3n.<\/p>\n\n\n\n<p>El abogado Olivares dijo que no cree en la antipol\u00edtica y entiende que los pol\u00edticos no deben perder sus derechos para hacer funci\u00f3n p\u00fablica.<\/p>\n\n\n\n<p><strong>Dos per\u00edodos y nunca m\u00e1s tienen aceptaci\u00f3n<\/strong><\/p>\n\n\n\n<p>En lo que respecta a la propuesta de limitar al poder para que se establezca y no se pueda modificar la Constituci\u00f3n en lo concerniente a dos periodos y nunca m\u00e1s en el nivel presidencial, el abogado F\u00e9lix Dami\u00e1n Olivares apunt\u00f3 que esto siempre ha tenido mucha aceptaci\u00f3n social.<\/p>\n\n\n\n<p>Sobre las cl\u00e1usulas p\u00e9treas, explic\u00f3 que estas indican que hay un pacto en la que se acepta que, por ejemplo, esa es la forma de gobierno y que para cambiar eso tendr\u00eda que producirse una ruptura violenta del orden constitucional y la imposici\u00f3n forzosa de otro modelo tal como ha ocurrido en Venezuela.<\/p>\n\n\n\n<p><strong>Propuesta de disminuir diputados no afectar\u00e1 congresistas<\/strong><\/p>\n\n\n\n<p>Sobre el punto de la propuesta de reforma del Poder Ejecutivo que contempla la reducci\u00f3n de la cantidad de diputados, Olivares se\u00f1al\u00f3 que puede ser que esto no afecte a los congresistas si se utilizan f\u00f3rmulas que permitan abaratar el costo de las elecciones y los efectos nocivos del dise\u00f1o electoral vigente.<\/p>\n\n\n\n<p>\u201cSi con la reforma se introduce a nivel de la Ley Electoral el distrito uninominal pudi\u00e9ramos evitar much\u00edsimos males que se est\u00e1n dando en la actividad pol\u00edtica actual, porque una vez que el partido eligi\u00f3 el candidato del Distrito, ya no est\u00e1 en disputa con sus compa\u00f1eros, no hay competencia con los otros compa\u00f1eros que est\u00e1n luchando por quedar en primer lugar en la lista\u201d, razon\u00f3.<\/p>\n\n\n\n<p>Explic\u00f3 que si son distritos uninominales se reduce el \u00e1mbito, hay menos gastos porque se reduce la campa\u00f1a y personas con cierto nivel de integridad podr\u00e1n competir porque el partido tendr\u00e1 que llevar al mejor candidato y que sea de esa comunidad \u201cno a un rifero, y exc\u00fasenme, ni a un depredador del medioambiente ni a unas personas con capital de origen espurio.<\/p>\n\n\n\n<p>\u201cEso puede convenirle a quienes est\u00e9n en el Congreso porque les va a economizar recursos\u201d, reiter\u00f3 el jurista quien agreg\u00f3 que \u201cesa reforma bien explicada y mejor aplicada, logrando evitar esto, se puede lograr mejorar la calidad del sistema pol\u00edtico\u201d.<\/p>\n\n\n\n<p><strong>\u201cLa mejor reforma constitucional es aquella que no se hace\u201d<\/strong><\/p>\n\n\n\n<p>Aunque el jurista F\u00e9lix Dami\u00e1n Olivares es de los que piensa que a la Constituci\u00f3n no hay que tocarla, considera que los prop\u00f3sitos del presidente Luis Abinader, en su propuesta de reforma constitucional, est\u00e1n plagados de buenas intenciones, porque va contra la corriente hist\u00f3rica proponiendo limitar el poder.<\/p>\n\n\n\n<p>\u201cYo siempre he tenido una postura, que no es nueva, y es que la mejor reforma constitucional es aquella que no se hace\u201d, precis\u00f3 el jurista, quien record\u00f3 que de las 39 reformas constitucionales que se han hecho, 36 se hicieron para tocar la reelecci\u00f3n presidencial.<\/p>\n\n\n\n<p>Llam\u00f3 a ver como ejemplo a Costa Rica y Estados Unidos, pa\u00edses que dijo tienen constituciones republicanas tradicionales, se\u00f1alando que en el caso norteamericano se utilizan las enmiendas \u201cy lo cierto es que esos sistemas democr\u00e1ticos han funcionado sin tener que hacer una revoluci\u00f3n o revisar todas las instituciones, es decir, ha habido una permanencia en el tiempo\u201d.<\/p>\n\n\n\n<p>Sin embargo, se\u00f1al\u00f3 que con esto no quiere decir que las constituciones son intocables y que incluso algunos autores que convocan a entender que la dial\u00e9ctica y cambios sociales en alg\u00fan momento lo requieren.&nbsp;<\/p>\n\n\n\n<p><\/p>\n","protected":false},"excerpt":{"rendered":"<p>Afirma que los congresistas ganan con reducci\u00f3n de diputados Santo Domingo. &#8211; El abogado F\u00e9lix Dami\u00e1n Olivares entiende que en la propuesta de reforma constitucional depositada ante el Senado por el presidente Luis Abinader, hay que observar la parte del Ministerio P\u00fablico porque ser\u00eda un riesgo aplicar los cambios que en esta parte se proponen. [&hellip;]<\/p>\n","protected":false},"author":7,"featured_media":554337,"comment_status":"closed","ping_status":"closed","sticky":false,"template":"","format":"standard","meta":{"footnotes":""},"categories":[24],"tags":[],"class_list":["post-554250","post","type-post","status-publish","format-standard","has-post-thumbnail","hentry","category-justicia-y-derecho"],"_links":{"self":[{"href":"https:\/\/diariodominicano.com\/index.php?rest_route=\/wp\/v2\/posts\/554250","targetHints":{"allow":["GET"]}}],"collection":[{"href":"https:\/\/diariodominicano.com\/index.php?rest_route=\/wp\/v2\/posts"}],"about":[{"href":"https:\/\/diariodominicano.com\/index.php?rest_route=\/wp\/v2\/types\/post"}],"author":[{"embeddable":true,"href":"https:\/\/diariodominicano.com\/index.php?rest_route=\/wp\/v2\/users\/7"}],"replies":[{"embeddable":true,"href":"https:\/\/diariodominicano.com\/index.php?rest_route=%2Fwp%2Fv2%2Fcomments&post=554250"}],"version-history":[{"count":2,"href":"https:\/\/diariodominicano.com\/index.php?rest_route=\/wp\/v2\/posts\/554250\/revisions"}],"predecessor-version":[{"id":554345,"href":"https:\/\/diariodominicano.com\/index.php?rest_route=\/wp\/v2\/posts\/554250\/revisions\/554345"}],"wp:featuredmedia":[{"embeddable":true,"href":"https:\/\/diariodominicano.com\/index.php?rest_route=\/wp\/v2\/media\/554337"}],"wp:attachment":[{"href":"https:\/\/diariodominicano.com\/index.php?rest_route=%2Fwp%2Fv2%2Fmedia&parent=554250"}],"wp:term":[{"taxonomy":"category","embeddable":true,"href":"https:\/\/diariodominicano.com\/index.php?rest_route=%2Fwp%2Fv2%2Fcategories&post=554250"},{"taxonomy":"post_tag","embeddable":true,"href":"https:\/\/diariodominicano.com\/index.php?rest_route=%2Fwp%2Fv2%2Ftags&post=554250"}],"curies":[{"name":"wp","href":"https:\/\/api.w.org\/{rel}","templated":true}]}}