{"id":554249,"date":"2024-08-25T19:40:12","date_gmt":"2024-08-25T23:40:12","guid":{"rendered":"https:\/\/diariodominicano.com\/?p=554249"},"modified":"2024-08-25T19:40:14","modified_gmt":"2024-08-25T23:40:14","slug":"realizaran-programa-de-prevencion-de-violencia-en-centros-penitenciarios","status":"publish","type":"post","link":"https:\/\/diariodominicano.com\/?p=554249","title":{"rendered":"Realizar\u00e1n programa de prevenci\u00f3n de violencia en centros penitenciarios"},"content":{"rendered":"\n<p><em><u>El proyecto de la Direcci\u00f3n General de Servicios Penitenciarios y Correccionales (DGCP) y la Fundaci\u00f3n Manantial de Vida iniciar\u00e1 en los centros penitenciarios de La Victoria y Najayo<\/u><\/em><\/p>\n\n\n\n<p><strong>SANTO DOMINGO ESTE (Rep\u00fablica Dominicana).-<\/strong>&nbsp;Con el objetivo de trabajar en la salud mental de los privados de libertad que presenten problemas de violencia, la Direcci\u00f3n General de Servicios Penitenciarios y Correccionales (DGSPC), en coordinaci\u00f3n con la Fundaci\u00f3n Manantial de Vida desarrollar\u00e1n un programa de prevenci\u00f3n de la violencia en todas sus manifestaciones.<\/p>\n\n\n\n<p>El director general de Servicios Penitenciarios y Correccionales (DGSPC), Roberto Hern\u00e1ndez Basilio, manifest\u00f3 la importancia de desarrollar este proyecto, ya que, representa un aporte al sistema penitenciario que viene a contribuir a que los privados de libertad que presenten estos problemas de conducta tengan un mecanismo de an\u00e1lisis que les permita detectar el problema a tiempo y llegar al origen del mismo.<\/p>\n\n\n\n<p>En la propuesta de este plan, Seny Pineda, presidenta de la Fundaci\u00f3n Manantial de Vida, explic\u00f3 que, para desarrollar este proyecto se necesitar\u00e1n de una selecci\u00f3n de 30 privados de libertad que pertenezcan al programa de Medio Libre y que de manera voluntaria quieran participar, esto para desarrollar un cronograma de actividades.<\/p>\n\n\n\n<p>A trav\u00e9s de un comunicado de prensa, la DGSPC explic\u00f3 que el piloto tendr\u00e1 una duraci\u00f3n de 27 semanas, donde un equipo de psic\u00f3logos les dar\u00e1 seguimiento, al tiempo que les ser\u00e1n aplicadas pruebas psicol\u00f3gicas y estudios m\u00e9dicos especializados, como resonancia magn\u00e9tica, en la que se trasladar\u00eda al privado de libertad a un centro de salud.<\/p>\n\n\n\n<p>\u201cYo creo fielmente en la reinserci\u00f3n, pero para poder lograr eso tenemos que trabajar con la poblaci\u00f3n privada de libertad, porque en alg\u00fan momento de la vida a esas personas la sociedad les dio la espalda y como ellos tienen una deuda nosotros tambi\u00e9n la tenemos con ellos y cualquiera que pueda aportar tiene que hacerlo y esa es nuestra misi\u00f3n en la Fundaci\u00f3n\u201d, expres\u00f3 Pineda.<\/p>\n\n\n\n<p>Se inform\u00f3, adem\u00e1s, que el proyecto se empezar\u00e1 a desarrollar en los centros penitenciarios de La Victoria y Najayo, para luego extrapolarlo a la poblaci\u00f3n penitenciaria de la regi\u00f3n Sur, Norte y Este del pa\u00eds.<\/p>\n\n\n\n<p>El director general de Servicios Penitenciarios y Correccionales, Roberto Hern\u00e1ndez Basilio, dijo que este programa se lleva a cabo&nbsp; gracias al&nbsp; acuerdo&nbsp; de colaboraci\u00f3n interinstitucional entre la&nbsp; direcci\u00f3n&nbsp; y&nbsp; la Fundaci\u00f3n,&nbsp; \u201cQue&nbsp; ha&nbsp; venido&nbsp; a suplir una&nbsp; necesidad&nbsp; que ten\u00edamos&nbsp; como dependencia\u201d.<\/p>\n\n\n\n<p>La presidenta de la Fundaci\u00f3n Manantial de Vida tambi\u00e9n manifest\u00f3 su deseo de retomar la propuesta de entrenar a los agentes de vigilancia y tratamiento penitenciario (VTP) para que tengan el conocimiento de c\u00f3mo manejar a los privados de libertad desde otra perspectiva y puedan prevenir situaciones ya sabiendo leer un comportamiento.<\/p>\n\n\n\n<p>De su lado Jorge Morillo, psic\u00f3logo cl\u00ednico de la Universidad Aut\u00f3noma de Santo Domingo (UASD) y colaborador de este proyecto, dijo que a trav\u00e9s de este programa se les ense\u00f1ar\u00e1 a los agentes a estar sipcoeducados para que aprendan a visualizar el problema y as\u00ed tomar decisiones acertadas.<\/p>\n\n\n\n<p>\u201cEstos programas apuntan a generarle conocimientos. De hasta d\u00f3nde llegan sus l\u00edmites y cuando se va a cruzar el l\u00edmite saber que mecanismo de acci\u00f3n tomar para poder moverse, esto har\u00eda de manera preventiva que ellos aprendan a manejar los conflictos\u201d, expres\u00f3.<\/p>\n\n\n\n<p>La Fundaci\u00f3n Manantial de Vida es una organizaci\u00f3n sin fines de lucro que trabaja para erradicar la violencia en todas sus manifestaciones y desde el 2015 un grupo de psic\u00f3logos se ha enfocado en realizar trabajos de salud mental en los centros penitenciarios con privados de libertad que han cometido actos de violencia.<strong><\/strong><\/p>\n\n\n\n<p><strong>Direcci\u00f3n General de Comunicaci\u00f3n, Prensa, y RRPP<\/strong><strong><\/strong><\/p>\n\n\n\n<p>Ministerio P\u00fablico.&nbsp;R.D.<\/p>\n","protected":false},"excerpt":{"rendered":"<p>El proyecto de la Direcci\u00f3n General de Servicios Penitenciarios y Correccionales (DGCP) y la Fundaci\u00f3n Manantial de Vida iniciar\u00e1 en los centros penitenciarios de La Victoria y Najayo SANTO DOMINGO ESTE (Rep\u00fablica Dominicana).-&nbsp;Con el objetivo de trabajar en la salud mental de los privados de libertad que presenten problemas de violencia, la Direcci\u00f3n General de [&hellip;]<\/p>\n","protected":false},"author":7,"featured_media":554330,"comment_status":"closed","ping_status":"closed","sticky":false,"template":"","format":"standard","meta":{"footnotes":""},"categories":[24],"tags":[],"class_list":["post-554249","post","type-post","status-publish","format-standard","has-post-thumbnail","hentry","category-justicia-y-derecho"],"_links":{"self":[{"href":"https:\/\/diariodominicano.com\/index.php?rest_route=\/wp\/v2\/posts\/554249","targetHints":{"allow":["GET"]}}],"collection":[{"href":"https:\/\/diariodominicano.com\/index.php?rest_route=\/wp\/v2\/posts"}],"about":[{"href":"https:\/\/diariodominicano.com\/index.php?rest_route=\/wp\/v2\/types\/post"}],"author":[{"embeddable":true,"href":"https:\/\/diariodominicano.com\/index.php?rest_route=\/wp\/v2\/users\/7"}],"replies":[{"embeddable":true,"href":"https:\/\/diariodominicano.com\/index.php?rest_route=%2Fwp%2Fv2%2Fcomments&post=554249"}],"version-history":[{"count":1,"href":"https:\/\/diariodominicano.com\/index.php?rest_route=\/wp\/v2\/posts\/554249\/revisions"}],"predecessor-version":[{"id":554331,"href":"https:\/\/diariodominicano.com\/index.php?rest_route=\/wp\/v2\/posts\/554249\/revisions\/554331"}],"wp:featuredmedia":[{"embeddable":true,"href":"https:\/\/diariodominicano.com\/index.php?rest_route=\/wp\/v2\/media\/554330"}],"wp:attachment":[{"href":"https:\/\/diariodominicano.com\/index.php?rest_route=%2Fwp%2Fv2%2Fmedia&parent=554249"}],"wp:term":[{"taxonomy":"category","embeddable":true,"href":"https:\/\/diariodominicano.com\/index.php?rest_route=%2Fwp%2Fv2%2Fcategories&post=554249"},{"taxonomy":"post_tag","embeddable":true,"href":"https:\/\/diariodominicano.com\/index.php?rest_route=%2Fwp%2Fv2%2Ftags&post=554249"}],"curies":[{"name":"wp","href":"https:\/\/api.w.org\/{rel}","templated":true}]}}