{"id":554232,"date":"2024-08-25T00:58:45","date_gmt":"2024-08-25T04:58:45","guid":{"rendered":"https:\/\/diariodominicano.com\/?p=554232"},"modified":"2024-08-25T00:58:51","modified_gmt":"2024-08-25T04:58:51","slug":"costa-rica-contrata-a-choferes-salvadorenos-para-cubrir-deficit-local","status":"publish","type":"post","link":"https:\/\/diariodominicano.com\/?p=554232","title":{"rendered":"Costa Rica contrata a choferes salvadore\u00f1os para cubrir d\u00e9ficit local"},"content":{"rendered":"\n<p>San Jos\u00e9, 24 ago (Prensa Latina) Empresas ticas de buses iniciaron gestiones para contratar a choferes de El Salvador y cubrir el d\u00e9ficit nacional, inform\u00f3 hoy Extra Radio.<\/p>\n\n\n\n<ul class=\"wp-block-list\">\n<li><a href=\"https:\/\/www.prensa-latina.cu\/2024\/08\/24\/\"><time>agosto 24, 2024 | 22:51<\/time><\/a><\/li>\n<\/ul>\n\n\n\n<ul class=\"wp-block-list\">\n<li><a href=\"https:\/\/www.prensa-latina.cu\/2024\/08\/24\/costa-rica-contrata-a-choferes-salvadorenos-para-cubrir-deficit-local\/#\"><\/a><\/li>\n\n\n\n<li><a href=\"https:\/\/www.prensa-latina.cu\/2024\/08\/24\/costa-rica-contrata-a-choferes-salvadorenos-para-cubrir-deficit-local\/#\"><\/a><\/li>\n\n\n\n<li><a href=\"https:\/\/www.prensa-latina.cu\/2024\/08\/24\/costa-rica-contrata-a-choferes-salvadorenos-para-cubrir-deficit-local\/#\"><\/a><\/li>\n\n\n\n<li><a href=\"https:\/\/www.prensa-latina.cu\/2024\/08\/24\/costa-rica-contrata-a-choferes-salvadorenos-para-cubrir-deficit-local\/#\"><\/a><\/li>\n<\/ul>\n\n\n\n<p>La medida es asumida por falta de conductores locales y comprender\u00e1 al principio 150 procedentes del vecino pa\u00eds, que cubrir\u00e1n de forma permanente la demanda antes de fines de a\u00f1o, a\u00f1adi\u00f3 la presidenta de la C\u00e1mara Nacional de Transportes, Silvia Bola\u00f1os.<\/p>\n\n\n\n<p>\u201cEs un proceso mancomunado hist\u00f3rico, nunca se hizo antes, entre los Ministerios de Trabajo de ambos pa\u00edses y los de Obras P\u00fablicas y Transportes, Migraci\u00f3n y Extranjer\u00eda\u201d, explic\u00f3 la directiva.<\/p>\n\n\n\n<p>Los choferes de buses en el pa\u00eds \u2013agregan las fuentes- escasean por los bajos salarios del sector y el impacto de plataformas digitales hacia las cuales emigraron en busca de trabajo.<\/p>\n\n\n\n<p>lam\/apb<\/p>\n","protected":false},"excerpt":{"rendered":"<p>San Jos\u00e9, 24 ago (Prensa Latina) Empresas ticas de buses iniciaron gestiones para contratar a choferes de El Salvador y cubrir el d\u00e9ficit nacional, inform\u00f3 hoy Extra Radio. La medida es asumida por falta de conductores locales y comprender\u00e1 al principio 150 procedentes del vecino pa\u00eds, que cubrir\u00e1n de forma permanente la demanda antes de [&hellip;]<\/p>\n","protected":false},"author":28,"featured_media":554233,"comment_status":"closed","ping_status":"closed","sticky":true,"template":"","format":"standard","meta":{"footnotes":""},"categories":[18,23],"tags":[],"class_list":["post-554232","post","type-post","status-publish","format-standard","has-post-thumbnail","hentry","category-economia","category-internacional"],"_links":{"self":[{"href":"https:\/\/diariodominicano.com\/index.php?rest_route=\/wp\/v2\/posts\/554232","targetHints":{"allow":["GET"]}}],"collection":[{"href":"https:\/\/diariodominicano.com\/index.php?rest_route=\/wp\/v2\/posts"}],"about":[{"href":"https:\/\/diariodominicano.com\/index.php?rest_route=\/wp\/v2\/types\/post"}],"author":[{"embeddable":true,"href":"https:\/\/diariodominicano.com\/index.php?rest_route=\/wp\/v2\/users\/28"}],"replies":[{"embeddable":true,"href":"https:\/\/diariodominicano.com\/index.php?rest_route=%2Fwp%2Fv2%2Fcomments&post=554232"}],"version-history":[{"count":1,"href":"https:\/\/diariodominicano.com\/index.php?rest_route=\/wp\/v2\/posts\/554232\/revisions"}],"predecessor-version":[{"id":554234,"href":"https:\/\/diariodominicano.com\/index.php?rest_route=\/wp\/v2\/posts\/554232\/revisions\/554234"}],"wp:featuredmedia":[{"embeddable":true,"href":"https:\/\/diariodominicano.com\/index.php?rest_route=\/wp\/v2\/media\/554233"}],"wp:attachment":[{"href":"https:\/\/diariodominicano.com\/index.php?rest_route=%2Fwp%2Fv2%2Fmedia&parent=554232"}],"wp:term":[{"taxonomy":"category","embeddable":true,"href":"https:\/\/diariodominicano.com\/index.php?rest_route=%2Fwp%2Fv2%2Fcategories&post=554232"},{"taxonomy":"post_tag","embeddable":true,"href":"https:\/\/diariodominicano.com\/index.php?rest_route=%2Fwp%2Fv2%2Ftags&post=554232"}],"curies":[{"name":"wp","href":"https:\/\/api.w.org\/{rel}","templated":true}]}}