{"id":554221,"date":"2024-08-25T00:45:35","date_gmt":"2024-08-25T04:45:35","guid":{"rendered":"https:\/\/diariodominicano.com\/?p=554221"},"modified":"2024-08-25T00:45:40","modified_gmt":"2024-08-25T04:45:40","slug":"ee-uu-felicita-al-pueblo-de-uruguay-en-el-dia-nacional-de-uruguay","status":"publish","type":"post","link":"https:\/\/diariodominicano.com\/?p=554221","title":{"rendered":"EE. UU. felicita al pueblo de Uruguay en el D\u00eda Nacional de Uruguay"},"content":{"rendered":"\n<p>ARCHIVO: Antony J. Blinken, Secretario de Estado<\/p>\n\n\n\n<p>En nombre del pueblo de los Estados Unidos, felicito al pueblo de Uruguay en el 199\u00ba aniversario de la independencia de Uruguay.<\/p>\n\n\n\n<p>A lo largo de 157 a\u00f1os de relaciones diplom\u00e1ticas, hemos construido una profunda asociaci\u00f3n sustentada en nuestro compromiso compartido con la democracia, los derechos humanos y la prosperidad compartida. Nuestros pueblos comparten lazos amistosos que se fortalecen a trav\u00e9s de intercambios acad\u00e9micos y profesionales, el turismo y la cultura.<\/p>\n\n\n\n<p>En el \u00faltimo a\u00f1o, Uruguay ha demostrado un liderazgo basado en principios en el hemisferio y en el mundo, defendiendo la democracia, el estado de derecho y la paz. Como l\u00edder de la Alianza para la Prosperidad Econ\u00f3mica de las Am\u00e9ricas, Uruguay ha demostrado su esp\u00edritu emprendedor e innovador, conectando a inversores y mentores con aspirantes a empresarios a trav\u00e9s de su Red de Inversores \u00c1ngeles para generar prosperidad mutua en todo el hemisferio.<\/p>\n\n\n\n<p>El a\u00f1o que viene, cuando Uruguay celebre su bicentenario, esperamos celebrar la historia \u00fanica y los logros significativos del pa\u00eds, as\u00ed como acercar a\u00fan m\u00e1s a nuestros pa\u00edses y a nuestra gente.<\/p>\n\n\n\n<p>U.S. Department of State<\/p>\n\n\n\n<p>U.S. Department of State ()<\/p>\n\n\n\n<p><a target=\"_blank\" href=\"mailto:usstatebpa@public.govdelivery.com\" rel=\"noreferrer noopener\">usstatebpa@public.govdelivery.com<\/a><\/p>\n\n\n\n<p>25\/08\/2024 00:01 EDT<\/p>\n","protected":false},"excerpt":{"rendered":"<p>ARCHIVO: Antony J. Blinken, Secretario de Estado En nombre del pueblo de los Estados Unidos, felicito al pueblo de Uruguay en el 199\u00ba aniversario de la independencia de Uruguay. A lo largo de 157 a\u00f1os de relaciones diplom\u00e1ticas, hemos construido una profunda asociaci\u00f3n sustentada en nuestro compromiso compartido con la democracia, los derechos humanos y [&hellip;]<\/p>\n","protected":false},"author":28,"featured_media":529048,"comment_status":"closed","ping_status":"closed","sticky":true,"template":"","format":"standard","meta":{"footnotes":""},"categories":[21,26,23],"tags":[],"class_list":["post-554221","post","type-post","status-publish","format-standard","has-post-thumbnail","hentry","category-cultura","category-efemerides","category-internacional"],"_links":{"self":[{"href":"https:\/\/diariodominicano.com\/index.php?rest_route=\/wp\/v2\/posts\/554221","targetHints":{"allow":["GET"]}}],"collection":[{"href":"https:\/\/diariodominicano.com\/index.php?rest_route=\/wp\/v2\/posts"}],"about":[{"href":"https:\/\/diariodominicano.com\/index.php?rest_route=\/wp\/v2\/types\/post"}],"author":[{"embeddable":true,"href":"https:\/\/diariodominicano.com\/index.php?rest_route=\/wp\/v2\/users\/28"}],"replies":[{"embeddable":true,"href":"https:\/\/diariodominicano.com\/index.php?rest_route=%2Fwp%2Fv2%2Fcomments&post=554221"}],"version-history":[{"count":1,"href":"https:\/\/diariodominicano.com\/index.php?rest_route=\/wp\/v2\/posts\/554221\/revisions"}],"predecessor-version":[{"id":554222,"href":"https:\/\/diariodominicano.com\/index.php?rest_route=\/wp\/v2\/posts\/554221\/revisions\/554222"}],"wp:featuredmedia":[{"embeddable":true,"href":"https:\/\/diariodominicano.com\/index.php?rest_route=\/wp\/v2\/media\/529048"}],"wp:attachment":[{"href":"https:\/\/diariodominicano.com\/index.php?rest_route=%2Fwp%2Fv2%2Fmedia&parent=554221"}],"wp:term":[{"taxonomy":"category","embeddable":true,"href":"https:\/\/diariodominicano.com\/index.php?rest_route=%2Fwp%2Fv2%2Fcategories&post=554221"},{"taxonomy":"post_tag","embeddable":true,"href":"https:\/\/diariodominicano.com\/index.php?rest_route=%2Fwp%2Fv2%2Ftags&post=554221"}],"curies":[{"name":"wp","href":"https:\/\/api.w.org\/{rel}","templated":true}]}}