{"id":554172,"date":"2024-08-24T18:36:09","date_gmt":"2024-08-24T22:36:09","guid":{"rendered":"https:\/\/diariodominicano.com\/?p=554172"},"modified":"2024-08-24T18:37:37","modified_gmt":"2024-08-24T22:37:37","slug":"recordando-el-genocidio-rohingya","status":"publish","type":"post","link":"https:\/\/diariodominicano.com\/?p=554172","title":{"rendered":"Recordando el genocidio rohingya"},"content":{"rendered":"\n<p>ARCHIVO: Antony J. Blinken, Secretario de Estado<\/p>\n\n\n\n<p>La actual crisis humanitaria y los abusos de los derechos humanos en Birmania exacerban las dificultades que enfrentan los miembros de muchos de los grupos \u00e9tnicos y religiosos minoritarios del pa\u00eds, y en particular los rohingya. <\/p>\n\n\n\n<p>Estados Unidos est\u00e1 del lado de los sobrevivientes del genocidio rohingya y se compromete a brindar asistencia vital a los miembros de las comunidades rohingya afectados y a aquellos afectados por la crisis en Birmania, Bangladesh y la regi\u00f3n. En los \u00faltimos siete a\u00f1os, Estados Unidos ha aportado casi 2.400 millones de d\u00f3lares en asistencia humanitaria. <\/p>\n\n\n\n<p>Tambi\u00e9n llevamos a cabo una amplia documentaci\u00f3n de las atrocidades y los abusos cometidos contra los rohingya y todos los civiles.<\/p>\n\n\n\n<p>Nuestro apoyo al pueblo de Birmania en sus aspiraciones de un futuro democr\u00e1tico, inclusivo y pac\u00edfico es inquebrantable, como lo son nuestros llamamientos a todas las partes para que protejan a los civiles de todo da\u00f1o.<\/p>\n\n\n\n<p>U.S. Department of State<\/p>\n\n\n\n<p>U.S. Department of State ()<\/p>\n\n\n\n<p><a target=\"_blank\" href=\"mailto:usstatebpa@public.govdelivery.com\" rel=\"noreferrer noopener\">usstatebpa@public.go<\/a><\/p>\n\n\n\n<p>24\/08\/2024 18:11 EDT<\/p>\n","protected":false},"excerpt":{"rendered":"<p>ARCHIVO: Antony J. Blinken, Secretario de Estado La actual crisis humanitaria y los abusos de los derechos humanos en Birmania exacerban las dificultades que enfrentan los miembros de muchos de los grupos \u00e9tnicos y religiosos minoritarios del pa\u00eds, y en particular los rohingya. Estados Unidos est\u00e1 del lado de los sobrevivientes del genocidio rohingya y [&hellip;]<\/p>\n","protected":false},"author":28,"featured_media":526965,"comment_status":"closed","ping_status":"closed","sticky":true,"template":"","format":"standard","meta":{"footnotes":""},"categories":[26,23],"tags":[],"class_list":["post-554172","post","type-post","status-publish","format-standard","has-post-thumbnail","hentry","category-efemerides","category-internacional"],"_links":{"self":[{"href":"https:\/\/diariodominicano.com\/index.php?rest_route=\/wp\/v2\/posts\/554172","targetHints":{"allow":["GET"]}}],"collection":[{"href":"https:\/\/diariodominicano.com\/index.php?rest_route=\/wp\/v2\/posts"}],"about":[{"href":"https:\/\/diariodominicano.com\/index.php?rest_route=\/wp\/v2\/types\/post"}],"author":[{"embeddable":true,"href":"https:\/\/diariodominicano.com\/index.php?rest_route=\/wp\/v2\/users\/28"}],"replies":[{"embeddable":true,"href":"https:\/\/diariodominicano.com\/index.php?rest_route=%2Fwp%2Fv2%2Fcomments&post=554172"}],"version-history":[{"count":4,"href":"https:\/\/diariodominicano.com\/index.php?rest_route=\/wp\/v2\/posts\/554172\/revisions"}],"predecessor-version":[{"id":554176,"href":"https:\/\/diariodominicano.com\/index.php?rest_route=\/wp\/v2\/posts\/554172\/revisions\/554176"}],"wp:featuredmedia":[{"embeddable":true,"href":"https:\/\/diariodominicano.com\/index.php?rest_route=\/wp\/v2\/media\/526965"}],"wp:attachment":[{"href":"https:\/\/diariodominicano.com\/index.php?rest_route=%2Fwp%2Fv2%2Fmedia&parent=554172"}],"wp:term":[{"taxonomy":"category","embeddable":true,"href":"https:\/\/diariodominicano.com\/index.php?rest_route=%2Fwp%2Fv2%2Fcategories&post=554172"},{"taxonomy":"post_tag","embeddable":true,"href":"https:\/\/diariodominicano.com\/index.php?rest_route=%2Fwp%2Fv2%2Ftags&post=554172"}],"curies":[{"name":"wp","href":"https:\/\/api.w.org\/{rel}","templated":true}]}}