{"id":554144,"date":"2024-08-24T10:50:45","date_gmt":"2024-08-24T14:50:45","guid":{"rendered":"https:\/\/diariodominicano.com\/?p=554144"},"modified":"2024-08-24T10:50:49","modified_gmt":"2024-08-24T14:50:49","slug":"policia-alemana-detiene-a-un-sospechoso-tras-apunalamiento-en-el-que-murieron-tres-personas","status":"publish","type":"post","link":"https:\/\/diariodominicano.com\/?p=554144","title":{"rendered":"Polic\u00eda alemana detiene a un sospechoso tras apu\u00f1alamiento en el que murieron tres personas"},"content":{"rendered":"\n<p class=\"wp-block-paragraph\">La polic\u00eda alemana lanza una operaci\u00f3n masiva para capturar al agresor que mat\u00f3 a tres personas e hiri\u00f3 a otras ocho en un ataque con cuchillo durante un festival en Solingen.<\/p>\n\n\n\n<p class=\"wp-block-paragraph\">agosto 24, 2024<\/p>\n\n\n\n<ul class=\"wp-block-list\">\n<li><a href=\"https:\/\/www.vozdeamerica.com\/author\/associated-press\/v_kyr\">Associated Press<\/a><\/li>\n<\/ul>\n\n\n\n<p class=\"wp-block-paragraph\"><a href=\"https:\/\/www.vozdeamerica.com\/a\/policia-alemana-agresor-mato-tres-personas-solingen\/7755340.html#comments\">&nbsp;Vea comentarios<\/a><\/p>\n\n\n\n<p class=\"wp-block-paragraph\">Tres muertos y varios heridos tras un ataque con cuchillo en Solingen; la polic\u00eda intensifica la b\u00fasqueda del agresor mientras l\u00edderes alemanes expresan su conmoci\u00f3n.<\/p>\n\n\n\n<p class=\"wp-block-paragraph\">La polic\u00eda alemana, que busca a un agresor que mat\u00f3 a tres personas e hiri\u00f3 a ocho en un ataque con arma blanca en un festival en la ciudad de Solingen, en el oeste del pa\u00eds, dijo el s\u00e1bado que hab\u00eda detenido a una persona.<\/p>\n\n\n\n<p class=\"wp-block-paragraph\">La polic\u00eda dijo por la tarde que estaba investigando si hab\u00eda una posible relaci\u00f3n con el ataque del viernes.<\/p>\n\n\n\n<p class=\"wp-block-paragraph\">\u00abLa investigaci\u00f3n y la persecuci\u00f3n de otros posibles autores y motivos del crimen est\u00e1n en plena marcha\u00bb, dijo la polic\u00eda.<\/p>\n\n\n\n<p class=\"wp-block-paragraph\">Las autoridades alemanas lanzaron el s\u00e1bado una operaci\u00f3n de b\u00fasqueda a gran escala en la ciudad occidental de Solingen despu\u00e9s de que un ataque con cuchillo en un festival dejara tres muertos y al menos ocho heridos, cinco de ellos en estado grave.<\/p>\n\n\n\n<p class=\"wp-block-paragraph\">\u201cLa polic\u00eda est\u00e1 llevando a cabo una b\u00fasqueda a gran escala del autor\u00bb, explic\u00f3 la polic\u00eda en un comunicado. Un gran n\u00famero de agentes, incluidas unidades especiales, se han desplegado en torno al centro de Solingen.<\/p>\n\n\n\n<p class=\"wp-block-paragraph\">\u201cTanto las v\u00edctimas como los testigos est\u00e1n siendo interrogados\u00bb, a\u00f1adieron las autoridades.<\/p>\n\n\n\n<p class=\"wp-block-paragraph\"><a href=\"https:\/\/www.vozdeamerica.com\/a\/la-casa-blanca-considera-constructivas-las-ultimas-conversaciones-en-gaza\/7754298.html\"><\/a><\/p>\n\n\n\n<p class=\"wp-block-paragraph\"><a href=\"https:\/\/www.vozdeamerica.com\/a\/la-casa-blanca-considera-constructivas-las-ultimas-conversaciones-en-gaza\/7754298.html\">TAMBI\u00c9N LEA<\/a><\/p>\n\n\n\n<h4 class=\"wp-block-heading\"><a href=\"https:\/\/www.vozdeamerica.com\/a\/la-casa-blanca-considera-constructivas-las-ultimas-conversaciones-en-gaza\/7754298.html\">La Casa Blanca considera \u00abconstructivas\u00bb las \u00faltimas conversaciones en Gaza<\/a><\/h4>\n\n\n\n<p class=\"wp-block-paragraph\">Adem\u00e1s, la polic\u00eda ha habilitado un portal web donde los testigos pueden subir cualquier informaci\u00f3n relevante sobre el ataque.<\/p>\n\n\n\n<p class=\"wp-block-paragraph\">El incidente se produjo poco despu\u00e9s de las 9:30 p.m. del viernes (hora local), cuando testigos alertaron a la polic\u00eda de que un individuo desconocido hab\u00eda atacado a varias personas con un cuchillo en la c\u00e9ntrica plaza Fronhof. Seg\u00fan las autoridades, el agresor logr\u00f3 huir, y hasta el momento se dispone de muy poca informaci\u00f3n sobre \u00e9l.<\/p>\n\n\n\n<p class=\"wp-block-paragraph\">La polic\u00eda cree que los apu\u00f1alamientos fueron cometidos por un \u00ablobo solitario\u00bb y no han proporcionado detalles sobre la identidad de las v\u00edctimas.<\/p>\n\n\n\n<p class=\"wp-block-paragraph\">El \u201cFestival de Diversidad\u201d, que celebra el 650\u00ba aniversario de la ciudad, comenz\u00f3 el viernes y estaba programado para durar hasta el domingo, con varios escenarios repartidos por las principales calles del centro, ofreciendo m\u00fasica en directo, cabaret y acrobacias.<\/p>\n\n\n\n<p class=\"wp-block-paragraph\"><a href=\"https:\/\/www.vozdeamerica.com\/a\/blog-en-tiempo-real-crisis-en-ucracia\/6410522.html\"><\/a><\/p>\n\n\n\n<p class=\"wp-block-paragraph\"><a href=\"https:\/\/www.vozdeamerica.com\/a\/blog-en-tiempo-real-crisis-en-ucracia\/6410522.html\">TAMBI\u00c9N LEA<\/a><\/p>\n\n\n\n<h4 class=\"wp-block-heading\"><a href=\"https:\/\/www.vozdeamerica.com\/a\/blog-en-tiempo-real-crisis-en-ucracia\/6410522.html\">Primer ministro indio, Narendra Modi, llega a Kiev para reunirse con Zelenskyy<\/a><\/h4>\n\n\n\n<p class=\"wp-block-paragraph\">Uno de los organizadores del evento, Philipp M\u00fcller, subi\u00f3 al escenario el viernes por la noche para pedir a los asistentes que se retiraran \u201ccon calma, por favor, mantengan los ojos abiertos porque, desafortunadamente, el agresor no ha sido capturado a\u00fan\u201d.<\/p>\n\n\n\n<p class=\"wp-block-paragraph\">Solingen, una ciudad con aproximadamente 160.000 habitantes, est\u00e1 situada cerca de Colonia y D\u00fcsseldorf.<\/p>\n\n\n\n<p class=\"wp-block-paragraph\">El canciller Olaf Scholz, conden\u00f3 el ataque el s\u00e1bado y subray\u00f3 la importancia de detener al agresor r\u00e1pidamente para que sea castigado con todo el peso de la ley.<\/p>\n\n\n\n<p class=\"wp-block-paragraph\">\u201cEl ataque de Solingen es un suceso terrible que me ha conmocionado enormemente. Un atacante ha asesinado de forma brutal a varias personas. Acabo de hablar con el alcalde de Solingen, Tim Kurzbach. Lloramos a las v\u00edctimas y estamos con sus familias\u00bb, expres\u00f3 Scholz en X.<\/p>\n\n\n\n<p class=\"wp-block-paragraph\">El presidente del pa\u00eds, Frank-Walter Steinmeier, tambi\u00e9n se puso en contacto con el alcalde el s\u00e1bado por la ma\u00f1ana.<\/p>\n\n\n\n<p class=\"wp-block-paragraph\"><a href=\"https:\/\/www.vozdeamerica.com\/a\/gaza-disparos-mediadores-acuerdo-alto-fuego\/7753898.html\"><\/a><\/p>\n\n\n\n<p class=\"wp-block-paragraph\"><a href=\"https:\/\/www.vozdeamerica.com\/a\/gaza-disparos-mediadores-acuerdo-alto-fuego\/7753898.html\">TAMBI\u00c9N LEA<\/a><\/p>\n\n\n\n<h4 class=\"wp-block-heading\"><a href=\"https:\/\/www.vozdeamerica.com\/a\/gaza-disparos-mediadores-acuerdo-alto-fuego\/7753898.html\">Gaza se despierta con disparos mientras los mediadores siguen presionando por un acuerdo de alto el fuego<\/a><\/h4>\n\n\n\n<p class=\"wp-block-paragraph\">\u201cEl atroz acto de Solingen me conmociona a m\u00ed y a nuestro pa\u00eds. Lloramos a los muertos y nos preocupamos por los heridos, a quienes deseo fuerza y una pronta recuperaci\u00f3n de todo coraz\u00f3n\u00bb, afirm\u00f3 Steinmeier en un comunicado el s\u00e1bado.<\/p>\n\n\n\n<p class=\"wp-block-paragraph\">\u201cEl agresor debe ser llevado ante la justicia. Permanezcamos unidos contra el odio y la violencia\u00bb, a\u00f1adi\u00f3.<\/p>\n\n\n\n<p class=\"wp-block-paragraph\">El incremento de los ataques con arma blanca preocupa cada vez m\u00e1s en Alemania. La ministra del Interior, Nancy Faeser, propuso recientemente endurecer las leyes sobre armas, limitando a 6 cent\u00edmetros la longitud de las hojas de cuchillo que se pueden llevar en p\u00fablico, en lugar de los 12 cent\u00edmetros permitidos actualmente.<\/p>\n","protected":false},"excerpt":{"rendered":"<p>La polic\u00eda alemana lanza una operaci\u00f3n masiva para capturar al agresor que mat\u00f3 a tres personas e hiri\u00f3 a otras ocho en un ataque con cuchillo durante un festival en Solingen. agosto 24, 2024 &nbsp;Vea comentarios Tres muertos y varios heridos tras un ataque con cuchillo en Solingen; la polic\u00eda intensifica la b\u00fasqueda del agresor [&hellip;]<\/p>\n","protected":false},"author":28,"featured_media":554145,"comment_status":"closed","ping_status":"closed","sticky":true,"template":"","format":"standard","meta":{"footnotes":""},"categories":[23,29],"tags":[],"class_list":["post-554144","post","type-post","status-publish","format-standard","has-post-thumbnail","hentry","category-internacional","category-policiasucesos"],"_links":{"self":[{"href":"https:\/\/diariodominicano.com\/index.php?rest_route=\/wp\/v2\/posts\/554144","targetHints":{"allow":["GET"]}}],"collection":[{"href":"https:\/\/diariodominicano.com\/index.php?rest_route=\/wp\/v2\/posts"}],"about":[{"href":"https:\/\/diariodominicano.com\/index.php?rest_route=\/wp\/v2\/types\/post"}],"author":[{"embeddable":true,"href":"https:\/\/diariodominicano.com\/index.php?rest_route=\/wp\/v2\/users\/28"}],"replies":[{"embeddable":true,"href":"https:\/\/diariodominicano.com\/index.php?rest_route=%2Fwp%2Fv2%2Fcomments&post=554144"}],"version-history":[{"count":1,"href":"https:\/\/diariodominicano.com\/index.php?rest_route=\/wp\/v2\/posts\/554144\/revisions"}],"predecessor-version":[{"id":554146,"href":"https:\/\/diariodominicano.com\/index.php?rest_route=\/wp\/v2\/posts\/554144\/revisions\/554146"}],"wp:featuredmedia":[{"embeddable":true,"href":"https:\/\/diariodominicano.com\/index.php?rest_route=\/wp\/v2\/media\/554145"}],"wp:attachment":[{"href":"https:\/\/diariodominicano.com\/index.php?rest_route=%2Fwp%2Fv2%2Fmedia&parent=554144"}],"wp:term":[{"taxonomy":"category","embeddable":true,"href":"https:\/\/diariodominicano.com\/index.php?rest_route=%2Fwp%2Fv2%2Fcategories&post=554144"},{"taxonomy":"post_tag","embeddable":true,"href":"https:\/\/diariodominicano.com\/index.php?rest_route=%2Fwp%2Fv2%2Ftags&post=554144"}],"curies":[{"name":"wp","href":"https:\/\/api.w.org\/{rel}","templated":true}]}}