{"id":554099,"date":"2024-08-24T01:39:18","date_gmt":"2024-08-24T05:39:18","guid":{"rendered":"https:\/\/diariodominicano.com\/?p=554099"},"modified":"2024-08-24T02:50:55","modified_gmt":"2024-08-24T06:50:55","slug":"celebran-simposio-para-conmemorar-120-aniversario-de-natalicio-de-deng-xiaoping","status":"publish","type":"post","link":"https:\/\/diariodominicano.com\/?p=554099","title":{"rendered":"Celebran simposio para conmemorar 120\u00b0 aniversario de natalicio de Deng Xiaoping"},"content":{"rendered":"\n<p><em>spanish.news.cn<\/em>|<em>\u00a0<\/em><\/p>\n\n\n\n<p>CHENGDU, 23 ago (Xinhua) &#8212; Un simposio se llev\u00f3 a cabo hoy viernes en la ciudad de Guang&#8217;an, en la provincia suroccidental china de Sichuan, para conmemorar el 120\u00b0 aniversario del natalicio del difunto l\u00edder chino Deng Xiaoping.<\/p>\n\n\n\n<p>Representantes de todos los sectores de la sociedad asistieron al simposio y atesoraron el recuerdo de las grandes haza\u00f1as hist\u00f3ricas y la forma de proceder revolucionaria del camarada Deng Xiaoping.<\/p>\n\n\n\n<figure class=\"wp-block-image size-full\"><img loading=\"lazy\" decoding=\"async\" width=\"801\" height=\"899\" src=\"https:\/\/diariodominicano.com\/wp-content\/uploads\/2024\/08\/Celebran-simposio-para-conmemorar-120\u00b0-aniversario-de-natalicio-Deng-Xiaoping.png\" alt=\"\" class=\"wp-image-554120\" srcset=\"https:\/\/diariodominicano.com\/wp-content\/uploads\/2024\/08\/Celebran-simposio-para-conmemorar-120\u00b0-aniversario-de-natalicio-Deng-Xiaoping.png 801w, https:\/\/diariodominicano.com\/wp-content\/uploads\/2024\/08\/Celebran-simposio-para-conmemorar-120\u00b0-aniversario-de-natalicio-Deng-Xiaoping-267x300.png 267w, https:\/\/diariodominicano.com\/wp-content\/uploads\/2024\/08\/Celebran-simposio-para-conmemorar-120\u00b0-aniversario-de-natalicio-Deng-Xiaoping-768x862.png 768w\" sizes=\"auto, (max-width: 801px) 100vw, 801px\" \/><\/figure>\n\n\n\n<p>Sichuan es el lugar de origen de Deng. Los asistentes al simposio afirmaron que llevar\u00e1n adelante las tradiciones revolucionarias y la herencia del camarada Deng Xiaoping y otros veteranos revolucionarios.<\/p>\n\n\n\n<p>Deng Xiaoping emprendi\u00f3 su viaje revolucionario desde Sichuan y siempre sinti\u00f3 un profundo afecto por su lugar de origen, indic\u00f3 Wang Xiaohui, secretario del Comit\u00e9 Provincial de Sichuan del Partido Comunista de China.\u00a0 <\/p>\n","protected":false},"excerpt":{"rendered":"<p>spanish.news.cn|\u00a0 CHENGDU, 23 ago (Xinhua) &#8212; Un simposio se llev\u00f3 a cabo hoy viernes en la ciudad de Guang&#8217;an, en la provincia suroccidental china de Sichuan, para conmemorar el 120\u00b0 aniversario del natalicio del difunto l\u00edder chino Deng Xiaoping. Representantes de todos los sectores de la sociedad asistieron al simposio y atesoraron el recuerdo de [&hellip;]<\/p>\n","protected":false},"author":28,"featured_media":554113,"comment_status":"closed","ping_status":"closed","sticky":true,"template":"","format":"standard","meta":{"footnotes":""},"categories":[26,23],"tags":[],"class_list":["post-554099","post","type-post","status-publish","format-standard","has-post-thumbnail","hentry","category-efemerides","category-internacional"],"_links":{"self":[{"href":"https:\/\/diariodominicano.com\/index.php?rest_route=\/wp\/v2\/posts\/554099","targetHints":{"allow":["GET"]}}],"collection":[{"href":"https:\/\/diariodominicano.com\/index.php?rest_route=\/wp\/v2\/posts"}],"about":[{"href":"https:\/\/diariodominicano.com\/index.php?rest_route=\/wp\/v2\/types\/post"}],"author":[{"embeddable":true,"href":"https:\/\/diariodominicano.com\/index.php?rest_route=\/wp\/v2\/users\/28"}],"replies":[{"embeddable":true,"href":"https:\/\/diariodominicano.com\/index.php?rest_route=%2Fwp%2Fv2%2Fcomments&post=554099"}],"version-history":[{"count":2,"href":"https:\/\/diariodominicano.com\/index.php?rest_route=\/wp\/v2\/posts\/554099\/revisions"}],"predecessor-version":[{"id":554121,"href":"https:\/\/diariodominicano.com\/index.php?rest_route=\/wp\/v2\/posts\/554099\/revisions\/554121"}],"wp:featuredmedia":[{"embeddable":true,"href":"https:\/\/diariodominicano.com\/index.php?rest_route=\/wp\/v2\/media\/554113"}],"wp:attachment":[{"href":"https:\/\/diariodominicano.com\/index.php?rest_route=%2Fwp%2Fv2%2Fmedia&parent=554099"}],"wp:term":[{"taxonomy":"category","embeddable":true,"href":"https:\/\/diariodominicano.com\/index.php?rest_route=%2Fwp%2Fv2%2Fcategories&post=554099"},{"taxonomy":"post_tag","embeddable":true,"href":"https:\/\/diariodominicano.com\/index.php?rest_route=%2Fwp%2Fv2%2Ftags&post=554099"}],"curies":[{"name":"wp","href":"https:\/\/api.w.org\/{rel}","templated":true}]}}