{"id":553899,"date":"2024-08-23T15:13:52","date_gmt":"2024-08-23T19:13:52","guid":{"rendered":"https:\/\/diariodominicano.com\/?p=553899"},"modified":"2024-08-23T15:13:59","modified_gmt":"2024-08-23T19:13:59","slug":"inicia-juicio-contra-policia-acusado-de-matar-nino-de-11-anos-en-medio-de-celebracion-carnaval","status":"publish","type":"post","link":"https:\/\/diariodominicano.com\/?p=553899","title":{"rendered":"Inicia juicio contra polic\u00eda acusado de matar ni\u00f1o de 11 a\u00f1os en medio de celebraci\u00f3n carnaval"},"content":{"rendered":"\n<p>diariodominicano.com<\/p>\n\n\n\n<p><strong>Santiago, R. D.,<\/strong>\u2002<strong>23 de agosto, 2024.-<\/strong>\u00a0El Primer Tribunal Colegiado de este distrito judicial dio inicio al juicio contra el agente de la Polic\u00eda Nacional imputado por el homicidio voluntario de un ni\u00f1o de 11 a\u00f1os a quien impact\u00f3 de un balazo en el brazo izquierdo y el t\u00f3rax, cuando, en un uso desmedido de la fuerza, accion\u00f3 su arma de fuego en medio de la celebraci\u00f3n del carnaval de Santiago el 12 de febrero del a\u00f1o 2023.<\/p>\n\n\n\n<p>Ante el Colegiado, el representante del Ministerio P\u00fablico, fiscal Pedro Mart\u00ednez, present\u00f3 los cargos penales contra el imputado, el agente de la instituci\u00f3n del orden Alejandro Castro Cruz, consistentes en la violaci\u00f3n a los art\u00edculos 295, 304 y 309 del C\u00f3digo Penal Dominicano por el homicidio voluntario del menor de edad de iniciales D.J.M.T, as\u00ed tambi\u00e9n por transgresi\u00f3n a los art\u00edculos 186, 2, 295 y 309 por abuso de autoridad contra particulares y por los golpes y heridas que infiri\u00f3 al padre del adolescente, Anthony Ysauri Mart\u00ednez.<\/p>\n\n\n\n<p>Del amplio legajo de pruebas que ha recolectado, la Fiscal\u00eda present\u00f3 las documentales, periciales y el audiovisual, \u00faltimo en el que recoge en detalles, los acontecimientos que tuvieron lugar la tarde del 12 de febrero del 2023 en la esquina que forman la calle Mella con avenida Las Carreras.<\/p>\n\n\n\n<p>El Tribunal, presidido por el magistrado juez Juan Carlos Col\u00f3n e integrado por las magistradas Claribel Mateo y Gladys de los Santos, decidi\u00f3 aplazar para el mi\u00e9rcoles 28 de agosto el seguimiento del proceso.<\/p>\n\n\n\n<p>Este d\u00eda, se espera que sean conducidos a la sala para que aporten sus testimonios al proceso los peritos y testigos del Ministerio P\u00fablico.<\/p>\n\n\n\n<p>El \u00f3rgano de justicia adem\u00e1s de las pruebas que fueron incorporadas en esta primera audiencia,&nbsp;presentar\u00e1 otros materiales y testimoniales que constituyen toda la fuerza probatoria necesaria para lograr la imposici\u00f3n de una condena que podr\u00eda ser de hasta 20 a\u00f1os de prisi\u00f3n.<\/p>\n\n\n\n<p>La investigaci\u00f3n del hecho estuvo a cargo del fiscal titular Osvaldo Bonilla y del Departamento de Asuntos Internos de la Fiscal\u00eda, que dirige el procurador de Corte Gerardo Ponce.&nbsp;<\/p>\n\n\n\n<p>El Ministerio P\u00fablico ha planteado que se trata de un hecho grave en el que el imputado, tras irrumpir en el lugar donde la familia de la v\u00edctima celebraba el carnaval, abusando de la autoridad que le confiere la ley, \u00abviolent\u00f3 todos los protocolos de uso de la fuerza\u00bb.&nbsp;<\/p>\n\n\n\n<p>Sobre los hechos<\/p>\n\n\n\n<p>En su investigaci\u00f3n preliminar, el \u00f3rgano de justicia ha podido establecer que el imputado, en una \u00abactitud desafiante y agresiva, portando su arma de fuego visible\u201d, ordena bajar el volumen de la m\u00fasica e intenta ocupar el caj\u00f3n de m\u00fasica de un veh\u00edculo con el que amenizaban el encuentro, por lo que un testigo, atendiendo a esta orden, guard\u00f3 la bocina en el veh\u00edculo.&nbsp;<\/p>\n\n\n\n<p>Pese a ello, refiere el Ministerio P\u00fablico, el agente policial insisti\u00f3 en llevarse la bocina, lo que desat\u00f3 una discusi\u00f3n, en la cual se involucr\u00f3 el padre del adolescente, Anthony Ysauri Mart\u00ednez Mart\u00ednez, a quien el imputado roci\u00f3 gas pimienta en los ojos.<\/p>\n\n\n\n<p>La discusi\u00f3n continu\u00f3, cuando el imputado se alej\u00f3 con la bocina y, sin motivos aparentes, regresa y apunta con su arma manipulada a Mart\u00ednez y al hacer contacto con este, dispara el artefacto, marca Taurus, 9 mil\u00edmetros, impactando en el brazo izquierdo y en el t\u00f3rax al menor de edad, ocasion\u00e1ndole la muerte, establece la Fiscal\u00eda.&nbsp;<\/p>\n\n\n\n<p>Entre las pruebas se incluye el informe preliminar de la autopsia, emitida por el Instituto Nacional de Ciencias Forenses (Inacif), que determin\u00f3 que la causa de muerte del ni\u00f1o de 11 a\u00f1os fue \u00abherida por proyectil de arma de fuego, muerte violenta, de etiolog\u00eda m\u00e9dico legal homicida, mecanismo choque hipovol\u00e9mico\u00bb.<\/p>\n\n\n\n<p><strong>Direcci\u00f3n General de Comunicaci\u00f3n, Prensa, y RRPP<\/strong><strong><\/strong><\/p>\n\n\n\n<p>Ministerio P\u00fablico.&nbsp;R.D.<\/p>\n\n\n\n<p>Viernes, 23 de agosto de 2024<\/p>\n","protected":false},"excerpt":{"rendered":"<p>diariodominicano.com Santiago, R. D.,\u200223 de agosto, 2024.-\u00a0El Primer Tribunal Colegiado de este distrito judicial dio inicio al juicio contra el agente de la Polic\u00eda Nacional imputado por el homicidio voluntario de un ni\u00f1o de 11 a\u00f1os a quien impact\u00f3 de un balazo en el brazo izquierdo y el t\u00f3rax, cuando, en un uso desmedido de [&hellip;]<\/p>\n","protected":false},"author":5,"featured_media":290218,"comment_status":"closed","ping_status":"closed","sticky":true,"template":"","format":"standard","meta":{"footnotes":""},"categories":[24,27],"tags":[],"class_list":["post-553899","post","type-post","status-publish","format-standard","has-post-thumbnail","hentry","category-justicia-y-derecho","category-portada"],"_links":{"self":[{"href":"https:\/\/diariodominicano.com\/index.php?rest_route=\/wp\/v2\/posts\/553899","targetHints":{"allow":["GET"]}}],"collection":[{"href":"https:\/\/diariodominicano.com\/index.php?rest_route=\/wp\/v2\/posts"}],"about":[{"href":"https:\/\/diariodominicano.com\/index.php?rest_route=\/wp\/v2\/types\/post"}],"author":[{"embeddable":true,"href":"https:\/\/diariodominicano.com\/index.php?rest_route=\/wp\/v2\/users\/5"}],"replies":[{"embeddable":true,"href":"https:\/\/diariodominicano.com\/index.php?rest_route=%2Fwp%2Fv2%2Fcomments&post=553899"}],"version-history":[{"count":1,"href":"https:\/\/diariodominicano.com\/index.php?rest_route=\/wp\/v2\/posts\/553899\/revisions"}],"predecessor-version":[{"id":553900,"href":"https:\/\/diariodominicano.com\/index.php?rest_route=\/wp\/v2\/posts\/553899\/revisions\/553900"}],"wp:featuredmedia":[{"embeddable":true,"href":"https:\/\/diariodominicano.com\/index.php?rest_route=\/wp\/v2\/media\/290218"}],"wp:attachment":[{"href":"https:\/\/diariodominicano.com\/index.php?rest_route=%2Fwp%2Fv2%2Fmedia&parent=553899"}],"wp:term":[{"taxonomy":"category","embeddable":true,"href":"https:\/\/diariodominicano.com\/index.php?rest_route=%2Fwp%2Fv2%2Fcategories&post=553899"},{"taxonomy":"post_tag","embeddable":true,"href":"https:\/\/diariodominicano.com\/index.php?rest_route=%2Fwp%2Fv2%2Ftags&post=553899"}],"curies":[{"name":"wp","href":"https:\/\/api.w.org\/{rel}","templated":true}]}}