{"id":553865,"date":"2024-08-23T08:15:29","date_gmt":"2024-08-23T12:15:29","guid":{"rendered":"https:\/\/diariodominicano.com\/?p=553865"},"modified":"2024-08-23T08:15:32","modified_gmt":"2024-08-23T12:15:32","slug":"con-un-millon-dolares-multan-propietario-complejo-viviendas-en-el-bronx-por-discriminar-a-inquilinos","status":"publish","type":"post","link":"https:\/\/diariodominicano.com\/?p=553865","title":{"rendered":"Con un mill\u00f3n d\u00f3lares multan propietario complejo viviendas en El Bronx por discriminar a inquilinos"},"content":{"rendered":"\n<p><strong>Por Ram\u00f3n Mercedes<\/strong><\/p>\n\n\n\n<p><strong>NUEVA YORK.-&nbsp;<\/strong>El propietario del complejo de viviendas Parkchester Preservation Management, fue multado con un mill\u00f3n de d\u00f3lares por discriminaci\u00f3n en el alquiler de vivienda y no rentarle a inquilinos con vale de secci\u00f3n 8 y de bajos ingresos.<\/p>\n\n\n\n<p>A parte de pagar el mill\u00f3n de d\u00f3lares, el due\u00f1o del complejo que tiene m\u00e1s de 6 mil apartamentos deber\u00e1 reservar 850 de ellos para personas con vale de vivienda financiadas por el gobierno, incluido el programa federal Secci\u00f3n 8.<\/p>\n\n\n\n<p>Las leyes estatales y municipales de NY proh\u00edben que los propietarios se nieguen a aceptar inquilinos porque utilizan la ayuda del gobierno para pagar el alquiler, una pr\u00e1ctica generalizada conocida como discriminaci\u00f3n por fuente de ingresos.<\/p>\n\n\n\n<p>El complejo Parkchester, ubicado en el 2000 de la avenida E Tremont, en El Bronx, est\u00e1 compuesto por 171 edificios, de 8 y 13 pisos de altura cada uno, que albergan m\u00e1s de 33,500 inquilinos, siendo el 35,1 % afroamericanos; el 33,0 % hispanos, entre ellos cientos de dominicanos; el 2,7 % de banco; 25,4 % asi\u00e1ticos, y 3,8 % de otras etnias.<\/p>\n\n\n\n<p>La Comisi\u00f3n de Derechos Humanos de NYC y la organizaci\u00f3n sin fines de lucro Fair Housing Justice Center (FHJC) llegaron a un acuerdo con la empresa inmobiliaria despu\u00e9s de una investigaci\u00f3n de un a\u00f1o, y se descubri\u00f3 la discriminaci\u00f3n en materia de vivienda al impedir que inquilinos con subsidios de vivienda alquilaran m\u00e1s de 6.000 apartamentos en su desarrollo.<\/p>\n\n\n\n<p>Como parte del acuerdo, Parkchester tambi\u00e9n pagar\u00e1 hasta $63,750 d\u00f3lares en da\u00f1os a los solicitantes a quienes se les negaron apartamentos, y pagar\u00e1 $150,000 al Centro de Justicia de Vivienda Justa, que comenz\u00f3 la investigaci\u00f3n en 2016.<\/p>\n\n\n\n<p>Asimismo, acord\u00f3 eliminar los requisitos de ingresos m\u00ednimos para los titulares de vales.<\/p>\n\n\n\n<p>\u201cEste anuncio es una victoria para los neoyorquinos comunes que buscan una vivienda segura y estable, y una se\u00f1al de advertencia para cualquier grupo depredador que intente da\u00f1ar a los inquilinos\u201d, dijo el alcalde Eric Adams en un comunicado.<\/p>\n\n\n\n<p>El FHJC (<a href=\"https:\/\/fairhousingjustice.org\/es\/\" rel=\"noreferrer noopener\" target=\"_blank\">https:\/\/fairhousingjustice.org\/es\/<\/a>) trabaja para eliminar la discriminaci\u00f3n en la vivienda; promover pol\u00edticas que fomenten comunidades abiertas, accesibles e inclusivas, y fortalecer la aplicaci\u00f3n de las leyes de vivienda justa.<\/p>\n","protected":false},"excerpt":{"rendered":"<p>Por Ram\u00f3n Mercedes NUEVA YORK.-&nbsp;El propietario del complejo de viviendas Parkchester Preservation Management, fue multado con un mill\u00f3n de d\u00f3lares por discriminaci\u00f3n en el alquiler de vivienda y no rentarle a inquilinos con vale de secci\u00f3n 8 y de bajos ingresos. A parte de pagar el mill\u00f3n de d\u00f3lares, el due\u00f1o del complejo que tiene [&hellip;]<\/p>\n","protected":false},"author":28,"featured_media":553866,"comment_status":"closed","ping_status":"closed","sticky":true,"template":"","format":"standard","meta":{"footnotes":""},"categories":[36,24],"tags":[],"class_list":["post-553865","post","type-post","status-publish","format-standard","has-post-thumbnail","hentry","category-hombresmujeresycosas","category-justicia-y-derecho"],"_links":{"self":[{"href":"https:\/\/diariodominicano.com\/index.php?rest_route=\/wp\/v2\/posts\/553865","targetHints":{"allow":["GET"]}}],"collection":[{"href":"https:\/\/diariodominicano.com\/index.php?rest_route=\/wp\/v2\/posts"}],"about":[{"href":"https:\/\/diariodominicano.com\/index.php?rest_route=\/wp\/v2\/types\/post"}],"author":[{"embeddable":true,"href":"https:\/\/diariodominicano.com\/index.php?rest_route=\/wp\/v2\/users\/28"}],"replies":[{"embeddable":true,"href":"https:\/\/diariodominicano.com\/index.php?rest_route=%2Fwp%2Fv2%2Fcomments&post=553865"}],"version-history":[{"count":1,"href":"https:\/\/diariodominicano.com\/index.php?rest_route=\/wp\/v2\/posts\/553865\/revisions"}],"predecessor-version":[{"id":553867,"href":"https:\/\/diariodominicano.com\/index.php?rest_route=\/wp\/v2\/posts\/553865\/revisions\/553867"}],"wp:featuredmedia":[{"embeddable":true,"href":"https:\/\/diariodominicano.com\/index.php?rest_route=\/wp\/v2\/media\/553866"}],"wp:attachment":[{"href":"https:\/\/diariodominicano.com\/index.php?rest_route=%2Fwp%2Fv2%2Fmedia&parent=553865"}],"wp:term":[{"taxonomy":"category","embeddable":true,"href":"https:\/\/diariodominicano.com\/index.php?rest_route=%2Fwp%2Fv2%2Fcategories&post=553865"},{"taxonomy":"post_tag","embeddable":true,"href":"https:\/\/diariodominicano.com\/index.php?rest_route=%2Fwp%2Fv2%2Ftags&post=553865"}],"curies":[{"name":"wp","href":"https:\/\/api.w.org\/{rel}","templated":true}]}}