{"id":553821,"date":"2024-08-23T14:37:46","date_gmt":"2024-08-23T18:37:46","guid":{"rendered":"https:\/\/diariodominicano.com\/?p=553821"},"modified":"2024-08-23T14:37:48","modified_gmt":"2024-08-23T18:37:48","slug":"los-dos-de-tamaulipas-te-dejaran-frio-con-su-nuevo-sencillo","status":"publish","type":"post","link":"https:\/\/diariodominicano.com\/?p=553821","title":{"rendered":"Los dos de Tamaulipas te dejar\u00e1n fr\u00edo con su nuevo sencillo"},"content":{"rendered":"\n<p><strong>Los Dos de Tamaulipas est\u00e1n de estreno con su tema \u201cCoraz\u00f3n Fr\u00edo\u201d,<\/strong>&nbsp;una&nbsp;<strong>cumbia in\u00e9dita&nbsp;<\/strong>que nos transmite un mensaje de superaci\u00f3n personal, destacando que no va a rogar ni a aceptar nuevamente a alguien que lo lastim\u00f3.<\/p>\n\n\n\n<p><strong>\u201cCoraz\u00f3n Fr\u00edo\u201d viene acompa\u00f1ado de un video el cual fue grabado en Houston, Texas<\/strong>&nbsp;en el que reflejan a la perfecci\u00f3n el talento que poseen los&nbsp;<strong>hermanos Zapata<\/strong>&nbsp;y que&nbsp;<strong>ya est\u00e1 disponible en el canal de YouTube de AfinArte Music, asimismo el tema ya lo puedes disfrutar en todas las plataformas digitales.&nbsp;<\/strong><\/p>\n\n\n\n<p>No cabe duda que,&nbsp;<strong>Los Dos de Tamaulipas han dado de qu\u00e9 hablar con sus \u00faltimos 4 lanzamientos en los que han juntado m\u00e1s de 55 millones de reproducciones y m\u00e1s de 35 millones de visualizaciones en menos de 6 meses.<\/strong>&nbsp;Adem\u00e1s, con esta cumbia demuestran su versatilidad para interpretar cualquier g\u00e9nero musical.<\/p>\n\n\n\n<p><strong>Star Media Consulting<\/strong>\u00a0boletines@starmediaconsulting.com\u00a0<\/p>\n","protected":false},"excerpt":{"rendered":"<p>Los Dos de Tamaulipas est\u00e1n de estreno con su tema \u201cCoraz\u00f3n Fr\u00edo\u201d,&nbsp;una&nbsp;cumbia in\u00e9dita&nbsp;que nos transmite un mensaje de superaci\u00f3n personal, destacando que no va a rogar ni a aceptar nuevamente a alguien que lo lastim\u00f3. \u201cCoraz\u00f3n Fr\u00edo\u201d viene acompa\u00f1ado de un video el cual fue grabado en Houston, Texas&nbsp;en el que reflejan a la perfecci\u00f3n [&hellip;]<\/p>\n","protected":false},"author":7,"featured_media":553885,"comment_status":"closed","ping_status":"closed","sticky":false,"template":"","format":"standard","meta":{"footnotes":""},"categories":[25],"tags":[],"class_list":["post-553821","post","type-post","status-publish","format-standard","has-post-thumbnail","hentry","category-gente"],"_links":{"self":[{"href":"https:\/\/diariodominicano.com\/index.php?rest_route=\/wp\/v2\/posts\/553821","targetHints":{"allow":["GET"]}}],"collection":[{"href":"https:\/\/diariodominicano.com\/index.php?rest_route=\/wp\/v2\/posts"}],"about":[{"href":"https:\/\/diariodominicano.com\/index.php?rest_route=\/wp\/v2\/types\/post"}],"author":[{"embeddable":true,"href":"https:\/\/diariodominicano.com\/index.php?rest_route=\/wp\/v2\/users\/7"}],"replies":[{"embeddable":true,"href":"https:\/\/diariodominicano.com\/index.php?rest_route=%2Fwp%2Fv2%2Fcomments&post=553821"}],"version-history":[{"count":1,"href":"https:\/\/diariodominicano.com\/index.php?rest_route=\/wp\/v2\/posts\/553821\/revisions"}],"predecessor-version":[{"id":553886,"href":"https:\/\/diariodominicano.com\/index.php?rest_route=\/wp\/v2\/posts\/553821\/revisions\/553886"}],"wp:featuredmedia":[{"embeddable":true,"href":"https:\/\/diariodominicano.com\/index.php?rest_route=\/wp\/v2\/media\/553885"}],"wp:attachment":[{"href":"https:\/\/diariodominicano.com\/index.php?rest_route=%2Fwp%2Fv2%2Fmedia&parent=553821"}],"wp:term":[{"taxonomy":"category","embeddable":true,"href":"https:\/\/diariodominicano.com\/index.php?rest_route=%2Fwp%2Fv2%2Fcategories&post=553821"},{"taxonomy":"post_tag","embeddable":true,"href":"https:\/\/diariodominicano.com\/index.php?rest_route=%2Fwp%2Fv2%2Ftags&post=553821"}],"curies":[{"name":"wp","href":"https:\/\/api.w.org\/{rel}","templated":true}]}}