{"id":553718,"date":"2024-08-22T20:18:42","date_gmt":"2024-08-23T00:18:42","guid":{"rendered":"https:\/\/diariodominicano.com\/?p=553718"},"modified":"2024-08-23T01:25:57","modified_gmt":"2024-08-23T05:25:57","slug":"omorador-estrena-su-videoclip-de-debut-para-la-cancion-sem-bateria","status":"publish","type":"post","link":"https:\/\/diariodominicano.com\/?p=553718","title":{"rendered":"OMorador estrena su videoclip de debut para la canci\u00f3n \u00abSem Bateria\u00bb"},"content":{"rendered":"\n<p>El multiartista OMorador (F\u00e1bio Vieira), afincado en S\u00e3o Paulo, estrena su videoclip debut para su primer tema, Sem Bateria, un clip vibrante y soleado, con paredes decoradas con hojas de colores que al mirarlas parecen post-it.<\/p>\n\n\n\n<p>Se trata de una producci\u00f3n totalmente independiente de su propio colectivo, donde OMorador, adem\u00e1s de ser el artista del tema, tambi\u00e9n firma la direcci\u00f3n de arte, y en la producci\u00f3n general Peterson Baestero deja su impronta y direcci\u00f3n, la edici\u00f3n general y el coloreado es de @musicalggoficial.<\/p>\n\n\n\n<p>El tema y el videoclip representan ese momento en el que nos arrepentimos de haber confirmado esa salida, o cuando llega una invitaci\u00f3n a una fiesta, pero solo quieres tu cama. En el clip de Sem Bateria hay la dosis justa de m\u00fasica e irreverencia.<\/p>\n\n\n\n<p>OMorador ya est\u00e1 preparando el pr\u00f3ximo tema (a\u00fan sin fecha), as\u00ed como su pr\u00f3ximo audiovisual, siempre orgulloso del enfoque \u201ch\u00e1galo usted mismo\u201d, priorizando siempre el buen gusto y mucho estudio.<\/p>\n\n\n\n<p>Clip:<\/p>\n\n\n\n<figure class=\"wp-block-embed is-type-video is-provider-youtube wp-block-embed-youtube wp-embed-aspect-16-9 wp-has-aspect-ratio\"><div class=\"wp-block-embed__wrapper\">\n<iframe loading=\"lazy\" title=\"OMorador - Sem Bateria (Clipe Oficial)\" width=\"616\" height=\"347\" src=\"https:\/\/www.youtube.com\/embed\/t1GSr8LyYJg?feature=oembed\" frameborder=\"0\" allow=\"accelerometer; autoplay; clipboard-write; encrypted-media; gyroscope; picture-in-picture; web-share\" referrerpolicy=\"strict-origin-when-cross-origin\" allowfullscreen><\/iframe>\n<\/div><\/figure>\n\n\n\n<p>Spotify:<\/p>\n\n\n\n<figure class=\"wp-block-embed is-type-rich is-provider-spotify wp-block-embed-spotify wp-embed-aspect-21-9 wp-has-aspect-ratio\"><div class=\"wp-block-embed__wrapper\">\n<iframe title=\"Spotify Embed: OMorador\" style=\"border-radius: 12px\" width=\"100%\" height=\"352\" frameborder=\"0\" allowfullscreen allow=\"autoplay; clipboard-write; encrypted-media; fullscreen; picture-in-picture\" loading=\"lazy\" src=\"https:\/\/open.spotify.com\/embed\/artist\/3vn2tLcVbJCNSbGorELRvl?utm_source=oembed\"><\/iframe>\n<\/div><\/figure>\n\n\n\n<p>Instagram:<\/p>\n\n\n\n<p>OMorador: <a href=\"https:\/\/www.instagram.com\/originalpetri\">@omoradormusic<\/a><\/p>\n\n\n\n<p>Peterson Baestero: @originalpetri<\/p>\n\n\n\n<p>LGG Music: <a href=\"https:\/\/www.instagram.com\/musicalggoficial\/\">@musicalggoficial<\/a> <\/p>\n","protected":false},"excerpt":{"rendered":"<p>El multiartista OMorador (F\u00e1bio Vieira), afincado en S\u00e3o Paulo, estrena su videoclip debut para su primer tema, Sem Bateria, un clip vibrante y soleado, con paredes decoradas con hojas de colores que al mirarlas parecen post-it. Se trata de una producci\u00f3n totalmente independiente de su propio colectivo, donde OMorador, adem\u00e1s de ser el artista del [&hellip;]<\/p>\n","protected":false},"author":7,"featured_media":553735,"comment_status":"closed","ping_status":"closed","sticky":false,"template":"","format":"standard","meta":{"footnotes":""},"categories":[25],"tags":[],"class_list":["post-553718","post","type-post","status-publish","format-standard","has-post-thumbnail","hentry","category-gente"],"_links":{"self":[{"href":"https:\/\/diariodominicano.com\/index.php?rest_route=\/wp\/v2\/posts\/553718","targetHints":{"allow":["GET"]}}],"collection":[{"href":"https:\/\/diariodominicano.com\/index.php?rest_route=\/wp\/v2\/posts"}],"about":[{"href":"https:\/\/diariodominicano.com\/index.php?rest_route=\/wp\/v2\/types\/post"}],"author":[{"embeddable":true,"href":"https:\/\/diariodominicano.com\/index.php?rest_route=\/wp\/v2\/users\/7"}],"replies":[{"embeddable":true,"href":"https:\/\/diariodominicano.com\/index.php?rest_route=%2Fwp%2Fv2%2Fcomments&post=553718"}],"version-history":[{"count":1,"href":"https:\/\/diariodominicano.com\/index.php?rest_route=\/wp\/v2\/posts\/553718\/revisions"}],"predecessor-version":[{"id":553736,"href":"https:\/\/diariodominicano.com\/index.php?rest_route=\/wp\/v2\/posts\/553718\/revisions\/553736"}],"wp:featuredmedia":[{"embeddable":true,"href":"https:\/\/diariodominicano.com\/index.php?rest_route=\/wp\/v2\/media\/553735"}],"wp:attachment":[{"href":"https:\/\/diariodominicano.com\/index.php?rest_route=%2Fwp%2Fv2%2Fmedia&parent=553718"}],"wp:term":[{"taxonomy":"category","embeddable":true,"href":"https:\/\/diariodominicano.com\/index.php?rest_route=%2Fwp%2Fv2%2Fcategories&post=553718"},{"taxonomy":"post_tag","embeddable":true,"href":"https:\/\/diariodominicano.com\/index.php?rest_route=%2Fwp%2Fv2%2Ftags&post=553718"}],"curies":[{"name":"wp","href":"https:\/\/api.w.org\/{rel}","templated":true}]}}