{"id":553688,"date":"2024-08-22T18:37:21","date_gmt":"2024-08-22T22:37:21","guid":{"rendered":"https:\/\/diariodominicano.com\/?p=553688"},"modified":"2024-08-22T18:37:23","modified_gmt":"2024-08-22T22:37:23","slug":"la-proedemaren-recibe-la-visita-de-cortesia-del-nuevo-director-del-servicio-nacional-de-proteccion-ambiental","status":"publish","type":"post","link":"https:\/\/diariodominicano.com\/?p=553688","title":{"rendered":"La Proedemaren recibe la visita de cortes\u00eda del nuevo director del Servicio Nacional de Protecci\u00f3n Ambiental"},"content":{"rendered":"\n<p><em><u>El encuentro estuvo enfocado en el trabajo conjunto para la persecuci\u00f3n y prevenci\u00f3n de los delitos ambientales<\/u><\/em><\/p>\n\n\n\n<p><strong>SANTO DOMINGO (Rep\u00fablica Dominicana).-&nbsp;<\/strong>El procurador titular de la Procuradur\u00eda Especializada para la Defensa del Medio Ambiente y Recursos Naturales (Proedemaren)x, Francisco Contreras, recibi\u00f3 la visita del general de brigada \u00c1ngel Alfredo Camacho Hubiera, nuevo director del Servicio Nacional de Protecci\u00f3n Ambiental (SENPA).<\/p>\n\n\n\n<p>En el encuentro, realizado en la sede el \u00f3rgano persecutor del delito ambiental,&nbsp; en el encuentro se trataron varios t\u00f3picos relacionados a la persecuci\u00f3n y prevenci\u00f3n de los delitos ambientales, enfocados en la necesidad del trabajo en equipo y de la integraci\u00f3n de las&nbsp; principales instituciones del sector ambiental, como son el Ministerio de Medio Ambiente y Recursos Naturales, el SENPA, el Ministerio P\u00fablico y el Equipo Ambiental Nacional,&nbsp; adem\u00e1s de la Academia de Ciencias y La Universidad Aut\u00f3noma de Santo Domingo (UASD), y de otras organizaciones claves del movimiento ambiental del pa\u00eds.<\/p>\n\n\n\n<p>Tanto Contreras, como el general Camacho Hubiera, ratificaron el compromiso trabajar por el cuidado, la protecci\u00f3n y preservaci\u00f3n del medio ambiente y los recursos naturales, indicando que no escatimaran esfuerzos en la persecuci\u00f3n de los il\u00edcitos ambientales.<\/p>\n\n\n\n<p>Contreras estuvo acompa\u00f1ado de la directora t\u00e9cnica de esa entidad persecutora de los delitos ambientales Yissel Acevedo, as\u00ed como tambi\u00e9n por \u00c1ngel Gomera, director general de Prevenci\u00f3n, Pol\u00edticas Ambientales y Proyectos de la Proedemaren.<\/p>\n\n\n\n<p>Por su parte, el general Camacho Hubiera estuvo acompa\u00f1ado en su visita a la Proedemarren, por los coroneles Julio Rodr\u00edguez Burgos, Pedro Reyes Calder\u00f3n y Jes\u00fas de La Cruz, quienes forman parte de su equipo de trabajo.<\/p>\n\n\n\n<p><strong>Direcci\u00f3n General de Comunicaci\u00f3n, Prensa, y RRPP<\/strong><strong><\/strong><\/p>\n\n\n\n<p>Ministerio P\u00fablico.&nbsp;R.D.<\/p>\n","protected":false},"excerpt":{"rendered":"<p>El encuentro estuvo enfocado en el trabajo conjunto para la persecuci\u00f3n y prevenci\u00f3n de los delitos ambientales SANTO DOMINGO (Rep\u00fablica Dominicana).-&nbsp;El procurador titular de la Procuradur\u00eda Especializada para la Defensa del Medio Ambiente y Recursos Naturales (Proedemaren)x, Francisco Contreras, recibi\u00f3 la visita del general de brigada \u00c1ngel Alfredo Camacho Hubiera, nuevo director del Servicio Nacional [&hellip;]<\/p>\n","protected":false},"author":7,"featured_media":553710,"comment_status":"closed","ping_status":"closed","sticky":false,"template":"","format":"standard","meta":{"footnotes":""},"categories":[24],"tags":[],"class_list":["post-553688","post","type-post","status-publish","format-standard","has-post-thumbnail","hentry","category-justicia-y-derecho"],"_links":{"self":[{"href":"https:\/\/diariodominicano.com\/index.php?rest_route=\/wp\/v2\/posts\/553688","targetHints":{"allow":["GET"]}}],"collection":[{"href":"https:\/\/diariodominicano.com\/index.php?rest_route=\/wp\/v2\/posts"}],"about":[{"href":"https:\/\/diariodominicano.com\/index.php?rest_route=\/wp\/v2\/types\/post"}],"author":[{"embeddable":true,"href":"https:\/\/diariodominicano.com\/index.php?rest_route=\/wp\/v2\/users\/7"}],"replies":[{"embeddable":true,"href":"https:\/\/diariodominicano.com\/index.php?rest_route=%2Fwp%2Fv2%2Fcomments&post=553688"}],"version-history":[{"count":1,"href":"https:\/\/diariodominicano.com\/index.php?rest_route=\/wp\/v2\/posts\/553688\/revisions"}],"predecessor-version":[{"id":553711,"href":"https:\/\/diariodominicano.com\/index.php?rest_route=\/wp\/v2\/posts\/553688\/revisions\/553711"}],"wp:featuredmedia":[{"embeddable":true,"href":"https:\/\/diariodominicano.com\/index.php?rest_route=\/wp\/v2\/media\/553710"}],"wp:attachment":[{"href":"https:\/\/diariodominicano.com\/index.php?rest_route=%2Fwp%2Fv2%2Fmedia&parent=553688"}],"wp:term":[{"taxonomy":"category","embeddable":true,"href":"https:\/\/diariodominicano.com\/index.php?rest_route=%2Fwp%2Fv2%2Fcategories&post=553688"},{"taxonomy":"post_tag","embeddable":true,"href":"https:\/\/diariodominicano.com\/index.php?rest_route=%2Fwp%2Fv2%2Ftags&post=553688"}],"curies":[{"name":"wp","href":"https:\/\/api.w.org\/{rel}","templated":true}]}}