{"id":553636,"date":"2024-08-22T09:31:58","date_gmt":"2024-08-22T13:31:58","guid":{"rendered":"https:\/\/diariodominicano.com\/?p=553636"},"modified":"2024-08-22T09:32:06","modified_gmt":"2024-08-22T13:32:06","slug":"campamento-creativo-de-seaboard-en-villa-francisca-concluye-con-exito","status":"publish","type":"post","link":"https:\/\/diariodominicano.com\/?p=553636","title":{"rendered":"Campamento Creativo de Seaboard en Villa Francisca concluye con \u00e9xito"},"content":{"rendered":"\n<p>diariodominicano.com<\/p>\n\n\n\n<p>Santo Domingo, R. D.,\u200222 de agosto, 2024.-\u2002El Campamento Creativo de Seaboard 2024 concluy\u00f3 con \u00e9xito, brindando una oportunidad \u00fanica de desarrollo art\u00edstico y cultural a docenas de residentes de la comunidad de Villa Francisca, en el Distrito Nacional.<\/p>\n\n\n\n<p>Destinada a ni\u00f1os y ni\u00f1as de entre 9 y 14 a\u00f1os, la jornada se llev\u00f3 a cabo con gran entusiasmo los d\u00edas 31 de julio y 1 y 2 de agosto en el local del Consejo de Desarrollo Barrial de ese sector.<\/p>\n\n\n\n<p>Las&nbsp;palabras de inauguraci\u00f3n del campamento estuvieron a cargo del CEO de Seaboard, Armando Rodr\u00edguez, quien expres\u00f3 el compromiso sostenido de Seabord con el desarrollo integral de la juventud local.<\/p>\n\n\n\n<p>A continuaci\u00f3n, Cristian P\u00e9rez, presidente del Consejo de Desarrollo Barrial de Villa Francisca, resalt\u00f3 la relevancia de este tipo de actividades para la cohesi\u00f3n social y el crecimiento comunitario.<\/p>\n\n\n\n<p>De su lado, Keila Gonz\u00e1lez B\u00e1ez, presidenta de la fundaci\u00f3n Futuros Autores del Mundo, instituci\u00f3n aliada en la realizaci\u00f3n del campamento, subray\u00f3 el valor de incentivar la creatividad para el desarrollo de los ni\u00f1os y ni\u00f1as asistentes.<\/p>\n\n\n\n<p>Durante los tres d\u00edas del campamento, los participantes disfrutaron de una variada oferta de talleres, incluyendo m\u00fasica, teatro, oratoria, narrativa, poes\u00eda, pintura y manualidades ofrecidos por expertos en cada materia.<\/p>\n\n\n\n<p>Cada uno de los talleres fue dise\u00f1ado para estimular la imaginaci\u00f3n y el talento de los ni\u00f1os y ni\u00f1as, proporcion\u00e1ndoles herramientas para expresarse y desarrollarse como entes creativos&nbsp; y productivos.<\/p>\n\n\n\n<p>La respuesta de los participantes fue entusiasta, demostrando un gran inter\u00e9s y compromiso en cada una de las actividades.<\/p>\n\n\n\n<p>El campamento culmin\u00f3 con una presentaci\u00f3n dram\u00e1tico-musical y una exposici\u00f3n de las pinturas realizadas por los j\u00f3venes artistas.<\/p>\n\n\n\n<p>Adem\u00e1s, se ofrecieron becas para estudiar m\u00fasica a varios de los participantes, y aquellos que mostraron un especial inter\u00e9s por la narrativa y la poes\u00eda recibir\u00e1n apoyo continuo a trav\u00e9s de la fundaci\u00f3n Futuros Autores del Mundo para desarrollar su talento&nbsp;literario y que puedan convertirse potencialmente en los escritores&nbsp;y pensadores de ma\u00f1ana.<\/p>\n\n\n\n<p>Esta iniciativa no solo sembr\u00f3 semillas de creatividad en Villa Francisca, sino que tambi\u00e9n estableci\u00f3 las bases para futuros programas que seguir\u00e1n nutriendo el talento y la pasi\u00f3n de los j\u00f3venes de la comunidad.<\/p>\n\n\n\n<p><br><strong>Yosarah Fern\u00e1ndez\u00a0<\/strong>Periodista | Comunicaci\u00f3n Corporativa, MA<\/p>\n","protected":false},"excerpt":{"rendered":"<p>diariodominicano.com Santo Domingo, R. D.,\u200222 de agosto, 2024.-\u2002El Campamento Creativo de Seaboard 2024 concluy\u00f3 con \u00e9xito, brindando una oportunidad \u00fanica de desarrollo art\u00edstico y cultural a docenas de residentes de la comunidad de Villa Francisca, en el Distrito Nacional. Destinada a ni\u00f1os y ni\u00f1as de entre 9 y 14 a\u00f1os, la jornada se llev\u00f3 a [&hellip;]<\/p>\n","protected":false},"author":5,"featured_media":553637,"comment_status":"closed","ping_status":"closed","sticky":true,"template":"","format":"standard","meta":{"footnotes":""},"categories":[20,25,27],"tags":[],"class_list":["post-553636","post","type-post","status-publish","format-standard","has-post-thumbnail","hentry","category-dominicana-hoy","category-gente","category-portada"],"_links":{"self":[{"href":"https:\/\/diariodominicano.com\/index.php?rest_route=\/wp\/v2\/posts\/553636","targetHints":{"allow":["GET"]}}],"collection":[{"href":"https:\/\/diariodominicano.com\/index.php?rest_route=\/wp\/v2\/posts"}],"about":[{"href":"https:\/\/diariodominicano.com\/index.php?rest_route=\/wp\/v2\/types\/post"}],"author":[{"embeddable":true,"href":"https:\/\/diariodominicano.com\/index.php?rest_route=\/wp\/v2\/users\/5"}],"replies":[{"embeddable":true,"href":"https:\/\/diariodominicano.com\/index.php?rest_route=%2Fwp%2Fv2%2Fcomments&post=553636"}],"version-history":[{"count":1,"href":"https:\/\/diariodominicano.com\/index.php?rest_route=\/wp\/v2\/posts\/553636\/revisions"}],"predecessor-version":[{"id":553638,"href":"https:\/\/diariodominicano.com\/index.php?rest_route=\/wp\/v2\/posts\/553636\/revisions\/553638"}],"wp:featuredmedia":[{"embeddable":true,"href":"https:\/\/diariodominicano.com\/index.php?rest_route=\/wp\/v2\/media\/553637"}],"wp:attachment":[{"href":"https:\/\/diariodominicano.com\/index.php?rest_route=%2Fwp%2Fv2%2Fmedia&parent=553636"}],"wp:term":[{"taxonomy":"category","embeddable":true,"href":"https:\/\/diariodominicano.com\/index.php?rest_route=%2Fwp%2Fv2%2Fcategories&post=553636"},{"taxonomy":"post_tag","embeddable":true,"href":"https:\/\/diariodominicano.com\/index.php?rest_route=%2Fwp%2Fv2%2Ftags&post=553636"}],"curies":[{"name":"wp","href":"https:\/\/api.w.org\/{rel}","templated":true}]}}