{"id":553578,"date":"2024-08-22T00:51:03","date_gmt":"2024-08-22T04:51:03","guid":{"rendered":"https:\/\/diariodominicano.com\/?p=553578"},"modified":"2024-08-22T00:51:09","modified_gmt":"2024-08-22T04:51:09","slug":"consumo-de-energia-de-china-aumenta-57-en-julio","status":"publish","type":"post","link":"https:\/\/diariodominicano.com\/?p=553578","title":{"rendered":"Consumo de energ\u00eda de China aumenta 5,7% en julio"},"content":{"rendered":"\n<p><em>spanish.news.cn<\/em>|<em>&nbsp;2024-08-22 11:04:45<\/em>|<\/p>\n\n\n\n<p>BEIJING, 22 ago (Xinhua) &#8212; El consumo de electricidad de China, un bar\u00f3metro clave de la actividad econ\u00f3mica, registr\u00f3 una robusta expansi\u00f3n en julio, seg\u00fan datos oficiales publicados hoy jueves.<\/p>\n\n\n\n<p>El uso de energ\u00eda subi\u00f3 el mes pasado un 5,7 por ciento interanual a 939.600 millones de kilovatios hora (kWh), seg\u00fan datos de la Administraci\u00f3n Nacional de Energ\u00eda.<\/p>\n\n\n\n<p>En concreto, la energ\u00eda consumida por las industrias primaria y secundaria aument\u00f3 un 1,5 y un 5 por ciento interanual, respectivamente. A su vez, el consumo de energ\u00eda del sector terciario creci\u00f3 un 7,8 por ciento.<\/p>\n\n\n\n<p>El uso de energ\u00eda residencial registr\u00f3 en julio un incremento del 5,9 por ciento con respecto al mismo mes de 2023, alcanzando los 172.700 millones de kWh.<\/p>\n\n\n\n<p>En los primeros siete meses de este a\u00f1o, el uso de energ\u00eda del pa\u00eds aument\u00f3 un 7,7 por ciento a casi 5,6 billones de kWh, mostraron los mismos datos.<\/p>\n\n\n\n<p>La econom\u00eda china demostr\u00f3 en julio resiliencia, con un mayor impulso del crecimiento y navegando con acierto a trav\u00e9s de los riesgos a la baja, comoquiera que m\u00e1s pol\u00edticas favorables al crecimiento han empezado a surtir efecto.<\/p>\n\n\n\n<p>El mes pasado, una amplia gama de indicadores clave mantuvo una expansi\u00f3n constante, con aumentos en la producci\u00f3n y la demanda, estabilidad general en el empleo y una potenciaci\u00f3n de los nuevos motores de crecimiento.<\/p>\n\n\n\n<p><a href=\"https:\/\/www.facebook.com\/sharer\/sharer.php?u=https:\/\/spanish.xinhuanet.com\/20240822\/bd27902f3bcc48df9ffbedfb6e7199f9\/c.html\" target=\"_blank\" rel=\"noreferrer noopener\"><\/a>&nbsp;<a href=\"https:\/\/twitter.com\/intent\/tweet?text=Consumo%20de%20energ%C3%ADa%20de%20China%20aumenta%205,7%25%20en%20julio&amp;url=https:\/\/spanish.xinhuanet.com\/20240822\/bd27902f3bcc48df9ffbedfb6e7199f9\/c.html\" target=\"_blank\" rel=\"noreferrer noopener\"><\/a>&nbsp;<a target=\"_blank\" href=\"https:\/\/service.weibo.com\/share\/share.php?title=Consumo%20de%20energ%C3%ADa%20de%20China%20aumenta%205,7%25%20en%20julio&amp;url=https:\/\/spanish.xinhuanet.com\/20240822\/bd27902f3bcc48df9ffbedfb6e7199f9\/c.html\" rel=\"noreferrer noopener\"><\/a>&nbsp;<a><\/a><\/p>\n\n\n\n<figure class=\"wp-block-image\"><img decoding=\"async\" src=\"https:\/\/imgs.news.cn\/res\/xhwimg\/spanish\/20170522\/img\/jc-xfa.png\" alt=\"\"\/><\/figure>\n\n\n","protected":false},"excerpt":{"rendered":"<p>spanish.news.cn|&nbsp;2024-08-22 11:04:45| BEIJING, 22 ago (Xinhua) &#8212; El consumo de electricidad de China, un bar\u00f3metro clave de la actividad econ\u00f3mica, registr\u00f3 una robusta expansi\u00f3n en julio, seg\u00fan datos oficiales publicados hoy jueves. El uso de energ\u00eda subi\u00f3 el mes pasado un 5,7 por ciento interanual a 939.600 millones de kilovatios hora (kWh), seg\u00fan datos de [&hellip;]<\/p>\n","protected":false},"author":28,"featured_media":0,"comment_status":"closed","ping_status":"closed","sticky":true,"template":"","format":"standard","meta":{"footnotes":""},"categories":[18,23],"tags":[],"class_list":["post-553578","post","type-post","status-publish","format-standard","hentry","category-economia","category-internacional"],"_links":{"self":[{"href":"https:\/\/diariodominicano.com\/index.php?rest_route=\/wp\/v2\/posts\/553578","targetHints":{"allow":["GET"]}}],"collection":[{"href":"https:\/\/diariodominicano.com\/index.php?rest_route=\/wp\/v2\/posts"}],"about":[{"href":"https:\/\/diariodominicano.com\/index.php?rest_route=\/wp\/v2\/types\/post"}],"author":[{"embeddable":true,"href":"https:\/\/diariodominicano.com\/index.php?rest_route=\/wp\/v2\/users\/28"}],"replies":[{"embeddable":true,"href":"https:\/\/diariodominicano.com\/index.php?rest_route=%2Fwp%2Fv2%2Fcomments&post=553578"}],"version-history":[{"count":1,"href":"https:\/\/diariodominicano.com\/index.php?rest_route=\/wp\/v2\/posts\/553578\/revisions"}],"predecessor-version":[{"id":553579,"href":"https:\/\/diariodominicano.com\/index.php?rest_route=\/wp\/v2\/posts\/553578\/revisions\/553579"}],"wp:attachment":[{"href":"https:\/\/diariodominicano.com\/index.php?rest_route=%2Fwp%2Fv2%2Fmedia&parent=553578"}],"wp:term":[{"taxonomy":"category","embeddable":true,"href":"https:\/\/diariodominicano.com\/index.php?rest_route=%2Fwp%2Fv2%2Fcategories&post=553578"},{"taxonomy":"post_tag","embeddable":true,"href":"https:\/\/diariodominicano.com\/index.php?rest_route=%2Fwp%2Fv2%2Ftags&post=553578"}],"curies":[{"name":"wp","href":"https:\/\/api.w.org\/{rel}","templated":true}]}}