{"id":553575,"date":"2024-08-22T00:46:46","date_gmt":"2024-08-22T04:46:46","guid":{"rendered":"https:\/\/diariodominicano.com\/?p=553575"},"modified":"2024-08-22T00:49:23","modified_gmt":"2024-08-22T04:49:23","slug":"organismo-industrial-chino-se-opone-a-plan-de-aranceles-de-ue-para-vehiculos-electricos-y-pide-solucion-equilibrada","status":"publish","type":"post","link":"https:\/\/diariodominicano.com\/?p=553575","title":{"rendered":"Organismo industrial chino se opone a plan de aranceles de UE para veh\u00edculos el\u00e9ctricos y pide soluci\u00f3n equilibrada"},"content":{"rendered":"\n<p><em>spanish.news.cn<\/em>|<em>&nbsp;2024-08-21 23:28:30<\/em>|<\/p>\n\n\n\n<p>BEIJING, 21 ago (Xinhua) &#8212; La C\u00e1mara de Comercio de China para la Importaci\u00f3n y Exportaci\u00f3n de Maquinaria y Productos Electr\u00f3nicos expres\u00f3 hoy mi\u00e9rcoles su firme objeci\u00f3n al plan de la Comisi\u00f3n Europea de imponer aranceles de hasta 36,3 por ciento a las importaciones de veh\u00edculos el\u00e9ctricos chinos.<\/p>\n\n\n\n<p><\/p>\n\n\n\n<p>En un comunicado, el organismo industrial indic\u00f3 que la investigaci\u00f3n antisubsidios de la comisi\u00f3n sobre los veh\u00edculos el\u00e9ctricos chinos no fue resultado de una queja de la industria de la Uni\u00f3n Europea (UE), careci\u00f3 de transparencia y no proporcion\u00f3 un an\u00e1lisis objetivo de los da\u00f1os causados a la industria de la UE.<\/p>\n\n\n\n<p>Las decisiones err\u00f3neas reveladas en el borrador del plan de la comisi\u00f3n para imponer aranceles definitivos a los veh\u00edculos el\u00e9ctricos chinos carecen de objetividad y equidad, y es muy obvia la tendencia hacia conclusiones predeterminadas, a\u00f1adi\u00f3.<\/p>\n\n\n\n<p>El martes, la comisi\u00f3n public\u00f3 un borrador de plan para volver definitivos los aranceles, con unas tasas ligeramente revisadas, sujetas a la aprobaci\u00f3n de los pa\u00edses miembros de la UE. Esto se dio luego de que anunci\u00f3 en julio la imposici\u00f3n de aranceles provisionales adicionales de hasta 37,6 por ciento a los fabricantes chinos de veh\u00edculos el\u00e9ctricos. La comisi\u00f3n emprendi\u00f3 su investigaci\u00f3n antisubsidios sobre los veh\u00edculos el\u00e9ctricos chinos en octubre de 2023.<\/p>\n\n\n\n<p>China ha llevado a cabo, con la mayor sinceridad, m\u00faltiples rondas de consultas t\u00e9cnicas con la parte europea desde que la comisi\u00f3n anunci\u00f3 que impondr\u00eda aranceles adicionales provisionales el mes pasado, se\u00f1ala el comunicado de la c\u00e1mara.<\/p>\n\n\n\n<p>A pesar de estos esfuerzos, la c\u00e1mara indic\u00f3 que la parte europea ha ignorado los hechos y las normas antisubsidios de la Organizaci\u00f3n Mundial del Comercio (OMC) y la UE. Esto perturbar\u00e1 la cadena industrial automotriz mundial y obstaculizar\u00e1 el logro de los objetivos mundiales de desarrollo ecol\u00f3gico y sostenible, a\u00f1ade el comunicado.<\/p>\n\n\n\n<p>Insta firmemente a la Comisi\u00f3n Europea a proceder considerando los intereses generales de la cooperaci\u00f3n entre China y la UE, trabajar en sincron\u00eda con China y alcanzar una soluci\u00f3n equilibrada.&nbsp;<\/p>\n\n\n\n<p><a href=\"https:\/\/www.facebook.com\/sharer\/sharer.php?u=https:\/\/spanish.xinhuanet.com\/20240821\/cc30a8c332ac49b9a70527fdf94649cf\/c.html\" target=\"_blank\" rel=\"noreferrer noopener\"><\/a>&nbsp;<a href=\"https:\/\/twitter.com\/intent\/tweet?text=%0A%20%20%20%20%20%20%20%20%20%20%20%20%20%20%20%20%20%20%20%20Organismo%20industrial%20chino%20se%20opone%20a%20plan%20de%20aranceles%20de%20UE%20para%20veh%C3%ADculos%20el%C3%A9ctricos%20y%20pide%20soluci%C3%B3n%20equilibrada%0A%20%20%20%20%20%20%20%20%20%20%20%20%20%20%20%20&amp;url=https:\/\/spanish.xinhuanet.com\/20240821\/cc30a8c332ac49b9a70527fdf94649cf\/c.html\" target=\"_blank\" rel=\"noreferrer noopener\"><\/a>&nbsp;<a target=\"_blank\" href=\"https:\/\/service.weibo.com\/share\/share.php?title=%0A%20%20%20%20%20%20%20%20%20%20%20%20%20%20%20%20%20%20%20%20Organismo%20industrial%20chino%20se%20opone%20a%20plan%20de%20aranceles%20de%20UE%20para%20veh%C3%ADculos%20el%C3%A9ctricos%20y%20pide%20soluci%C3%B3n%20equilibrada%0A%20%20%20%20%20%20%20%20%20%20%20%20%20%20%20%20&amp;url=https:\/\/spanish.xinhuanet.com\/20240821\/cc30a8c332ac49b9a70527fdf94649cf\/c.html\" rel=\"noreferrer noopener\"><\/a>&nbsp;<a><\/a><\/p>\n\n\n\n<figure class=\"wp-block-image\"><img decoding=\"async\" src=\"https:\/\/imgs.news.cn\/res\/xhwimg\/spanish\/20170522\/img\/jc-xfa.png\" alt=\"\"\/><\/figure>\n","protected":false},"excerpt":{"rendered":"<p>spanish.news.cn|&nbsp;2024-08-21 23:28:30| BEIJING, 21 ago (Xinhua) &#8212; La C\u00e1mara de Comercio de China para la Importaci\u00f3n y Exportaci\u00f3n de Maquinaria y Productos Electr\u00f3nicos expres\u00f3 hoy mi\u00e9rcoles su firme objeci\u00f3n al plan de la Comisi\u00f3n Europea de imponer aranceles de hasta 36,3 por ciento a las importaciones de veh\u00edculos el\u00e9ctricos chinos. En un comunicado, el organismo [&hellip;]<\/p>\n","protected":false},"author":28,"featured_media":0,"comment_status":"closed","ping_status":"closed","sticky":true,"template":"","format":"standard","meta":{"footnotes":""},"categories":[18,23],"tags":[],"class_list":["post-553575","post","type-post","status-publish","format-standard","hentry","category-economia","category-internacional"],"_links":{"self":[{"href":"https:\/\/diariodominicano.com\/index.php?rest_route=\/wp\/v2\/posts\/553575","targetHints":{"allow":["GET"]}}],"collection":[{"href":"https:\/\/diariodominicano.com\/index.php?rest_route=\/wp\/v2\/posts"}],"about":[{"href":"https:\/\/diariodominicano.com\/index.php?rest_route=\/wp\/v2\/types\/post"}],"author":[{"embeddable":true,"href":"https:\/\/diariodominicano.com\/index.php?rest_route=\/wp\/v2\/users\/28"}],"replies":[{"embeddable":true,"href":"https:\/\/diariodominicano.com\/index.php?rest_route=%2Fwp%2Fv2%2Fcomments&post=553575"}],"version-history":[{"count":2,"href":"https:\/\/diariodominicano.com\/index.php?rest_route=\/wp\/v2\/posts\/553575\/revisions"}],"predecessor-version":[{"id":553577,"href":"https:\/\/diariodominicano.com\/index.php?rest_route=\/wp\/v2\/posts\/553575\/revisions\/553577"}],"wp:attachment":[{"href":"https:\/\/diariodominicano.com\/index.php?rest_route=%2Fwp%2Fv2%2Fmedia&parent=553575"}],"wp:term":[{"taxonomy":"category","embeddable":true,"href":"https:\/\/diariodominicano.com\/index.php?rest_route=%2Fwp%2Fv2%2Fcategories&post=553575"},{"taxonomy":"post_tag","embeddable":true,"href":"https:\/\/diariodominicano.com\/index.php?rest_route=%2Fwp%2Fv2%2Ftags&post=553575"}],"curies":[{"name":"wp","href":"https:\/\/api.w.org\/{rel}","templated":true}]}}