{"id":553572,"date":"2024-08-22T00:38:07","date_gmt":"2024-08-22T04:38:07","guid":{"rendered":"https:\/\/diariodominicano.com\/?p=553572"},"modified":"2024-08-22T00:38:12","modified_gmt":"2024-08-22T04:38:12","slug":"cepal-enjuicia-impactos-de-politicas-fiscales-en-centroamerica","status":"publish","type":"post","link":"https:\/\/diariodominicano.com\/?p=553572","title":{"rendered":"Cepal enjuicia impactos de pol\u00edticas fiscales en Centroam\u00e9rica"},"content":{"rendered":"\n<p>La Habana, 21 ago (Prensa Latina) Pol\u00edticas fiscales aplicadas en Centroam\u00e9rica y Rep\u00fablica Dominicana en el per\u00edodo de 2020-2021 permitieron acelerar la reanimaci\u00f3n econ\u00f3mica tras la pandemia de la Covid-19, confirm\u00f3 hoy la Cepal.<\/p>\n\n\n\n<ul class=\"wp-block-list\">\n<li><a href=\"https:\/\/www.prensa-latina.cu\/2024\/08\/21\/\"><time>agosto 21, 2024 | 14:17<\/time><\/a><\/li>\n<\/ul>\n\n\n\n<ul class=\"wp-block-list\">\n<li><a href=\"https:\/\/www.prensa-latina.cu\/2024\/08\/21\/cepal-enjuicia-impactos-de-politicas-fiscales-en-centroamerica\/#\"><\/a><\/li>\n\n\n\n<li><a href=\"https:\/\/www.prensa-latina.cu\/2024\/08\/21\/cepal-enjuicia-impactos-de-politicas-fiscales-en-centroamerica\/#\"><\/a><\/li>\n\n\n\n<li><a href=\"https:\/\/www.prensa-latina.cu\/2024\/08\/21\/cepal-enjuicia-impactos-de-politicas-fiscales-en-centroamerica\/#\"><\/a><\/li>\n\n\n\n<li><a href=\"https:\/\/www.prensa-latina.cu\/2024\/08\/21\/cepal-enjuicia-impactos-de-politicas-fiscales-en-centroamerica\/#\"><\/a><\/li>\n<\/ul>\n\n\n\n<p>Los Estados que ejercieron m\u00e1s gasto p\u00fablico para invertir en salud e infraestructura, y apoyar a las familias y las empresas, fueron los que lograron la m\u00e1s r\u00e1pida recuperaci\u00f3n, indic\u00f3 la Comisi\u00f3n Econ\u00f3mica para Am\u00e9rica Latina y el Caribe (Cepal), en un comunicado de prensa.<\/p>\n\n\n\n<p>Al respecto, la agencia de Naciones Unidas distingui\u00f3 el establecimiento de subsidios, as\u00ed como de transferencias directas monetarias y en especie.<\/p>\n\n\n\n<p>Las evaluaciones sobre el tema est\u00e1n recogidas en el estudio \u201cLa pol\u00edtica fiscal contrac\u00edclica en la pandemia y su impacto econ\u00f3mico en Centroam\u00e9rica y la Rep\u00fablica Dominicana\u201d, elaborado por los expertos Juan Carlos Rivas y Jes\u00fas Santamar\u00eda.<\/p>\n\n\n\n<p>De acuerdo con las indagaciones, el efecto del gasto p\u00fablico no fue igual en todas partes, pero el resultado general en la subregi\u00f3n result\u00f3 positivo y deber\u00eda expresarse en el largo plazo.<\/p>\n\n\n\n<p>Las pol\u00edticas fiscales activas durante la pandemia ayudaron a aumentar el Producto Interno Bruto (PIB) en la totalidad de los casos analizados, si bien los niveles resultaron diferentes, precisa la publicaci\u00f3n divulgada en La Habana por la Cepal.<\/p>\n\n\n\n<p>Esto fue m\u00e1s evidente, acota el documento, en las econom\u00edas donde el gasto del Gobierno tuvo mejores encadenamientos con la evoluci\u00f3n econ\u00f3mica del pa\u00eds.<\/p>\n\n\n\n<p>No obstante, el estudio recomienda incrementar las inversiones en infraestructura sanitaria y otros rubros sociales en el ciclo de auge de las econom\u00edas de Centroam\u00e9rica y Rep\u00fablica Dominicana.<\/p>\n\n\n\n<p>Ante un ciclo econ\u00f3mico m\u00e1s bajo o el surgimiento de choques internos o externos, no tendr\u00edan que enfrentar d\u00e9ficits mayores o la elevaci\u00f3n de la deuda con costos m\u00e1s altos, razonaron los autores de la pesquisa.<\/p>\n\n\n\n<p>arc\/mjm<\/p>\n","protected":false},"excerpt":{"rendered":"<p>La Habana, 21 ago (Prensa Latina) Pol\u00edticas fiscales aplicadas en Centroam\u00e9rica y Rep\u00fablica Dominicana en el per\u00edodo de 2020-2021 permitieron acelerar la reanimaci\u00f3n econ\u00f3mica tras la pandemia de la Covid-19, confirm\u00f3 hoy la Cepal. Los Estados que ejercieron m\u00e1s gasto p\u00fablico para invertir en salud e infraestructura, y apoyar a las familias y las empresas, [&hellip;]<\/p>\n","protected":false},"author":28,"featured_media":553573,"comment_status":"closed","ping_status":"closed","sticky":false,"template":"","format":"standard","meta":{"footnotes":""},"categories":[18,23],"tags":[],"class_list":["post-553572","post","type-post","status-publish","format-standard","has-post-thumbnail","hentry","category-economia","category-internacional"],"_links":{"self":[{"href":"https:\/\/diariodominicano.com\/index.php?rest_route=\/wp\/v2\/posts\/553572","targetHints":{"allow":["GET"]}}],"collection":[{"href":"https:\/\/diariodominicano.com\/index.php?rest_route=\/wp\/v2\/posts"}],"about":[{"href":"https:\/\/diariodominicano.com\/index.php?rest_route=\/wp\/v2\/types\/post"}],"author":[{"embeddable":true,"href":"https:\/\/diariodominicano.com\/index.php?rest_route=\/wp\/v2\/users\/28"}],"replies":[{"embeddable":true,"href":"https:\/\/diariodominicano.com\/index.php?rest_route=%2Fwp%2Fv2%2Fcomments&post=553572"}],"version-history":[{"count":1,"href":"https:\/\/diariodominicano.com\/index.php?rest_route=\/wp\/v2\/posts\/553572\/revisions"}],"predecessor-version":[{"id":553574,"href":"https:\/\/diariodominicano.com\/index.php?rest_route=\/wp\/v2\/posts\/553572\/revisions\/553574"}],"wp:featuredmedia":[{"embeddable":true,"href":"https:\/\/diariodominicano.com\/index.php?rest_route=\/wp\/v2\/media\/553573"}],"wp:attachment":[{"href":"https:\/\/diariodominicano.com\/index.php?rest_route=%2Fwp%2Fv2%2Fmedia&parent=553572"}],"wp:term":[{"taxonomy":"category","embeddable":true,"href":"https:\/\/diariodominicano.com\/index.php?rest_route=%2Fwp%2Fv2%2Fcategories&post=553572"},{"taxonomy":"post_tag","embeddable":true,"href":"https:\/\/diariodominicano.com\/index.php?rest_route=%2Fwp%2Fv2%2Ftags&post=553572"}],"curies":[{"name":"wp","href":"https:\/\/api.w.org\/{rel}","templated":true}]}}