{"id":553545,"date":"2024-08-21T23:31:02","date_gmt":"2024-08-22T03:31:02","guid":{"rendered":"https:\/\/diariodominicano.com\/?p=553545"},"modified":"2024-08-21T23:31:04","modified_gmt":"2024-08-22T03:31:04","slug":"reportan-ayuda-de-agricultura-llega-a-maria-trinidad-sanchez","status":"publish","type":"post","link":"https:\/\/diariodominicano.com\/?p=553545","title":{"rendered":"Reportan ayuda de  Agricultura llega a Mar\u00eda Trinidad S\u00e1nchez"},"content":{"rendered":"\n<p><strong>Nagua<\/strong>. &#8211; El Ministerio de Agricultura, bajo la direcci\u00f3n del Ministro Limber Cruz, y por instrucci\u00f3n directa del Presidente Luis Abinader, se traslad\u00f3 hoy a Mar\u00eda Trinidad S\u00e1nchez en donde benefici\u00f3 a 153 productores agropecuarios con una asistencia econ\u00f3mica de 23.6 millones de pesos, como respuesta a los desastres provocados por eventos atmosf\u00e9ricos, tormentas y tornados del pasado mes de mayo.<\/p>\n\n\n\n<figure class=\"wp-block-image size-large\"><img loading=\"lazy\" decoding=\"async\" width=\"1024\" height=\"683\" src=\"https:\/\/diariodominicano.com\/wp-content\/uploads\/2024\/08\/Ayuda-llega-a-Nagua1-1024x683.jpeg\" alt=\"\" class=\"wp-image-553547\" srcset=\"https:\/\/diariodominicano.com\/wp-content\/uploads\/2024\/08\/Ayuda-llega-a-Nagua1-1024x683.jpeg 1024w, https:\/\/diariodominicano.com\/wp-content\/uploads\/2024\/08\/Ayuda-llega-a-Nagua1-300x200.jpeg 300w, https:\/\/diariodominicano.com\/wp-content\/uploads\/2024\/08\/Ayuda-llega-a-Nagua1-768x512.jpeg 768w, https:\/\/diariodominicano.com\/wp-content\/uploads\/2024\/08\/Ayuda-llega-a-Nagua1-1536x1024.jpeg 1536w, https:\/\/diariodominicano.com\/wp-content\/uploads\/2024\/08\/Ayuda-llega-a-Nagua1-2048x1365.jpeg 2048w, https:\/\/diariodominicano.com\/wp-content\/uploads\/2024\/08\/Ayuda-llega-a-Nagua1-816x544.jpeg 816w\" sizes=\"auto, (max-width: 1024px) 100vw, 1024px\" \/><\/figure>\n\n\n\n<p>Este apoyo se enmarca en lo que ha sido denominado como la \u00abRuta Agropecuaria de Ayuda Solidaria\u00bb, una iniciativa que ha significado la inauguraci\u00f3n de infraestructuras y el respaldo a cientos de productores, con una inversi\u00f3n que supera los 300 millones de pesos en todas las regiones de la Rep\u00fablica Dominicana.<\/p>\n\n\n\n<p>Se anunci\u00f3 que el pr\u00f3ximo martes, esta loable labor del ministro Cruz se extender\u00e1 a Constanza, donde se llevar\u00e1 la mano amiga del Ministerio de Agricultura para seguir respaldando al sector agropecuario en dicha \u00e1rea.<\/p>\n\n\n\n<p>Este compromiso con el campo dominicano reafirma la firme voluntad del Gobierno de Abinader y del Ministerio de Agricultura de estar al lado de los productores, impulsando el progreso y la estabilidad en el sector agropecuario de la naci\u00f3n.<\/p>\n\n\n\n<p><strong>Periodista Erick Montilla<\/strong><\/p>\n\n\n\n<p>Director de Comunicaciones, Prensa y RR.PP.<\/p>\n\n\n\n<p>Ministerio de Agricultura<\/p>\n","protected":false},"excerpt":{"rendered":"<p>Nagua. &#8211; El Ministerio de Agricultura, bajo la direcci\u00f3n del Ministro Limber Cruz, y por instrucci\u00f3n directa del Presidente Luis Abinader, se traslad\u00f3 hoy a Mar\u00eda Trinidad S\u00e1nchez en donde benefici\u00f3 a 153 productores agropecuarios con una asistencia econ\u00f3mica de 23.6 millones de pesos, como respuesta a los desastres provocados por eventos atmosf\u00e9ricos, tormentas y [&hellip;]<\/p>\n","protected":false},"author":28,"featured_media":553546,"comment_status":"closed","ping_status":"closed","sticky":true,"template":"","format":"standard","meta":{"footnotes":""},"categories":[18],"tags":[],"class_list":["post-553545","post","type-post","status-publish","format-standard","has-post-thumbnail","hentry","category-economia"],"_links":{"self":[{"href":"https:\/\/diariodominicano.com\/index.php?rest_route=\/wp\/v2\/posts\/553545","targetHints":{"allow":["GET"]}}],"collection":[{"href":"https:\/\/diariodominicano.com\/index.php?rest_route=\/wp\/v2\/posts"}],"about":[{"href":"https:\/\/diariodominicano.com\/index.php?rest_route=\/wp\/v2\/types\/post"}],"author":[{"embeddable":true,"href":"https:\/\/diariodominicano.com\/index.php?rest_route=\/wp\/v2\/users\/28"}],"replies":[{"embeddable":true,"href":"https:\/\/diariodominicano.com\/index.php?rest_route=%2Fwp%2Fv2%2Fcomments&post=553545"}],"version-history":[{"count":1,"href":"https:\/\/diariodominicano.com\/index.php?rest_route=\/wp\/v2\/posts\/553545\/revisions"}],"predecessor-version":[{"id":553548,"href":"https:\/\/diariodominicano.com\/index.php?rest_route=\/wp\/v2\/posts\/553545\/revisions\/553548"}],"wp:featuredmedia":[{"embeddable":true,"href":"https:\/\/diariodominicano.com\/index.php?rest_route=\/wp\/v2\/media\/553546"}],"wp:attachment":[{"href":"https:\/\/diariodominicano.com\/index.php?rest_route=%2Fwp%2Fv2%2Fmedia&parent=553545"}],"wp:term":[{"taxonomy":"category","embeddable":true,"href":"https:\/\/diariodominicano.com\/index.php?rest_route=%2Fwp%2Fv2%2Fcategories&post=553545"},{"taxonomy":"post_tag","embeddable":true,"href":"https:\/\/diariodominicano.com\/index.php?rest_route=%2Fwp%2Fv2%2Ftags&post=553545"}],"curies":[{"name":"wp","href":"https:\/\/api.w.org\/{rel}","templated":true}]}}