{"id":553444,"date":"2024-08-21T16:05:04","date_gmt":"2024-08-21T20:05:04","guid":{"rendered":"https:\/\/diariodominicano.com\/?p=553444"},"modified":"2024-08-21T16:05:07","modified_gmt":"2024-08-21T20:05:07","slug":"envian-a-prision-preventiva-a-cabo-de-la-armada-imputado-por-asesinato-de-medico-en-santiago","status":"publish","type":"post","link":"https:\/\/diariodominicano.com\/?p=553444","title":{"rendered":"Env\u00edan a prisi\u00f3n preventiva a cabo de la Armada imputado por asesinato de m\u00e9dico en Santiago"},"content":{"rendered":"\n<p><strong>SANTIAGO (Rep\u00fablica Dominicana)-<\/strong>&nbsp;Respondiendo a una solicitud de la Fiscal\u00eda de Santiago, la Oficina Judicial de Servicios de Atenci\u00f3n Permanente de este distrito judicial impuso tres meses de prisi\u00f3n preventiva, como medida de coerci\u00f3n, contra un cabo de la Armada Dominicana a quien la Fiscal\u00eda de Santiago le imputa el asesinato de un m\u00e9dico perinat\u00f3logo de esta ciudad.<\/p>\n\n\n\n<p>En la instancia de solicitud de medida de coerci\u00f3n, el \u00f3rgano persecutor representado por la fiscal Merary Guzm\u00e1n, puso a disposici\u00f3n del juzgado un conjunto de pruebas que han sido recolectadas en esta etapa inicial contra el imputado V\u00edctor Manuel Salda\u00f1a Hern\u00e1ndez (Julio), por el asesinato del doctor Enrique Antonio Espinal Castillo.<\/p>\n\n\n\n<p>La Fiscal\u00eda de Santiago sostiene, basada en los elementos de pruebas, que el uniformado incurri\u00f3 en la violaci\u00f3n a los art\u00edculos 295, 296, 297, 302, 379 y 384 del C\u00f3digo Penal Dominicano, por haber planificado y ejecutado el asesinato de la v\u00edctima.<\/p>\n\n\n\n<p>El cuerpo de Espinal Castillo, m\u00e9dico perinat\u00f3logo, fue encontrado el pasado lunes 5 de agosto en unos terrenos bald\u00edos de La Costa de Rafelito en Sabana Grande de Palenque, provincia San Crist\u00f3bal, a donde el victimario, oriundo de esa demarcaci\u00f3n, lo traslad\u00f3 y dej\u00f3 abandonado luego de llevarlo en el ba\u00fal de la jeepeta Hyundai, modelo Tucson, color blanco, propiedad de la v\u00edctima, desde el distrito municipal Hato del Yaque donde reside y donde, seg\u00fan establece la Fiscal\u00eda de Santiago, lo mat\u00f3 al propinarle golpes contusos en cr\u00e1neo y rostro.<\/p>\n\n\n\n<p>El tribunal, presidido por la jueza Yiberty Polanco Herrand, impuso la prisi\u00f3n preventiva movido, adem\u00e1s de la gravedad de los il\u00edcitos, por la solidez de las evidencias que puso a su disposici\u00f3n la Fiscal\u00eda, entre las que incluye im\u00e1genes del recorrido que hizo el imputado desde su residencia en Hato del Yaque, Santiago hasta San Crist\u00f3bal, a bordo del veh\u00edculo, para desaparecer el cuerpo de la v\u00edctima.<\/p>\n\n\n\n<p>A partir de la denuncia que interpusieron familiares del m\u00e9dico por su desaparici\u00f3n, el Departamento de Violencias F\u00edsicas (Homicidios) de la Fiscal\u00eda de Santiago, puso en marcha la acci\u00f3n p\u00fablica e inici\u00f3 las indagaciones recolectando evidencias materiales, documentales y periciales que desvelaron el nombre de Salda\u00f1a Hern\u00e1ndez como el responsable del crimen.<\/p>\n\n\n\n<p>El tribunal dispuso que el imputado cumpla la prisi\u00f3n en el Centro de Correcci\u00f3n y Rehabilitaci\u00f3n Najayo Hombres.<\/p>\n\n\n\n<p>Otro proceso<\/p>\n\n\n\n<p>La Fiscal\u00eda de Santiago, lleva a cabo y en paralelo, otra investigaci\u00f3n contra Salda\u00f1a Hern\u00e1ndez, a quien le imputa la violaci\u00f3n a la Ley 136-03 de Control de Armas de Fuego, Municiones y Materiales Relacionados por el porte de un arma de fuego ilegal.<\/p>\n\n\n\n<p>El citado tribunal impuso tambi\u00e9n medida de coerci\u00f3n en su contra. El arma de fuego le fue ocupada cuando era requerido por el Ministerio P\u00fablico para fines de investigaci\u00f3n.<\/p>\n\n\n\n<p><strong>Direcci\u00f3n General de Comunicaci\u00f3n, Prensa, y RRPP<\/strong><strong><\/strong><\/p>\n\n\n\n<p>Ministerio P\u00fablico.&nbsp;R.D.<\/p>\n","protected":false},"excerpt":{"rendered":"<p>SANTIAGO (Rep\u00fablica Dominicana)-&nbsp;Respondiendo a una solicitud de la Fiscal\u00eda de Santiago, la Oficina Judicial de Servicios de Atenci\u00f3n Permanente de este distrito judicial impuso tres meses de prisi\u00f3n preventiva, como medida de coerci\u00f3n, contra un cabo de la Armada Dominicana a quien la Fiscal\u00eda de Santiago le imputa el asesinato de un m\u00e9dico perinat\u00f3logo de [&hellip;]<\/p>\n","protected":false},"author":7,"featured_media":469415,"comment_status":"closed","ping_status":"closed","sticky":false,"template":"","format":"standard","meta":{"footnotes":""},"categories":[24],"tags":[],"class_list":["post-553444","post","type-post","status-publish","format-standard","has-post-thumbnail","hentry","category-justicia-y-derecho"],"_links":{"self":[{"href":"https:\/\/diariodominicano.com\/index.php?rest_route=\/wp\/v2\/posts\/553444","targetHints":{"allow":["GET"]}}],"collection":[{"href":"https:\/\/diariodominicano.com\/index.php?rest_route=\/wp\/v2\/posts"}],"about":[{"href":"https:\/\/diariodominicano.com\/index.php?rest_route=\/wp\/v2\/types\/post"}],"author":[{"embeddable":true,"href":"https:\/\/diariodominicano.com\/index.php?rest_route=\/wp\/v2\/users\/7"}],"replies":[{"embeddable":true,"href":"https:\/\/diariodominicano.com\/index.php?rest_route=%2Fwp%2Fv2%2Fcomments&post=553444"}],"version-history":[{"count":1,"href":"https:\/\/diariodominicano.com\/index.php?rest_route=\/wp\/v2\/posts\/553444\/revisions"}],"predecessor-version":[{"id":553469,"href":"https:\/\/diariodominicano.com\/index.php?rest_route=\/wp\/v2\/posts\/553444\/revisions\/553469"}],"wp:featuredmedia":[{"embeddable":true,"href":"https:\/\/diariodominicano.com\/index.php?rest_route=\/wp\/v2\/media\/469415"}],"wp:attachment":[{"href":"https:\/\/diariodominicano.com\/index.php?rest_route=%2Fwp%2Fv2%2Fmedia&parent=553444"}],"wp:term":[{"taxonomy":"category","embeddable":true,"href":"https:\/\/diariodominicano.com\/index.php?rest_route=%2Fwp%2Fv2%2Fcategories&post=553444"},{"taxonomy":"post_tag","embeddable":true,"href":"https:\/\/diariodominicano.com\/index.php?rest_route=%2Fwp%2Fv2%2Ftags&post=553444"}],"curies":[{"name":"wp","href":"https:\/\/api.w.org\/{rel}","templated":true}]}}