{"id":553310,"date":"2024-08-21T01:45:15","date_gmt":"2024-08-21T05:45:15","guid":{"rendered":"https:\/\/diariodominicano.com\/?p=553310"},"modified":"2024-08-21T09:06:09","modified_gmt":"2024-08-21T13:06:09","slug":"fundacion-estrella-entrega-utiles-a-10-mil-estudiantes","status":"publish","type":"post","link":"https:\/\/diariodominicano.com\/?p=553310","title":{"rendered":"Fundaci\u00f3n Estrella entrega \u00fatiles a 10 mil estudiantes"},"content":{"rendered":"\n<p><a href=\"https:\/\/www.elcaribe.com.do\/autor\/mariatejada\/\"><\/a><\/p>\n\n\n\n<p><strong><a href=\"https:\/\/www.elcaribe.com.do\/autor\/mariatejada\/\">Mar\u00eda Tejada Lorenzo<\/a><\/strong><a href=\"https:\/\/www.elcaribe.com.do\/panorama\/region-norte\/fundacion-estrella-entrega-utiles-a-10-mil-estudiantes\/\"><time datetime=\"2024-08-21T00:00:00-04:00\">21 agosto, 2024<\/time><\/a><\/p>\n\n\n\n<p><img decoding=\"async\" src=\"https:\/\/platform-cdn.sharethis.com\/img\/facebook.svg\" alt=\"facebook sharing button\">\u00a0<img decoding=\"async\" src=\"https:\/\/platform-cdn.sharethis.com\/img\/whatsapp.svg\" alt=\"whatsapp sharing button\"><\/p>\n\n\n\n<figure class=\"wp-block-image\"><img decoding=\"async\" src=\"https:\/\/platform-cdn.sharethis.com\/img\/telegram.svg\" alt=\"telegram sharing button\"\/><\/figure>\n\n\n\n<p><strong>Santiago, RD.\u00a0<\/strong>Con la entrega de \u00fatiles escolares a los hijos del personal del Grupo Estrella, la Fundaci\u00f3n Estrella marc\u00f3 el inicio de un nuevo ciclo de aportes a la educaci\u00f3n del pa\u00eds.<br><br>En total 10 mil estudiantes en todo el territorio nacional son beneficiados con la entrega de 55 mil cuadernos<br><br>Durante la entrega de los materiales, impartieron una charla educativa que sirvi\u00f3 de inspiraci\u00f3n para cultivar en los menores las habilidades del mundo moderno y el reconocimiento a los estudiantes sobresalientes del per\u00edodo 2023-2024. Con la entrrega de los \u00fatiles escolares, la Fundaci\u00f3n Estrella reafirm\u00f3 su compromiso de acompa\u00f1ar a los estudiantes en su desarrollo acad\u00e9mico.<br><br>\u201cNos llena de orgullo estar presentes en su educaci\u00f3n a trav\u00e9s de la entrega de los materiales que les ayudar\u00e1n a avanzar un pelda\u00f1o m\u00e1s en el camino de sus m\u00e1s grandes anhelos\u201d, indic\u00f3 Loly Tav\u00e1rez de Estrella, presidenta de Fundaci\u00f3n Estrella.<br><br>En su discurso indic\u00f3 que, el inicio de un nuevo a\u00f1o escolar representa una oportunidad para aprender, crecer y so\u00f1ar. \u201cDesde la Fundaci\u00f3n Estrella, les brindamos herramientas para que puedan desarrollar todo su potencial. Queremos que sean ni\u00f1os felices, creativos, comunicativos y digitales\u201d, apunt\u00f3<br>Cultivar inteligencia emocional<br><br>Loly Tav\u00e1rez de Estrella habl\u00f3 de la necesidad de cultivar la inteligencia emocional, la creatividad, la comunicaci\u00f3n efectiva y las habilidades digitales, esenciales para adaptarse al cambio y aprovechar las oportunidades que ofrece la tecnolog\u00eda<br><br>En su intervenci\u00f3n destac\u00f3 adem\u00e1s la importancia de fomentar competencias clave en los ni\u00f1os para enfrentar los retos del mundo moderno. Los conceptos fueron reforzados con una charla educativa a cargo de la psic\u00f3loga Michelle Rodr\u00edguez.<br><br>Los 55,000 mil cuadernos distribuidos llevan en sus p\u00e1ginas las pautas para hacer de cada una de estas habilidades una realidad.<br><br>La jornada educativa de Fundaci\u00f3n Estrella es parte de un programa continuo que durante 19 a\u00f1os ha proporcionado a los estudiantes del pa\u00eds, las herramientas para su desarrollo.<br><br>Este esfuerzo continuar\u00e1 con el apadrinamiento de escuelas a trav\u00e9s de la formaci\u00f3n en ingl\u00e9s desde el nivel inicial, programas de habilidades digitales y dotaci\u00f3n de materiales escolares. La presidenta de la Fundaci\u00f3n Estrella, Loly Tav\u00e1rez de Estrella exhort\u00f3 a los ni\u00f1os y j\u00f3venes a estudiar con entrega y pasi\u00f3n para crecer y convertirse en futuros l\u00edderes del pa\u00eds.<\/p>\n\n\n\n<p><strong>Trabajar la inteligencia emocional<\/strong><\/p>\n\n\n\n<p>Adem\u00e1s de los \u00fatiles escolares fueron entregados cinco cuadernillos para fomentar la inteligencia emocional, las habilidades digitales, la comunicaci\u00f3n y la creatividad.<br><br>\u201cQueremos que sean ni\u00f1os felices, creativos, comunicativos y digitales, por eso este a\u00f1o les ense\u00f1amos esas cualidades. En el caso de la inteligencia emocional porque nos permite ser felices, creatividad para innovar y adaptarnos, comunicaci\u00f3n para relacionarnos con el mundo y las habilidades digitales para usarlas inteligentemente, con ellas nos preparamos para enfrentar los desaf\u00edos del mundo de hoy\u201d, explic\u00f3 la creadora de esta entidad sin fines de lucro.<\/p>\n\n\n\n<p>elCaribe.com.do<\/p>\n","protected":false},"excerpt":{"rendered":"<p>Mar\u00eda Tejada Lorenzo21 agosto, 2024 \u00a0 Santiago, RD.\u00a0Con la entrega de \u00fatiles escolares a los hijos del personal del Grupo Estrella, la Fundaci\u00f3n Estrella marc\u00f3 el inicio de un nuevo ciclo de aportes a la educaci\u00f3n del pa\u00eds. En total 10 mil estudiantes en todo el territorio nacional son beneficiados con la entrega de 55 [&hellip;]<\/p>\n","protected":false},"author":28,"featured_media":553311,"comment_status":"closed","ping_status":"closed","sticky":true,"template":"","format":"standard","meta":{"footnotes":""},"categories":[36,20,25],"tags":[],"class_list":["post-553310","post","type-post","status-publish","format-standard","has-post-thumbnail","hentry","category-hombresmujeresycosas","category-dominicana-hoy","category-gente"],"_links":{"self":[{"href":"https:\/\/diariodominicano.com\/index.php?rest_route=\/wp\/v2\/posts\/553310","targetHints":{"allow":["GET"]}}],"collection":[{"href":"https:\/\/diariodominicano.com\/index.php?rest_route=\/wp\/v2\/posts"}],"about":[{"href":"https:\/\/diariodominicano.com\/index.php?rest_route=\/wp\/v2\/types\/post"}],"author":[{"embeddable":true,"href":"https:\/\/diariodominicano.com\/index.php?rest_route=\/wp\/v2\/users\/28"}],"replies":[{"embeddable":true,"href":"https:\/\/diariodominicano.com\/index.php?rest_route=%2Fwp%2Fv2%2Fcomments&post=553310"}],"version-history":[{"count":2,"href":"https:\/\/diariodominicano.com\/index.php?rest_route=\/wp\/v2\/posts\/553310\/revisions"}],"predecessor-version":[{"id":553313,"href":"https:\/\/diariodominicano.com\/index.php?rest_route=\/wp\/v2\/posts\/553310\/revisions\/553313"}],"wp:featuredmedia":[{"embeddable":true,"href":"https:\/\/diariodominicano.com\/index.php?rest_route=\/wp\/v2\/media\/553311"}],"wp:attachment":[{"href":"https:\/\/diariodominicano.com\/index.php?rest_route=%2Fwp%2Fv2%2Fmedia&parent=553310"}],"wp:term":[{"taxonomy":"category","embeddable":true,"href":"https:\/\/diariodominicano.com\/index.php?rest_route=%2Fwp%2Fv2%2Fcategories&post=553310"},{"taxonomy":"post_tag","embeddable":true,"href":"https:\/\/diariodominicano.com\/index.php?rest_route=%2Fwp%2Fv2%2Ftags&post=553310"}],"curies":[{"name":"wp","href":"https:\/\/api.w.org\/{rel}","templated":true}]}}