{"id":553238,"date":"2024-08-21T00:42:40","date_gmt":"2024-08-21T04:42:40","guid":{"rendered":"https:\/\/diariodominicano.com\/?p=553238"},"modified":"2024-08-21T13:38:59","modified_gmt":"2024-08-21T17:38:59","slug":"presentan-nueva-imagen-corporativa-de-arias","status":"publish","type":"post","link":"https:\/\/diariodominicano.com\/?p=553238","title":{"rendered":"Presentan nueva imagen corporativa de \u201cArias\u201d"},"content":{"rendered":"\n<p><em>Bajo la direcci\u00f3n de la tercera generaci\u00f3n de la familia Arias<\/em><\/p>\n\n\n\n<p><strong>SANTO DOMINGO, RD. _<\/strong>&nbsp;Con el concepto de \u201cEvoluciona\u201d, ejecutivos de Arias Motors presentaron su nueva imagen corporativa, con un moderno logo institucional, la cual pasar\u00e1 a llamarse comercialmente como \u201cArias\u201d, al tiempo que destacaron la evoluci\u00f3n de la empresa a trav\u00e9s de los a\u00f1os y compartieron su visi\u00f3n y valores renovados bajo la direcci\u00f3n de la tercera generaci\u00f3n de la familia Arias.<\/p>\n\n\n\n<p>Roberto Arias, director general de esta empresa, al pronunciar las palabras centrales del evento anunci\u00f3 los pr\u00f3ximos pasos estrat\u00e9gicos y enfatiz\u00f3 el compromiso con la excelencia y la satisfacci\u00f3n del cliente. \u201cCon esta nueva estrategia, renovada cultura institucional, y reenfoque de aptitudes en los miembros del Equipo Arias, estaremos preparados para enfrentar los desaf\u00edos y asegurar nuestro lugar como l\u00edderes en esta industria\u201d.<\/p>\n\n\n\n<figure class=\"wp-block-gallery has-nested-images columns-default is-cropped wp-block-gallery-1 is-layout-flex wp-block-gallery-is-layout-flex\">\n<figure class=\"wp-block-image size-large\"><img loading=\"lazy\" decoding=\"async\" width=\"1024\" height=\"774\" data-id=\"553416\" src=\"https:\/\/diariodominicano.com\/wp-content\/uploads\/2024\/08\/Roberto-Arias-Victor-Arias-Susan-Arias-Nathalie-Arias-Eligio-Miguel-Arias-Carlos-Federico-Arias-1024x774.png\" alt=\"\" class=\"wp-image-553416\" srcset=\"https:\/\/diariodominicano.com\/wp-content\/uploads\/2024\/08\/Roberto-Arias-Victor-Arias-Susan-Arias-Nathalie-Arias-Eligio-Miguel-Arias-Carlos-Federico-Arias-1024x774.png 1024w, https:\/\/diariodominicano.com\/wp-content\/uploads\/2024\/08\/Roberto-Arias-Victor-Arias-Susan-Arias-Nathalie-Arias-Eligio-Miguel-Arias-Carlos-Federico-Arias-300x227.png 300w, https:\/\/diariodominicano.com\/wp-content\/uploads\/2024\/08\/Roberto-Arias-Victor-Arias-Susan-Arias-Nathalie-Arias-Eligio-Miguel-Arias-Carlos-Federico-Arias-768x581.png 768w, https:\/\/diariodominicano.com\/wp-content\/uploads\/2024\/08\/Roberto-Arias-Victor-Arias-Susan-Arias-Nathalie-Arias-Eligio-Miguel-Arias-Carlos-Federico-Arias-816x617.png 816w, https:\/\/diariodominicano.com\/wp-content\/uploads\/2024\/08\/Roberto-Arias-Victor-Arias-Susan-Arias-Nathalie-Arias-Eligio-Miguel-Arias-Carlos-Federico-Arias.png 1065w\" sizes=\"auto, (max-width: 1024px) 100vw, 1024px\" \/><figcaption class=\"wp-element-caption\">Roberto Arias, V\u00edctor Arias, Susan Arias, Nathalie Arias, Eligio Miguel Arias <\/figcaption><\/figure>\n<\/figure>\n\n\n\n<p>Puntualiz\u00f3 que la nueva visi\u00f3n est\u00e1 orientada a superar objetivos claros y desafiantes, esto se lograr\u00e1 mediante el seguimiento continuo de los proyectos, asegurando que cada meta se alcance con excelencia. \u201cJuntos, trabajaremos incansablemente para no solo cumplir, sino superar las metas, impulsando nuestra empresa hacia nuevos horizontes\u201d.<\/p>\n\n\n\n<figure class=\"wp-block-gallery has-nested-images columns-default is-cropped wp-block-gallery-2 is-layout-flex wp-block-gallery-is-layout-flex\">\n<figure class=\"wp-block-image size-large\"><img loading=\"lazy\" decoding=\"async\" width=\"598\" height=\"785\" data-id=\"553319\" src=\"https:\/\/diariodominicano.com\/wp-content\/uploads\/2024\/08\/Nathalie-Arias-Roberto-Arias.png\" alt=\"\" class=\"wp-image-553319\" srcset=\"https:\/\/diariodominicano.com\/wp-content\/uploads\/2024\/08\/Nathalie-Arias-Roberto-Arias.png 598w, https:\/\/diariodominicano.com\/wp-content\/uploads\/2024\/08\/Nathalie-Arias-Roberto-Arias-229x300.png 229w\" sizes=\"auto, (max-width: 598px) 100vw, 598px\" \/><figcaption class=\"wp-element-caption\">Nathalie Arias y Roberto Arias <\/figcaption><\/figure>\n<\/figure>\n\n\n\n<p>El director general de la empresa entiende que tiene el deber y la responsabilidad de continuar el legado de su empresa, un legado construido sobre los cimientos del esfuerzo y la determinaci\u00f3n, siguiendo el ejemplo de su fundador, Don Eligio, y sus Hijos Cibeles, Dar\u00edo, V\u00edctor, Milagros, Miguel, Rodolfo y Teresa; y de todos aquellos que han contribuido a su \u00e9xito a lo largo de los a\u00f1os.<\/p>\n\n\n\n<figure class=\"wp-block-gallery has-nested-images columns-default is-cropped wp-block-gallery-3 is-layout-flex wp-block-gallery-is-layout-flex\">\n<figure class=\"wp-block-image size-large\"><img loading=\"lazy\" decoding=\"async\" width=\"683\" height=\"1024\" data-id=\"553322\" src=\"https:\/\/diariodominicano.com\/wp-content\/uploads\/2024\/08\/Sr.-Roberto-Arias-683x1024.jpg\" alt=\"\" class=\"wp-image-553322\" srcset=\"https:\/\/diariodominicano.com\/wp-content\/uploads\/2024\/08\/Sr.-Roberto-Arias-683x1024.jpg 683w, https:\/\/diariodominicano.com\/wp-content\/uploads\/2024\/08\/Sr.-Roberto-Arias-200x300.jpg 200w, https:\/\/diariodominicano.com\/wp-content\/uploads\/2024\/08\/Sr.-Roberto-Arias-768x1152.jpg 768w, https:\/\/diariodominicano.com\/wp-content\/uploads\/2024\/08\/Sr.-Roberto-Arias-1024x1536.jpg 1024w, https:\/\/diariodominicano.com\/wp-content\/uploads\/2024\/08\/Sr.-Roberto-Arias-1365x2048.jpg 1365w, https:\/\/diariodominicano.com\/wp-content\/uploads\/2024\/08\/Sr.-Roberto-Arias-816x1224.jpg 816w, https:\/\/diariodominicano.com\/wp-content\/uploads\/2024\/08\/Sr.-Roberto-Arias-scaled.jpg 1707w\" sizes=\"auto, (max-width: 683px) 100vw, 683px\" \/><figcaption class=\"wp-element-caption\">Roberto Arias <\/figcaption><\/figure>\n<\/figure>\n\n\n\n<p>\u201cEstoy seguro de que, con nuestro compromiso renovado, nuestra visi\u00f3n clara y nuestra determinaci\u00f3n inquebrantable, lograremos un futuro brillante y pr\u00f3spero para todos los que formamos parte de la compa\u00f1\u00eda. Juntos, haremos realidad nuestras aspiraciones y construiremos un legado a\u00fan m\u00e1s fuerte para las generaciones venideras\u201d, expres\u00f3.<\/p>\n\n\n\n<figure class=\"wp-block-gallery has-nested-images columns-default is-cropped wp-block-gallery-4 is-layout-flex wp-block-gallery-is-layout-flex\">\n<figure class=\"wp-block-image size-large\"><img loading=\"lazy\" decoding=\"async\" width=\"683\" height=\"1024\" data-id=\"553323\" src=\"https:\/\/diariodominicano.com\/wp-content\/uploads\/2024\/08\/Sra-Milagro-Arias-Hablando-683x1024.jpg\" alt=\"\" class=\"wp-image-553323\" srcset=\"https:\/\/diariodominicano.com\/wp-content\/uploads\/2024\/08\/Sra-Milagro-Arias-Hablando-683x1024.jpg 683w, https:\/\/diariodominicano.com\/wp-content\/uploads\/2024\/08\/Sra-Milagro-Arias-Hablando-200x300.jpg 200w, https:\/\/diariodominicano.com\/wp-content\/uploads\/2024\/08\/Sra-Milagro-Arias-Hablando-768x1152.jpg 768w, https:\/\/diariodominicano.com\/wp-content\/uploads\/2024\/08\/Sra-Milagro-Arias-Hablando-1024x1536.jpg 1024w, https:\/\/diariodominicano.com\/wp-content\/uploads\/2024\/08\/Sra-Milagro-Arias-Hablando-1365x2048.jpg 1365w, https:\/\/diariodominicano.com\/wp-content\/uploads\/2024\/08\/Sra-Milagro-Arias-Hablando-816x1224.jpg 816w, https:\/\/diariodominicano.com\/wp-content\/uploads\/2024\/08\/Sra-Milagro-Arias-Hablando-scaled.jpg 1707w\" sizes=\"auto, (max-width: 683px) 100vw, 683px\" \/><figcaption class=\"wp-element-caption\">Se\u00f1ora Milagros Arias <\/figcaption><\/figure>\n<\/figure>\n\n\n\n<p>Finalmente, reafirm\u00f3 el compromiso de la entidad con cada uno de sus valiosos colaboradores. \u201cSabemos que el \u00e9xito de nuestra organizaci\u00f3n depende del esfuerzo y la dedicaci\u00f3n de cada miembro de este s\u00faper Equipo y estamos decididos a brindarles las herramientas, el apoyo y las oportunidades necesarias para su desarrollo profesional y personal\u201d.<\/p>\n\n\n\n<p>De su lado, Cristian Alfau, director comercial, al momento de presentar la nueva imagen corporativa de Arias explic\u00f3 que el logotipo est\u00e1 conformado por tres figuras, los cuales son una representaci\u00f3n de c\u00f3mo las tres generaciones se unen para en conjunto y armon\u00eda, no solo construir la inicial A, sino tambi\u00e9n comunicar que cada una es una parte vital del camino a recorrer hacia un objetivo com\u00fan.<\/p>\n\n\n\n<p>El evento cont\u00f3 con la presencia de sus principales ejecutivos, encabezado por la se\u00f1ora Milagros Arias, presidente, quien agradeci\u00f3 a sus clientes y relacionados su apoyo incondicional desde la fundaci\u00f3n de esta empresa automotriz en 1950.<\/p>\n\n\n\n<p>Es importante destacar que actualmente Arias tiene 200 colaboradores directos, lo que representa un \u201cnicho de mercado\u201d relevante en la econom\u00eda nacional. Las principales marcas que representamos son Hosuya, Cheng Shin Tire, Champion, Wagner y NPPN.<\/p>\n\n\n\n<p><strong>Sobre Arias<\/strong><\/p>\n\n\n\n<p>Arias Motors es una empresa familiar de distribuci\u00f3n de repuestos, fundada por el se\u00f1or Don Eligio Arias, el cual en 1950 inaugur\u00f3 su primera tienda de repuestos de motocicletas en la ciudad de Santo Domingo.&nbsp; Para 1973 este esfuerzo se ve fortalecido con la construcci\u00f3n del primer edificio, juntamente con la conquista de pasar a ser principales proveedores de productos importados desde Jap\u00f3n, Taiw\u00e1n, Korea y Estados Unidos. En el 2000 la empresa crece a\u00fan m\u00e1s, haciendo necesario trasladar sus operaciones a su nuevo local, en la Avenida Luper\u00f3n. En la actualidad, seguimos creciendo y alcanzando nuevas metas; agradecidos de Dios, de nuestros fundadores, y de nuestros clientes<\/p>\n\n\n\n<p>La excelencia es su est\u00e1ndar, comprometidos en buscar la perfecci\u00f3n en todos sus servicios. Se esfuerzan por superar constantemente los l\u00edmites establecidos.<\/p>\n\n\n\n<p>Creen en la importancia de la innovaci\u00f3n como motor de crecimiento y competitividad. Piensan de manera creativa y adoptan un enfoque proactivo hacia el cambio y la mejora continua. Cada d\u00eda se comprometen en dar la milla extra, demostrando su determinaci\u00f3n y dedicaci\u00f3n en cada tarea que emprenden con el objetivo de ser el mejor aliado de sus clientes y la mejor opci\u00f3n para sus consumidores a trav\u00e9s de un servicio impecable y productos de la m\u00e1s alta calidad y garant\u00eda.&nbsp;<\/p>\n\n\n\n<p>Henry Coradin<\/p>\n\n\n\n<p>Henry Coradin (De tus contactos de Google)<\/p>\n\n\n\n<p><a target=\"_blank\" href=\"mailto:henrycoradinrelacionespublicas@gmail.com\" rel=\"noreferrer noopener\">henrycoradinrelacionespublica<\/a><\/p>\n\n\n\n<p><strong>Pie de fotos<\/strong><\/p>\n\n\n\n<p>Principal Roberto Arias, V\u00edctor Arias, Susan Arias, Nathalie Arias, Eligio Miguel Arias, Carlos Federico Arias<\/p>\n\n\n\n<p>Roberto Arias, V\u00edctor Arias, Susan Arias, Nathalie Arias, Eligio Miguel Arias,<\/p>\n\n\n\n<p>Se\u00f1ora Milagros Arias<\/p>\n\n\n\n<p>Roberto Arias<\/p>\n\n\n\n<p>Nathalie Arias y Roberto Arias<\/p>\n","protected":false},"excerpt":{"rendered":"<p>Bajo la direcci\u00f3n de la tercera generaci\u00f3n de la familia Arias SANTO DOMINGO, RD. _&nbsp;Con el concepto de \u201cEvoluciona\u201d, ejecutivos de Arias Motors presentaron su nueva imagen corporativa, con un moderno logo institucional, la cual pasar\u00e1 a llamarse comercialmente como \u201cArias\u201d, al tiempo que destacaron la evoluci\u00f3n de la empresa a trav\u00e9s de los a\u00f1os [&hellip;]<\/p>\n","protected":false},"author":28,"featured_media":553417,"comment_status":"closed","ping_status":"closed","sticky":true,"template":"","format":"standard","meta":{"footnotes":""},"categories":[36,18],"tags":[],"class_list":["post-553238","post","type-post","status-publish","format-standard","has-post-thumbnail","hentry","category-hombresmujeresycosas","category-economia"],"_links":{"self":[{"href":"https:\/\/diariodominicano.com\/index.php?rest_route=\/wp\/v2\/posts\/553238","targetHints":{"allow":["GET"]}}],"collection":[{"href":"https:\/\/diariodominicano.com\/index.php?rest_route=\/wp\/v2\/posts"}],"about":[{"href":"https:\/\/diariodominicano.com\/index.php?rest_route=\/wp\/v2\/types\/post"}],"author":[{"embeddable":true,"href":"https:\/\/diariodominicano.com\/index.php?rest_route=\/wp\/v2\/users\/28"}],"replies":[{"embeddable":true,"href":"https:\/\/diariodominicano.com\/index.php?rest_route=%2Fwp%2Fv2%2Fcomments&post=553238"}],"version-history":[{"count":4,"href":"https:\/\/diariodominicano.com\/index.php?rest_route=\/wp\/v2\/posts\/553238\/revisions"}],"predecessor-version":[{"id":553422,"href":"https:\/\/diariodominicano.com\/index.php?rest_route=\/wp\/v2\/posts\/553238\/revisions\/553422"}],"wp:featuredmedia":[{"embeddable":true,"href":"https:\/\/diariodominicano.com\/index.php?rest_route=\/wp\/v2\/media\/553417"}],"wp:attachment":[{"href":"https:\/\/diariodominicano.com\/index.php?rest_route=%2Fwp%2Fv2%2Fmedia&parent=553238"}],"wp:term":[{"taxonomy":"category","embeddable":true,"href":"https:\/\/diariodominicano.com\/index.php?rest_route=%2Fwp%2Fv2%2Fcategories&post=553238"},{"taxonomy":"post_tag","embeddable":true,"href":"https:\/\/diariodominicano.com\/index.php?rest_route=%2Fwp%2Fv2%2Ftags&post=553238"}],"curies":[{"name":"wp","href":"https:\/\/api.w.org\/{rel}","templated":true}]}}