{"id":553021,"date":"2024-08-20T16:23:19","date_gmt":"2024-08-20T20:23:19","guid":{"rendered":"https:\/\/diariodominicano.com\/?p=553021"},"modified":"2024-08-20T16:23:22","modified_gmt":"2024-08-20T20:23:22","slug":"solicitan-intervencion-procuradora-general-de-la-republica-miriam-german-brito-investigar-fiscal-de-barahona-despoja-familia-de-finca-agricola-en-cabral","status":"publish","type":"post","link":"https:\/\/diariodominicano.com\/?p=553021","title":{"rendered":"Solicitan intervenci\u00f3n Procuradora General de la Republica Miriam German Brito investigar fiscal de Barahona despoja familia de finca agr\u00edcola, en Cabral"},"content":{"rendered":"\n<p><strong>Est\u00e1 acusada de violaci\u00f3n de propiedad, extorsi\u00f3n, chantaje, cohecho,&nbsp;<a>prevaricaci\u00f3n, abuso del poder, y uso de los recursos del Estado&nbsp;<\/a>en perjuicio de particulares<\/strong><\/p>\n\n\n\n<p>El Consejo del Ministerio P\u00fablico fue apoderado esta ma\u00f1ana de una denuncia formal contra una fiscal de Barahona por despojar a una familia de una finca agr\u00edcola, que actualmente, est\u00e1 en plena producci\u00f3n, en el municipio de Cabral.<\/p>\n\n\n\n<p>Se trata de la fiscal Aura Deyanira Fern\u00e1ndez Curi, Ministerio P\u00fablico adscrita&nbsp;a la Unidad de Atenci\u00f3n a V\u00edctimas de Violencia de Genero, Intrafamiliar y delitos sexuales, contra quien solicitan iniciaruna investigaci\u00f3n por cometer&nbsp;<strong>violaci\u00f3n de propiedad, extorsi\u00f3n, chantaje, cohecho, prevaricaci\u00f3n, abuso del poder, y uso de los recursos del Estado y prevaricaci\u00f3n en perjuicio de los d<\/strong>enunciantes<\/p>\n\n\n\n<p>La denuncia contra la fiscal fue interpuesta por Walkiris Taina Melo Acosta, Kimberly Julia Melo Collado, Enzo Melo Collado, Juan Francisco Melo Figuereo, Alessio Melo Collado, en su calidad de causahabientes del se\u00f1or Juan Francisco Melo Ortiz, Fallecido a trav\u00e9s de los abogados el doctor Jorge Lora Castillo y el licen ciado Nicanor Vizcaino S\u00e1nchez.<\/p>\n\n\n\n<p>Por lo que solicitan la urgente intervenci\u00f3n de la procuradora general Miram Germ\u00e1n Brito, en su calidad de presidenta del Consejo del Ministerio P\u00fablico.<\/p>\n\n\n\n<p>La finca que estaba atendida por Juan Francisco Melo Feliz, es propiedad de su madre, la se\u00f1ora Julia Feliz Feliz, quien a\u00fan vive, y quien, al momento del fallecimiento de su hijo, se encontraba viviendo en la residencia de este, y de su esposa, la fiscal Aura Deyanira Fern\u00e1ndez Curi.<\/p>\n\n\n\n<p>Se trata de una finca de \u201cUna finca con una extensi\u00f3n superficial de 120 tareas de las cuales 21.31 tareas fueron adquiridas por derecho sucesoral y 98.68 tareas por concepto de compra a sus hermanos, conformada por 6 has, 20 A, 56, dentro del \u00e1mbito de la parcela n\u00famero 2760 del Distrito Catastral n\u00famero 2, La Guinea, Municipio de Cabral, provincia de Barahona.<\/p>\n\n\n\n<p>Los denunciantes indican que, de manera abusiva, aviesa y mediante el abuso de su poder como Procuradora Fiscal adscrita a la unidad de atenci\u00f3n a v\u00edctimas de Violencia de Genero, Intrafamiliar y delitos sexuales, retir\u00f3 la totalidad de las c\u00e1maras de vigilancia que, siendo muebles por destino, preservaban la seguridad de la finca propiedad de la se\u00f1ora JULIA FELIZ FELIZ.<\/p>\n\n\n\n<p>Posteriormente procedi\u00f3, a entrar en la finca, acompa\u00f1ada de personal de la fiscal\u00eda adscrita a su cargo, y un grupo de personas mandadas por ella, del domingo, 11 de agosto del a\u00f1o 2024, hasta el d\u00eda 14 de agosto del a\u00f1o 2024, retirando m\u00e1s 700 cargas de pl\u00e1tanos, a raz\u00f3n de RD$2,700.00 cada una, para un&nbsp;<strong>valor aproximado de RD$1,890,000.00.<\/strong><\/p>\n\n\n\n<p>Sostienen adem\u00e1s que no conforme con todos estos desafueros, ha tomado el control de la finca familiar impidiendo la entrada a la misma de los nietos de su propietaria, y \u00fanicos causahabientes del se\u00f1or<\/p>\n\n\n\n<p>JUAN FRANCISCO MELO FELIZ.<\/p>\n\n\n\n<p>A partir del sepelio del se\u00f1or Juan Francisco Melo Feliz, la fiscal Aura Deyanira Fern\u00e1ndez &nbsp;Curi, ha mantenido una actitud hostil, inexplicable, interesada, y sorprendente para los hijos de su difunto marido, con quienes, hasta dicho momento ten\u00eda una relaci\u00f3n de aparente cordialidad, llegando a amenazar directamente al denunciante Juan Francisco Melo &nbsp;Figuereo (ALDO), de ponerle una denuncia y someterlo a la acci\u00f3n de la justicia, por defender el patrimonio de su padre, y con este, el de sus hermanos.<\/p>\n\n\n\n<p>Los denunciantes alegan que la fiscal Fern\u00e1ndez Curi, mantiene contra la voluntad de sus familiares directos, retenida a la abuela de los mismos, se\u00f1ora Julia Feliz, quien est\u00e1 diagnosticada con problemas psicol\u00f3gicos inhabilitantes,&nbsp; con el prop\u00f3sito de manejar al mismo tiempo el patrimonio que se encuentra a nombre de ella, neg\u00e1ndoles el acceso, y el control del mismo, por v\u00edas de hecho, y amenazas veladas, de la que supuestamente es participe su hermana la jueza de paz &nbsp;Octavia Carolina Fern\u00e1ndez Curi.<\/p>\n\n\n\n<p><strong>Trabajo de Prensa <a href=\"mailto:trabajodeprensas@gmail.com\">trabajodeprensas@gmail.com<\/a><\/strong><\/p>\n\n\n\n<p><\/p>\n","protected":false},"excerpt":{"rendered":"<p>Est\u00e1 acusada de violaci\u00f3n de propiedad, extorsi\u00f3n, chantaje, cohecho,&nbsp;prevaricaci\u00f3n, abuso del poder, y uso de los recursos del Estado&nbsp;en perjuicio de particulares El Consejo del Ministerio P\u00fablico fue apoderado esta ma\u00f1ana de una denuncia formal contra una fiscal de Barahona por despojar a una familia de una finca agr\u00edcola, que actualmente, est\u00e1 en plena producci\u00f3n, [&hellip;]<\/p>\n","protected":false},"author":7,"featured_media":553133,"comment_status":"closed","ping_status":"closed","sticky":false,"template":"","format":"standard","meta":{"footnotes":""},"categories":[24],"tags":[],"class_list":["post-553021","post","type-post","status-publish","format-standard","has-post-thumbnail","hentry","category-justicia-y-derecho"],"_links":{"self":[{"href":"https:\/\/diariodominicano.com\/index.php?rest_route=\/wp\/v2\/posts\/553021","targetHints":{"allow":["GET"]}}],"collection":[{"href":"https:\/\/diariodominicano.com\/index.php?rest_route=\/wp\/v2\/posts"}],"about":[{"href":"https:\/\/diariodominicano.com\/index.php?rest_route=\/wp\/v2\/types\/post"}],"author":[{"embeddable":true,"href":"https:\/\/diariodominicano.com\/index.php?rest_route=\/wp\/v2\/users\/7"}],"replies":[{"embeddable":true,"href":"https:\/\/diariodominicano.com\/index.php?rest_route=%2Fwp%2Fv2%2Fcomments&post=553021"}],"version-history":[{"count":1,"href":"https:\/\/diariodominicano.com\/index.php?rest_route=\/wp\/v2\/posts\/553021\/revisions"}],"predecessor-version":[{"id":553137,"href":"https:\/\/diariodominicano.com\/index.php?rest_route=\/wp\/v2\/posts\/553021\/revisions\/553137"}],"wp:featuredmedia":[{"embeddable":true,"href":"https:\/\/diariodominicano.com\/index.php?rest_route=\/wp\/v2\/media\/553133"}],"wp:attachment":[{"href":"https:\/\/diariodominicano.com\/index.php?rest_route=%2Fwp%2Fv2%2Fmedia&parent=553021"}],"wp:term":[{"taxonomy":"category","embeddable":true,"href":"https:\/\/diariodominicano.com\/index.php?rest_route=%2Fwp%2Fv2%2Fcategories&post=553021"},{"taxonomy":"post_tag","embeddable":true,"href":"https:\/\/diariodominicano.com\/index.php?rest_route=%2Fwp%2Fv2%2Ftags&post=553021"}],"curies":[{"name":"wp","href":"https:\/\/api.w.org\/{rel}","templated":true}]}}