{"id":552999,"date":"2024-08-20T01:17:49","date_gmt":"2024-08-20T05:17:49","guid":{"rendered":"https:\/\/diariodominicano.com\/?p=552999"},"modified":"2024-08-20T01:17:54","modified_gmt":"2024-08-20T05:17:54","slug":"cuba-pondera-las-alianzas-ante-brotes-de-enfermedades-transmisibles","status":"publish","type":"post","link":"https:\/\/diariodominicano.com\/?p=552999","title":{"rendered":"Cuba pondera las alianzas ante brotes de enfermedades transmisibles"},"content":{"rendered":"\n<p>La Habana, 19 ago (Prensa Latina) El ministro de Salud de Cuba, Jos\u00e9 Angel Portal, destac\u00f3 hoy la importancia de fomentar alianzas con la OMS-OPS para fortalecer las capacidades de las naciones en la identificaci\u00f3n de brotes de enfermedades transmisibles.<\/p>\n\n\n\n<ul class=\"wp-block-list\">\n<li><a href=\"https:\/\/www.prensa-latina.cu\/2024\/08\/19\/\"><time>agosto 19, 2024 | 20:10<\/time><\/a><\/li>\n<\/ul>\n\n\n\n<ul class=\"wp-block-list\">\n<li><a href=\"https:\/\/www.prensa-latina.cu\/2024\/08\/19\/cuba-pondera-las-alianzas-ante-brotes-de-enfermedades-transmisibles\/#\"><\/a><\/li>\n\n\n\n<li><a href=\"https:\/\/www.prensa-latina.cu\/2024\/08\/19\/cuba-pondera-las-alianzas-ante-brotes-de-enfermedades-transmisibles\/#\"><\/a><\/li>\n\n\n\n<li><a href=\"https:\/\/www.prensa-latina.cu\/2024\/08\/19\/cuba-pondera-las-alianzas-ante-brotes-de-enfermedades-transmisibles\/#\"><\/a><\/li>\n\n\n\n<li><a href=\"https:\/\/www.prensa-latina.cu\/2024\/08\/19\/cuba-pondera-las-alianzas-ante-brotes-de-enfermedades-transmisibles\/#\"><\/a><\/li>\n<\/ul>\n\n\n\n<p>Al inaugurar el 18 Curso Internacional de Dengue y otros arbovirus emergentes, Portal asegur\u00f3 que esas patolog\u00edas contin\u00faan siendo un desaf\u00edo actual y creciente para los sistemas de salud en la regi\u00f3n y a escala mundial.<\/p>\n\n\n\n<p>Portal intervino en el evento, que se extender\u00e1 hasta el 30 de este mes con sede en el Instituto de Medicina Tropical Pedro Lour\u00ed (IPK), donde enfatiz\u00f3 que estas enfermedades en comunidades con recursos limitados tienen un fuerte impacto por lo que son urgentes tales alianzas.<\/p>\n\n\n\n<p>En sus palabras convoc\u00f3 a aprovechar este espacio de intercambio para ampliar y profundizar un debate internacional que contribuya a encontrar nuevas y \u00fatiles soluciones en pos de mitigar los devastadores efectos de las enfermedades transmisibles y avanzar con el enfoque de Una Salud, para enfrentar epidemias y pandemias producidas por los arbovirus.<\/p>\n\n\n\n<p>El titular del Minsap signific\u00f3 que el cambio clim\u00e1tico, la estrecha interacci\u00f3n entre hombres y animales, el aumento de la actividad comercial, los movimientos poblacionales, las migraciones, la deforestaci\u00f3n, la invasi\u00f3n humana a zonas selv\u00e1ticas, entre otros factores, han propiciado un incremento de las epidemias y pandemias en las \u00faltimas d\u00e9cadas.<\/p>\n\n\n\n<p>Resalt\u00f3 que la Covid-19 fue definitoria en la historia de la humanidad, pues marcar\u00e1 un antes y despu\u00e9s para los sistemas sanitarios, circunstancia que calific\u00f3 de escenario dif\u00edcil, que en tiempo r\u00e9cord oblig\u00f3 a aprender y enfrentarla lo m\u00e1s eficiente y efectivamente posible para proteger la salud y la vida de nuestras poblaciones.<\/p>\n\n\n\n<p>Y si pareciera poco, agreg\u00f3, entre 2022 y 2024 surgieron otras emergencias de salud, producidas por la expansi\u00f3n de diferentes virus, en su mayor\u00eda de origen zoon\u00f3tico, como el Mpox o viruela del mono \u2014declarada nuevamente el 14 de agosto como emergencia de salud de importancia internacional\u2014 la Influenza Aviar, la encefalitis equina, y m\u00e1s recientemente el Oropouche.<\/p>\n\n\n\n<p>Reiter\u00f3 que esa realidad evidencia \u00abla urgente necesidad de desarrollar intervenciones integradas, con un abordaje intersectorial en el marco de Una Salud y el incuestionable aporte, intervenci\u00f3n y colaboraci\u00f3n de equipos de los sectores de salud humana, animal y ambiental, liderados por la voluntad pol\u00edtica y el accionar de los gobiernos de cada pa\u00eds\u00bb.<\/p>\n\n\n\n<p>Portal insisti\u00f3 en que ese nuevo escenario, marcado en los \u00faltimos dos a\u00f1os por un incremento de casos de dengue nunca antes descrito en las Am\u00e9ricas y del cual no ha escapado Cuba, supone tambi\u00e9n crecientes retos para el sistema de salud.<\/p>\n\n\n\n<p>En la regi\u00f3n se confirma la circulaci\u00f3n de los cuatro serotipos, con m\u00e1s de 10 millones 893 547 casos, entre las semanas 1 y 28 de este a\u00f1o, en tanto la semana 29 super\u00f3 los 11 millones, un incremento del 233 por ciento, en comparaci\u00f3n con igual periodo del 2023.<\/p>\n\n\n\n<p>oda\/crc<\/p>\n","protected":false},"excerpt":{"rendered":"<p>La Habana, 19 ago (Prensa Latina) El ministro de Salud de Cuba, Jos\u00e9 Angel Portal, destac\u00f3 hoy la importancia de fomentar alianzas con la OMS-OPS para fortalecer las capacidades de las naciones en la identificaci\u00f3n de brotes de enfermedades transmisibles. Al inaugurar el 18 Curso Internacional de Dengue y otros arbovirus emergentes, Portal asegur\u00f3 que [&hellip;]<\/p>\n","protected":false},"author":28,"featured_media":553000,"comment_status":"closed","ping_status":"closed","sticky":false,"template":"","format":"standard","meta":{"footnotes":""},"categories":[25,23],"tags":[],"class_list":["post-552999","post","type-post","status-publish","format-standard","has-post-thumbnail","hentry","category-gente","category-internacional"],"_links":{"self":[{"href":"https:\/\/diariodominicano.com\/index.php?rest_route=\/wp\/v2\/posts\/552999","targetHints":{"allow":["GET"]}}],"collection":[{"href":"https:\/\/diariodominicano.com\/index.php?rest_route=\/wp\/v2\/posts"}],"about":[{"href":"https:\/\/diariodominicano.com\/index.php?rest_route=\/wp\/v2\/types\/post"}],"author":[{"embeddable":true,"href":"https:\/\/diariodominicano.com\/index.php?rest_route=\/wp\/v2\/users\/28"}],"replies":[{"embeddable":true,"href":"https:\/\/diariodominicano.com\/index.php?rest_route=%2Fwp%2Fv2%2Fcomments&post=552999"}],"version-history":[{"count":1,"href":"https:\/\/diariodominicano.com\/index.php?rest_route=\/wp\/v2\/posts\/552999\/revisions"}],"predecessor-version":[{"id":553001,"href":"https:\/\/diariodominicano.com\/index.php?rest_route=\/wp\/v2\/posts\/552999\/revisions\/553001"}],"wp:featuredmedia":[{"embeddable":true,"href":"https:\/\/diariodominicano.com\/index.php?rest_route=\/wp\/v2\/media\/553000"}],"wp:attachment":[{"href":"https:\/\/diariodominicano.com\/index.php?rest_route=%2Fwp%2Fv2%2Fmedia&parent=552999"}],"wp:term":[{"taxonomy":"category","embeddable":true,"href":"https:\/\/diariodominicano.com\/index.php?rest_route=%2Fwp%2Fv2%2Fcategories&post=552999"},{"taxonomy":"post_tag","embeddable":true,"href":"https:\/\/diariodominicano.com\/index.php?rest_route=%2Fwp%2Fv2%2Ftags&post=552999"}],"curies":[{"name":"wp","href":"https:\/\/api.w.org\/{rel}","templated":true}]}}