{"id":552775,"date":"2024-08-19T08:19:01","date_gmt":"2024-08-19T12:19:01","guid":{"rendered":"https:\/\/diariodominicano.com\/?p=552775"},"modified":"2024-08-19T08:19:03","modified_gmt":"2024-08-19T12:19:03","slug":"el-actor-y-galan-frances-alain-delon-muere-a-los-88-anos","status":"publish","type":"post","link":"https:\/\/diariodominicano.com\/?p=552775","title":{"rendered":"El actor y gal\u00e1n franc\u00e9s Alain Delon muere a los 88 a\u00f1os"},"content":{"rendered":"\n<p>(ARCHIVO) El actor franc\u00e9s Alain Delon asiste a una clase magistral en la 72\u00aa edici\u00f3n del Festival de Cine de Cannes en Cannes, Francia, el 19 de mayo de 2019.<\/p>\n\n\n\n<p>agosto 19, 2024<\/p>\n\n\n\n<ul class=\"wp-block-list\">\n<li><a href=\"https:\/\/www.vozdeamerica.com\/author\/associated-press\/v_kyr\">Associated Press<\/a><\/li>\n\n\n\n<li><a href=\"mailto:?body=https%3a%2f%2fwww.vozdeamerica.com%2fa%2factor-galan-frances-alain-delon-muere%2f7747928.html&amp;subject=El%20actor%20y%20gal%C3%A1n%20franc%C3%A9s%20Alain%20Delon%20muere%20a%20los%2088%20a%C3%B1os\"><\/a><\/li>\n<\/ul>\n\n\n\n<p><a href=\"https:\/\/www.vozdeamerica.com\/a\/actor-galan-frances-alain-delon-muere\/7747928.html#comments\">&nbsp;Vea comentarios<\/a><\/p>\n\n\n\n<p>El ic\u00f3nico actor franc\u00e9s Alain Delon ha fallecido a los 88 a\u00f1os, dejando un legado en el cine con interpretaciones memorables en pel\u00edculas como \u00abPlein Soleil\u00bb y \u00abEl Gatopardo\u00bb. Su carrera abarc\u00f3 desde h\u00e9roes rom\u00e1nticos hasta personajes complejos, trabajando con directores de renombre mundial.<\/p>\n\n\n\n<p>PAR\u00cdS \u2014&nbsp;<\/p>\n\n\n\n<p>Alain Delon, el actor franc\u00e9s con reconocimiento internacional que dio vida tanto al villano como al polic\u00eda y que conquist\u00f3 corazones en todo el mundo, ha muerto a los 88 a\u00f1os, seg\u00fan dijeron el domingo medios franceses.<\/p>\n\n\n\n<p>Con su apuesto aspecto y actitud tierna, el prol\u00edfico actor pudo combinar la dureza con el atractivo, una cualidad vulnerable que le convirti\u00f3 en uno de los actores protagonistas m\u00e1s memorables de Francia.<\/p>\n\n\n\n<p>Delon tambi\u00e9n fue productor, apareci\u00f3 en obras teatrales y, en sus \u00faltimos a\u00f1os, en pel\u00edculas para televisi\u00f3n.<\/p>\n\n\n\n<p>Sus hijos anunciaron su fallecimiento el domingo en un comunicado en la agencia nacional de noticias francesa,&nbsp;<em>Agence France-Presse<\/em>, algo habitual en Francia. Los homenajes a Delon se sucedieron de inmediato en redes sociales, y todos los grandes medios franceses cambiaron su programaci\u00f3n para recorrer su amplia carrera.<\/p>\n\n\n\n<p><a href=\"https:\/\/www.vozdeamerica.com\/a\/shelley-duvall-estrella-the-shining-fallece-75-anos-\/7694502.html\"><\/a><\/p>\n\n\n\n<p><a href=\"https:\/\/www.vozdeamerica.com\/a\/shelley-duvall-estrella-the-shining-fallece-75-anos-\/7694502.html\">TAMBI\u00c9N LEA<\/a><\/p>\n\n\n\n<h4 class=\"wp-block-heading\"><a href=\"https:\/\/www.vozdeamerica.com\/a\/shelley-duvall-estrella-the-shining-fallece-75-anos-\/7694502.html\">Shelley Duvall, estrella de \u00abThe Shining\u00bb, fallece a los 75 a\u00f1os de edad<\/a><\/h4>\n\n\n\n<p>Se le hab\u00eda diagnosticado un linfoma de c\u00e9lulas B, una clase de c\u00e1ncer, seg\u00fan dijo este a\u00f1o su hijo Anthony.<\/p>\n\n\n\n<p>Durante el \u00faltimo a\u00f1o, el fr\u00e1gil estado de salud de Delon hab\u00eda estado en el centro de una disputa familiar sobre sus cuidados que hab\u00eda producido cruces de duras declaraciones en los medios entre sus tres hijos.<\/p>\n\n\n\n<p>En el apogeo de su carrera, en las d\u00e9cadas de 1960 y 1970, algunos de los directores m\u00e1s destacados del mundo, de Luchino Visconti a Joseph Losey, ped\u00edan trabajar con Delon.<\/p>\n\n\n\n<p>En sus \u00faltimos a\u00f1os se mostr\u00f3 desilusionado con la industria del cine y dijo que el dinero hab\u00eda matado el sue\u00f1o. \u201cDinero, comercio y televisi\u00f3n han destruido la m\u00e1quina de sue\u00f1os\u201d, escribi\u00f3 en un n\u00famero de 2003 del semanario Le Nouvel Observateur. \u201cMi cine est\u00e1 muerto. Y yo tambi\u00e9n\u201d.<\/p>\n\n\n\n<p>Sin embargo, sigui\u00f3 trabajando a menudo y apareci\u00f3 en varias pel\u00edculas de televisi\u00f3n ya septuagenario.<\/p>\n\n\n\n<p>La presencia de Delon era inolvidable, tanto si interpretaba a h\u00e9roes depravados o a protagonistas rom\u00e1nticos. Fue aclamado en un principio por \u201cPlein Soleil\u201d (\u00abA pleno sol\u00bb), de 1960, dirigida por R\u00e9ne Cl\u00e9ment, en la que encarnaba a un asesino que intentaba usurpar la identidad de su v\u00edctima.<\/p>\n\n\n\n<p><a href=\"https:\/\/www.vozdeamerica.com\/a\/jon-landau-galardonado-productor-titanic-avatar-muere-63-anos\/7689098.html\"><\/a><\/p>\n\n\n\n<p><a href=\"https:\/\/www.vozdeamerica.com\/a\/jon-landau-galardonado-productor-titanic-avatar-muere-63-anos\/7689098.html\">TAMBI\u00c9N LEA<\/a><\/p>\n\n\n\n<h4 class=\"wp-block-heading\"><a href=\"https:\/\/www.vozdeamerica.com\/a\/jon-landau-galardonado-productor-titanic-avatar-muere-63-anos\/7689098.html\">Jon Landau, el galardonado productor de \u00abTitanic\u00bb y \u00abAvatar\u00bb muere a los 63 a\u00f1os<\/a><\/h4>\n\n\n\n<p>Hizo varias pel\u00edculas italianas, y trabaj\u00f3 con Visconti en la cinta de 1961 \u201cRocco e i suoi fratelli\u201d (\u00abRocco y sus hermanos\u00bb), en la que Delon interpreta a un hermano sacrificado que intenta ayudar a sus hermanos. La pel\u00edcula gan\u00f3 el Premio Especial del Jurado del Festival de Cine de Venecia.<\/p>\n\n\n\n<p>La cinta de 1963 de Visconti \u201cIl gattopardo\u201d (\u00abEl gatopardo\u00bb), protagonizada por Delon, gan\u00f3 la Palma de Oro, el m\u00e1ximo honor del Festival de Cine de Cannes. Tambi\u00e9n trabaj\u00f3 en cintas como \u201cParis br\u00fble-t-il?\u201d (\u00ab\u00bfArde Par\u00eds?\u00bb), con un guion de Gore Vidal y Francisc Ford Coppola, entre otros; \u201cLa piscine\u201d (\u00abLa Piscina\u00bb), dirigida por Jacques Deray, y \u201cThe Assassination of Trotsky\u201d (\u00abEl asesinato de Trotsky\u00bb), de Losey.<\/p>\n\n\n\n<p>Delon comenz\u00f3 a producir pel\u00edculas en 1968 \u201426 de ellas para 1990\u2014 con una energ\u00eda y una confianza en s\u00ed mismo que mantuvo durante su vida.<\/p>\n\n\n\n<p>Esa confianza era evidente cuando en 1996 dijo a Femme \u201c\u00a1Me gusta que me amen como yo me amo!\u201d, una actitud que se reflejaba en su carisma en pantalla.<\/p>\n\n\n\n<p>Delon sigui\u00f3 cautivando al p\u00fablico durante a\u00f1os, aunque por el camino fue criticado por comentarios que se consideraron anticuados. En 2010 apareci\u00f3 en \u201cUn mari de trop\u201d y en 2011 regres\u00f3 al escenario con \u201cUne journee ordinaire\u201d, con su hija Anouchka.<\/p>\n\n\n\n<p>Presidi\u00f3 brevemente el jurado de Miss Francia pero renunci\u00f3 en 2013 tras una discrepancia sobre algunas declaraciones controversiales, que inclu\u00edan cr\u00edticas a mujeres, los derechos LGBTQ+, y los migrantes. Pese a esas pol\u00e9micas, en 2019 recibi\u00f3 la Palma de Honor de Cannes, una decisi\u00f3n que provoc\u00f3 un debate.<\/p>\n\n\n\n<p><a href=\"https:\/\/www.vozdeamerica.com\/a\/dafne-keen-primera-espanola-incursiona-mundo-star-wars-\/7652822.html\"><\/a><\/p>\n\n\n\n<p><a href=\"https:\/\/www.vozdeamerica.com\/a\/dafne-keen-primera-espanola-incursiona-mundo-star-wars-\/7652822.html\">TAMBI\u00c9N LEA<\/a><\/p>\n\n\n\n<h4 class=\"wp-block-heading\"><a href=\"https:\/\/www.vozdeamerica.com\/a\/dafne-keen-primera-espanola-incursiona-mundo-star-wars-\/7652822.html\">Dafne Keen, la primera espa\u00f1ola que incursiona en el mundo de \u2018Star Wars\u2019: \u201cQuiero estar a la altura\u201d<\/a><\/h4>\n\n\n\n<p>Naci\u00f3 el 8 de noviembre de 1935 en Sceaux, al sur de Par\u00eds, y se le asign\u00f3 una familia de acogida tras la separaci\u00f3n de sus padres cuando ten\u00eda 4 a\u00f1os. Despu\u00e9s asisti\u00f3 a una escuela cat\u00f3lica con internado.<\/p>\n\n\n\n<p>A los 17 a\u00f1os se uni\u00f3 a la Armada y fue enviado a Indochina. De vuelta en Francia en 1956 ejerci\u00f3 empleos dispares, como camarero o repartidor en el mercado de carne de Par\u00eds antes de empezar a actuar.<\/p>\n\n\n\n<p>Delon tuvo a su hijo Anthony en 1964 con su entonces esposa Nathalie Canovas, que apareci\u00f3 con \u00e9l en la cinta de Jean-Pierre Melville \u00abLe samoura\u00ef\u00bb (\u00abEl samurai\u00bb), de 1967. Tuvo dos hijos m\u00e1s, Anouchka y Alain-Fabien, con una pareja posterior, Roselie van Breemen, con la que produjo una canci\u00f3n y un videoclip en 1987. Tambi\u00e9n se cre\u00eda que era el padre de Ari Boulogne, hijo de la modelo y cantante alemana Nico, aunque nunca reconoci\u00f3 p\u00fablicamente su paternidad.<\/p>\n","protected":false},"excerpt":{"rendered":"<p>(ARCHIVO) El actor franc\u00e9s Alain Delon asiste a una clase magistral en la 72\u00aa edici\u00f3n del Festival de Cine de Cannes en Cannes, Francia, el 19 de mayo de 2019. agosto 19, 2024 &nbsp;Vea comentarios El ic\u00f3nico actor franc\u00e9s Alain Delon ha fallecido a los 88 a\u00f1os, dejando un legado en el cine con interpretaciones [&hellip;]<\/p>\n","protected":false},"author":28,"featured_media":552776,"comment_status":"closed","ping_status":"closed","sticky":true,"template":"","format":"standard","meta":{"footnotes":""},"categories":[25],"tags":[],"class_list":["post-552775","post","type-post","status-publish","format-standard","has-post-thumbnail","hentry","category-gente"],"_links":{"self":[{"href":"https:\/\/diariodominicano.com\/index.php?rest_route=\/wp\/v2\/posts\/552775","targetHints":{"allow":["GET"]}}],"collection":[{"href":"https:\/\/diariodominicano.com\/index.php?rest_route=\/wp\/v2\/posts"}],"about":[{"href":"https:\/\/diariodominicano.com\/index.php?rest_route=\/wp\/v2\/types\/post"}],"author":[{"embeddable":true,"href":"https:\/\/diariodominicano.com\/index.php?rest_route=\/wp\/v2\/users\/28"}],"replies":[{"embeddable":true,"href":"https:\/\/diariodominicano.com\/index.php?rest_route=%2Fwp%2Fv2%2Fcomments&post=552775"}],"version-history":[{"count":1,"href":"https:\/\/diariodominicano.com\/index.php?rest_route=\/wp\/v2\/posts\/552775\/revisions"}],"predecessor-version":[{"id":552777,"href":"https:\/\/diariodominicano.com\/index.php?rest_route=\/wp\/v2\/posts\/552775\/revisions\/552777"}],"wp:featuredmedia":[{"embeddable":true,"href":"https:\/\/diariodominicano.com\/index.php?rest_route=\/wp\/v2\/media\/552776"}],"wp:attachment":[{"href":"https:\/\/diariodominicano.com\/index.php?rest_route=%2Fwp%2Fv2%2Fmedia&parent=552775"}],"wp:term":[{"taxonomy":"category","embeddable":true,"href":"https:\/\/diariodominicano.com\/index.php?rest_route=%2Fwp%2Fv2%2Fcategories&post=552775"},{"taxonomy":"post_tag","embeddable":true,"href":"https:\/\/diariodominicano.com\/index.php?rest_route=%2Fwp%2Fv2%2Ftags&post=552775"}],"curies":[{"name":"wp","href":"https:\/\/api.w.org\/{rel}","templated":true}]}}