{"id":552583,"date":"2024-08-18T00:26:16","date_gmt":"2024-08-18T04:26:16","guid":{"rendered":"https:\/\/diariodominicano.com\/?p=552583"},"modified":"2024-08-18T00:38:17","modified_gmt":"2024-08-18T04:38:17","slug":"ferreteria-ochoa-y-pinturas-tropical-realizan-encuentro-con-ingenieros-y-constructores-de-santiago-de-los-caballeros","status":"publish","type":"post","link":"https:\/\/diariodominicano.com\/?p=552583","title":{"rendered":"Ferreter\u00eda Ochoa y Pinturas Tropical Realizan Encuentro con Ingenieros\u00a0 y Constructores de Santiago De Los Caballeros"},"content":{"rendered":"\n<p>H\u00e9ctor Hern\u00e1ndez, Jorge Rivas Grull\u00f3n, Miguel Feliu y Jos\u00e9 An\u00edbal Peralta<\/p>\n\n\n\n<p><strong>Rafael Reyes Bison\u00f3<\/strong><\/p>\n\n\n\n<p>Santiago De Los Caballeros. &#8211; Mi\u00e9rcoles &nbsp;14 de agosto de 2024. Ferreter\u00eda Ochoa y Pinturas&nbsp;<em>Tropical realizaron un encuentro-taller con ingenieros y constructores de la ciudad de<\/em>&nbsp;Santiago De Los Caballeros con el objetivo de agradecer el apoyo de estos profesionales a las dos empresas a trav\u00e9s de los a\u00f1os. Esta actividad, tom\u00f3 como escenario el Auditorio del Centro Le\u00f3n. El lugar estaba ambientado con elementos alusivos a Ferreter\u00eda Ochoa y Pinturas Tropical.<\/p>\n\n\n\n<figure class=\"wp-block-image size-large\"><img loading=\"lazy\" decoding=\"async\" width=\"889\" height=\"1024\" src=\"https:\/\/diariodominicano.com\/wp-content\/uploads\/2024\/08\/Foto-1-William-Hernandez-y-Priscila-Madera-1-889x1024.jpg\" alt=\"\" class=\"wp-image-552587\" srcset=\"https:\/\/diariodominicano.com\/wp-content\/uploads\/2024\/08\/Foto-1-William-Hernandez-y-Priscila-Madera-1-889x1024.jpg 889w, https:\/\/diariodominicano.com\/wp-content\/uploads\/2024\/08\/Foto-1-William-Hernandez-y-Priscila-Madera-1-260x300.jpg 260w, https:\/\/diariodominicano.com\/wp-content\/uploads\/2024\/08\/Foto-1-William-Hernandez-y-Priscila-Madera-1-768x884.jpg 768w, https:\/\/diariodominicano.com\/wp-content\/uploads\/2024\/08\/Foto-1-William-Hernandez-y-Priscila-Madera-1-816x940.jpg 816w, https:\/\/diariodominicano.com\/wp-content\/uploads\/2024\/08\/Foto-1-William-Hernandez-y-Priscila-Madera-1.jpg 1200w\" sizes=\"auto, (max-width: 889px) 100vw, 889px\" \/><\/figure>\n\n\n\n<p>William Hern\u00e1ndez y Priscila Madera<\/p>\n\n\n\n<p>Las palabras de bienvenidas estuvieron a cargo del director de Ventas de Ferreter\u00eda Ochoa, Sr. H\u00e9ctor Hern\u00e1ndez, quien agradeci\u00f3 el gran apoyo recibido por los profesionales de la construcci\u00f3n a trav\u00e9s de los 53 a\u00f1os que tiene de fundada Ferreter\u00eda Ochoa.<\/p>\n\n\n\n<p><\/p>\n\n\n\n<p>El Sr. Jos\u00e9 An\u00edbal Peralta, director de Mercadeo de Pinturas Tropical, aprovech\u00f3 la asistencia masiva de los ingenieros para felicitarlos por ser el d\u00eda de conmemoraci\u00f3n de los profesionales ingenier\u00eda.<\/p>\n\n\n\n<p>Las palabras de cierre, antes de iniciar con el seminario-taller, fueron realizadas por el Sr. &nbsp;&nbsp;&nbsp;&nbsp;&nbsp; Jorge Rivas Grull\u00f3n, director comercial de Pinturas Tropical. Quien se mostr\u00f3 sumamente agradecido por el respaldo recibido por el sector de la construcci\u00f3n de todo el pa\u00eds y en especial de la ciudad de Santiago De Los Caballeros &nbsp;durante los m\u00e1s de 40 a\u00f1os que tiene la marca en el mercado. Adem\u00e1s, se comprometi\u00f3 a mantener la excelente calidad de los productos y a la creaci\u00f3n de productos innovadores.<\/p>\n\n\n\n<p>Durante la actividad se imparti\u00f3 un taller basado en las experiencias e innovaciones sobre la preparaci\u00f3n, recubrimiento y protecci\u00f3n de superficies. En este taller interactivo se presentaron los sistemas modernos de recubrimientos con utilizando Pinturas Tropical. Uno de los m\u00e1s interesantes temas fue el de la soluci\u00f3n a las filtraciones, utilizando los tres sencillos pasos que acaban con las filtraciones con el innovador producto Goma Liquida de Pinturas Tropical.&nbsp; Este taller fue impartido por el experimentado Gerente de Ventas Institucional Edmond Saint Hilaire.<\/p>\n\n\n\n<figure class=\"wp-block-image size-large\"><img loading=\"lazy\" decoding=\"async\" width=\"1024\" height=\"802\" src=\"https:\/\/diariodominicano.com\/wp-content\/uploads\/2024\/08\/Foto-10-Angel-Cordero-Jose-Gonzalez-y-Carlos-Cordero-1024x802.jpg\" alt=\"\" class=\"wp-image-552590\" srcset=\"https:\/\/diariodominicano.com\/wp-content\/uploads\/2024\/08\/Foto-10-Angel-Cordero-Jose-Gonzalez-y-Carlos-Cordero-1024x802.jpg 1024w, https:\/\/diariodominicano.com\/wp-content\/uploads\/2024\/08\/Foto-10-Angel-Cordero-Jose-Gonzalez-y-Carlos-Cordero-300x235.jpg 300w, https:\/\/diariodominicano.com\/wp-content\/uploads\/2024\/08\/Foto-10-Angel-Cordero-Jose-Gonzalez-y-Carlos-Cordero-768x602.jpg 768w, https:\/\/diariodominicano.com\/wp-content\/uploads\/2024\/08\/Foto-10-Angel-Cordero-Jose-Gonzalez-y-Carlos-Cordero-816x639.jpg 816w, https:\/\/diariodominicano.com\/wp-content\/uploads\/2024\/08\/Foto-10-Angel-Cordero-Jose-Gonzalez-y-Carlos-Cordero.jpg 1200w\" sizes=\"auto, (max-width: 1024px) 100vw, 1024px\" \/><\/figure>\n\n\n\n<p>\u00c1ngel Cordero,\u00a0 Jos\u00e9 Gonz\u00e1lez y Carlos Cordero<\/p>\n\n\n\n<p>Esta concurrida actividad cont\u00f3 con la presencia de los directivos de Ferreter\u00eda Ochoa H\u00e9ctor Hern\u00e1ndez (Director de Ventas), Priscila Madera (Gerente General de Compras), Miguel Feliu (Gerente de Ventas Externas. Los principales directivos de Pinturas Tropical, Jorge Rivas (Director Comercial), Jos\u00e9 An\u00edbal Peralta (Director de Mercadeo), Alejandro\u2002Garcia Belliard (Gerente Gral. De Ventas) Carlos Jacquez (Gerente de \u00c1rea) y Williams Hern\u00e1ndez (Ejecutivo de Ventas). Adem\u00e1s de una amplia asistencia de ingenieros y constructores.<\/p>\n\n\n\n<p>La maestr\u00eda de ceremonia estuvo a cargo de la distinguida comunicadora Ileana Rosario.<\/p>\n\n\n\n<p><strong>Pinturas Tropical<\/strong>&nbsp;es la empresa l\u00edder en el mercado dominicano con una experiencia de m\u00e1s de 40 de a\u00f1os. Cuenta con equipos para la producci\u00f3n de una amplia y variada gama de pinturas Arquitect\u00f3nicas, Productos para Maderas, Revestimientos Marinos e Industriales, Acabados Automotrices, Pinturas para la Demarcaci\u00f3n&nbsp;de Tr\u00e1fico y una gran variedad de pinturas especializadas y funcionales tales como: Anti-Grafitis, Anti-Hongos, para Piscinas, Canchas, Pisos, entre otras.<\/p>\n\n\n\n<p>Tropical cuenta con los m\u00e1s completos y modernos laboratorios para atender las necesidades de formulaci\u00f3n y los controles de materias primas, calidad y producci\u00f3n, manejados por ingenieros y t\u00e9cnicos especializados.<\/p>\n\n\n\n<p>La posici\u00f3n de liderazgo est\u00e1 soportada por la calidad de sus productos, los cuales est\u00e1n ajustados a normas nacionales e internacionales. Han sido reconocidos ampliamente por la Asociaci\u00f3n\u00a0de Ferreteros de Santo Domingo, Asociaci\u00f3n de Ferreteros del Cibao, Asociaci\u00f3n de Fabricantes de Muebles y la Asociaci\u00f3n\u00a0de Empresas Industriales de la Rep\u00fablica Dominicana\u00a0con las siguientes distinciones: Empresas del A\u00f1o, Premio a la Calidad\u00a0y Premio a la Excelencia Industrial.<\/p>\n\n\n\n<p><strong>Rafael Reyes Bison\u00f3.\u00a0 E-mail:\u00a0<\/strong><a href=\"mailto:rafaelreyesbisono@hotmail.com\" target=\"_blank\" rel=\"noreferrer noopener\">rafaelreyesbisono@hotmail.com<\/a>, <\/p>\n\n\n\n<p><\/p>\n","protected":false},"excerpt":{"rendered":"<p>H\u00e9ctor Hern\u00e1ndez, Jorge Rivas Grull\u00f3n, Miguel Feliu y Jos\u00e9 An\u00edbal Peralta Rafael Reyes Bison\u00f3 Santiago De Los Caballeros. &#8211; Mi\u00e9rcoles &nbsp;14 de agosto de 2024. Ferreter\u00eda Ochoa y Pinturas&nbsp;Tropical realizaron un encuentro-taller con ingenieros y constructores de la ciudad de&nbsp;Santiago De Los Caballeros con el objetivo de agradecer el apoyo de estos profesionales a las [&hellip;]<\/p>\n","protected":false},"author":28,"featured_media":552584,"comment_status":"closed","ping_status":"closed","sticky":true,"template":"","format":"standard","meta":{"footnotes":""},"categories":[36,18,25],"tags":[],"class_list":["post-552583","post","type-post","status-publish","format-standard","has-post-thumbnail","hentry","category-hombresmujeresycosas","category-economia","category-gente"],"_links":{"self":[{"href":"https:\/\/diariodominicano.com\/index.php?rest_route=\/wp\/v2\/posts\/552583","targetHints":{"allow":["GET"]}}],"collection":[{"href":"https:\/\/diariodominicano.com\/index.php?rest_route=\/wp\/v2\/posts"}],"about":[{"href":"https:\/\/diariodominicano.com\/index.php?rest_route=\/wp\/v2\/types\/post"}],"author":[{"embeddable":true,"href":"https:\/\/diariodominicano.com\/index.php?rest_route=\/wp\/v2\/users\/28"}],"replies":[{"embeddable":true,"href":"https:\/\/diariodominicano.com\/index.php?rest_route=%2Fwp%2Fv2%2Fcomments&post=552583"}],"version-history":[{"count":4,"href":"https:\/\/diariodominicano.com\/index.php?rest_route=\/wp\/v2\/posts\/552583\/revisions"}],"predecessor-version":[{"id":552593,"href":"https:\/\/diariodominicano.com\/index.php?rest_route=\/wp\/v2\/posts\/552583\/revisions\/552593"}],"wp:featuredmedia":[{"embeddable":true,"href":"https:\/\/diariodominicano.com\/index.php?rest_route=\/wp\/v2\/media\/552584"}],"wp:attachment":[{"href":"https:\/\/diariodominicano.com\/index.php?rest_route=%2Fwp%2Fv2%2Fmedia&parent=552583"}],"wp:term":[{"taxonomy":"category","embeddable":true,"href":"https:\/\/diariodominicano.com\/index.php?rest_route=%2Fwp%2Fv2%2Fcategories&post=552583"},{"taxonomy":"post_tag","embeddable":true,"href":"https:\/\/diariodominicano.com\/index.php?rest_route=%2Fwp%2Fv2%2Ftags&post=552583"}],"curies":[{"name":"wp","href":"https:\/\/api.w.org\/{rel}","templated":true}]}}