{"id":552579,"date":"2024-08-18T00:15:37","date_gmt":"2024-08-18T04:15:37","guid":{"rendered":"https:\/\/diariodominicano.com\/?p=552579"},"modified":"2024-08-18T00:19:54","modified_gmt":"2024-08-18T04:19:54","slug":"discurso-de-la-toma-de-posesion-delpresidente-abinader","status":"publish","type":"post","link":"https:\/\/diariodominicano.com\/?p=552579","title":{"rendered":"Discurso de la toma de posesi\u00f3n del presidente Abinader"},"content":{"rendered":"\n<p><br>Honorable se\u00f1or Ricardo de los Santos, presidente de la Asamblea<br>Nacional;<br>Excelent\u00edsimo se\u00f1or Alfredo Pacheco, vicepresidente de la<br>Asamblea Nacional ;<br>Excelent\u00edsima se\u00f1ora Raquel Pe\u00f1a, vicepresidenta constitucional<br>de la Rep\u00fablica;<br>Excelent\u00edsima se\u00f1ora Raquel Arbaje, primera dama;Su majestad Felipe VI, rey de Espa\u00f1a;<br>Excelent\u00edsima se\u00f1ora Iris Xiomara Castro Sarmiento, presidenta de<br>la Rep\u00fablica de Honduras;<br>Excelent\u00edsimo se\u00f1or Santiago Pe\u00f1a Palacios, presidente de la<br>Rep\u00fablica del Paraguay;<br>Excelent\u00edsimo se\u00f1or Jos\u00e9 Ra\u00fal Mulino Quintero, presidente de la<br>Rep\u00fablica de Panam\u00e1;<br>Excelent\u00edsimo se\u00f1or Bernardo Ar\u00e9valo, presidente de la Rep\u00fablica<br>de Guatemala;<br>Excelent\u00edsimo se\u00f1or Chandrikapersad Santokhi, presidente de la<br>Rep\u00fablica de Surinam;<br>Excelent\u00edsimo se\u00f1or Luis Lacalle Pou, presidente de la Rep\u00fablica<br>Oriental del Uruguay<br>Excelent\u00edsimo se\u00f1or Rodney Williams, gobernador general de<br>Antigua y Barbuda;<br>Excelent\u00edsimo se\u00f1or John Brice\u00f1o, primer ministro, ministro de<br>Finanzas, Desarrollo Econ\u00f3mico, Inversiones e Inmigraci\u00f3n de<br>Belice;<br>Excelent\u00edsimo se\u00f1or Gilmar Pisas, ministro de Asuntos Generales y<br>primer ministro de Curazao;<br>Excelent\u00edsimo se\u00f1or Philip Edward Davis, primer ministro y ministro<br>de Finanzas de la Mancomunidad de las Bahamas;<br>Excelent\u00edsimo se\u00f1or Mark Phillips, primer ministro de la Rep\u00fablica<br>Cooperativa de Guyana ;<br>Excelent\u00edsimo se\u00f1or F\u00e9lix Ulloa, vicepresidente de la Rep\u00fablica de<br>El Salvador;<br>Excelent\u00edsima se\u00f1ora Yuliia Svyrydenko, primera viceprimera<br>ministra y ministra de Econom\u00eda de Ucrania;<br>Excelent\u00edsimo se\u00f1or Jorge Luis Tapia Fonseca, viceprimer ministro<br>de la Rep\u00fablica de Cuba;<br>Excelent\u00edsimo se\u00f1or Pedro Pierluisi, gobernador de Puerto Rico;<br>Su excelencia reverend\u00edsima monse\u00f1or G\u00e1bor Pint\u00e9r, enviado<br>extraordinario en misi\u00f3n especial de su santidad Papa Francisco;<br>Su excelencia reverend\u00edsima, monse\u00f1or Piergiorgio Bertoldi,<br>nuncio apost\u00f3lico de su santidad y decano del Cuerpo Diplom\u00e1tico;<br>Excelent\u00edsimos se\u00f1ores jefes de Misiones Especiales y de<br>Organismos Internacionales; miembros del Cuerpo Diplom\u00e1tico y<br>Consular acreditados en el pa\u00eds.<br>Se\u00f1ores miembros del bufete directivo de la Asamblea Nacional<br>Honorables magistrados de las altas cortes;<br>Excelent\u00edsimo se\u00f1or Hip\u00f3lito Mej\u00eda, expresidente de la Rep\u00fablica<br>Excelent\u00edsima se\u00f1ora Milagros Ortiz Bosch, exvicepresidenta de la<br>Rep\u00fablica;<br>Mi madre Sula Corona viuda Abinader;<br>Se\u00f1ores ministros y funcionarios del gobierno;<br>Asamble\u00edstas;<br>Autoridades civiles y militares;<br>Invitados especiales;<br>Distinguidos se\u00f1ores de la prensa;<br>Se\u00f1oras y se\u00f1ores;<br>Pueblo dominicano.<br>Comparezco ante esta Asamblea Nacional, para juramentarme<br>como presidente constitucional de la Rep\u00fablica Dominicana para<br>un nuevo periodo de gobierno, como establecen nuestra<br>Constituci\u00f3n y nuestras leyes.<br>Asumo con humildad, orgullo y compromiso la sagrada<br>responsabilidad que por segunda ocasi\u00f3n me concede el pueblo<br>dominicano. Me siento profundamente honrado de tomar<br>juramento, despu\u00e9s de un proceso electoral ejemplar en el que los<br>dominicanos y dominicanas manifestaron libremente su voluntad y<br>demostraron una vez m\u00e1s la madurez democr\u00e1tica que hemos<br>alcanzado como naci\u00f3n.<br><br>Agradezco la gran confianza que el pueblo ha depositado en m\u00ed y<br>quiero decirles que ser\u00e9 el presidente de todos y cada uno de los<br>dominicanos sin distinci\u00f3n. Mi cargo me lo exige y mis principios<br>me lo imponen.<\/p>\n\n\n\n<figure class=\"wp-block-image size-large\"><img loading=\"lazy\" decoding=\"async\" width=\"1024\" height=\"576\" src=\"https:\/\/diariodominicano.com\/wp-content\/uploads\/2024\/08\/imagen_2024-08-17_010220353-1024x576.png\" alt=\"\" class=\"wp-image-552476\" srcset=\"https:\/\/diariodominicano.com\/wp-content\/uploads\/2024\/08\/imagen_2024-08-17_010220353-1024x576.png 1024w, https:\/\/diariodominicano.com\/wp-content\/uploads\/2024\/08\/imagen_2024-08-17_010220353-300x169.png 300w, https:\/\/diariodominicano.com\/wp-content\/uploads\/2024\/08\/imagen_2024-08-17_010220353-768x432.png 768w, https:\/\/diariodominicano.com\/wp-content\/uploads\/2024\/08\/imagen_2024-08-17_010220353-816x459.png 816w, https:\/\/diariodominicano.com\/wp-content\/uploads\/2024\/08\/imagen_2024-08-17_010220353.png 1300w\" sizes=\"auto, (max-width: 1024px) 100vw, 1024px\" \/><\/figure>\n\n\n\n<p><br>Esta juramentaci\u00f3n acontece el d\u00eda en que se conmemora la gesta<br>restauradora, que tiene para nuestra naci\u00f3n un significado<br>especial, porque con ella se consagr\u00f3 el sentimiento de<br>dominicanidad por el que lucharon nuestros padres fundadores, al<br>hacer realidad los anhelos de independencia de nuestro pueblo y<br>el establecimiento de un orden institucional que garantizara a cada<br>uno de los hijos de esta hermosa tierra ser due\u00f1o de su propio<br>destino.<br>El sacrificio de los restauradores, que conmemoramos cada 16 de<br>agosto, nos recuerda que la libertad no es gratuita y que cada<br>generaci\u00f3n tiene la responsabilidad de defenderla.<br>La verdadera fortaleza de una naci\u00f3n reside en los hombres y<br>mujeres que la forman. Cada individuo tiene el potencial de<br>contribuir a mejorarla y es a trav\u00e9s de la participaci\u00f3n y el<br>compromiso c\u00edvico que se pueden lograr transformaciones reales.<br>Hoy es el d\u00eda en que recordamos a algunos de los grandes nombres,<br>como el de Gregorio Luper\u00f3n, Pedro Antonio Pimentel, Jos\u00e9<br>Contreras, Gaspar Polanco, Santiago Rodr\u00edguez y muchos otros.<br>Hombres que lo dieron todo por la restauraci\u00f3n de nuestra<br>independencia. Pero sobre todo hoy es el d\u00eda de recordar al m\u00e1s<br>importante h\u00e9roe de nuestra historia, el gran restaurador: el<br>pueblo dominicano.<br>Por \u00e9l estamos aqu\u00ed y por \u00e9l debemos dar lo mejor de nosotros<br>mismos.<br>El verdadero triunfo de un gobierno no se alcanza cuando se<br>consigue el poder, sino cuando este poder se utiliza para servir al<br>pueblo y para solucionar los problemas reales de la gente.<br>5<br>El proyecto de naci\u00f3n que encabezo y que en estos cuatro a\u00f1os<br>continuaremos profundizando, tiene un car\u00e1cter abierto e<br>integrador y cuenta con la participaci\u00f3n de todos para alcanzar un<br>futuro de prosperidad, libertades y justicia social para el pueblo<br>dominicano.<br>Este gobierno es el resultado de una vocaci\u00f3n democr\u00e1tica, que<br>desde sus inicios viene luchando decididamente por el buen uso de<br>los fondos p\u00fablicos y que es incompatible con la corrupci\u00f3n. Quiero<br>subrayar que vamos a profundizar nuestras acciones de prevenci\u00f3n<br>de la corrupci\u00f3n y por la transparencia para seguir protegiendo el<br>dinero del pueblo.<br>Hace cuatro a\u00f1os, nos propusimos gobernar desde el di\u00e1logo,<br>abiertos a todos y promoviendo la independencia y la autonom\u00eda<br>de los distintos poderes del Estado.<br>El respeto al Estado de derecho fue uno de los m\u00e1s firmes<br>compromisos que adquir\u00ed con los dominicanos cuando en 2020<br>tom\u00e9 posesi\u00f3n como presidente. Les di mi palabra y he cumplido<br>con ella.<br>Se\u00f1oras y se\u00f1ores,<br>Rep\u00fablica Dominicana ha alcanzado un papel importante entre los<br>pa\u00edses de la regi\u00f3n, gracias, entre otras cosas, a la estabilidad y la<br>buena salud de la que goza nuestra democracia, as\u00ed como al<br>dinamismo econ\u00f3mico y las grandes oportunidades que aqu\u00ed<br>existen para las empresas y la inversi\u00f3n.<br>Desde nuestra llegada al Gobierno, comenzamos a trabajar para<br>lograr las transformaciones que necesitaba el pa\u00eds, a la vez que<br>abord\u00e1bamos las muchas dificultades que se nos han presentado<br>en forma de crisis.<br>Siempre lo he dicho; lo urgente no nos ha impedido hacer lo<br>importante.<br>6<br>La determinaci\u00f3n del Gobierno dominicano de no dejar a nadie<br>atr\u00e1s se ha mostrado en todas las acciones que hemos desplegado,<br>con el fin de proteger las fuentes generadoras de empleos y crear<br>m\u00e1s oportunidades para nuestros ciudadanos.<br>El crecimiento econ\u00f3mico que experimenta Rep\u00fablica Dominicana<br>ha alcanzado n\u00fameros envidiables, como los registrados en los<br>a\u00f1os 2021, 2022 y 2023 cuando el Producto Interno Bruto tuvo un<br>notable aumento promedio del 6.5 % anual, muy por encima de la<br>media de la regi\u00f3n. Y las previsiones de los organismos<br>internacionales como el Fondo Monetario Internacional sit\u00faan<br>nuestro crecimiento para este a\u00f1o en el 5.4 %, muy superior al 1.9<br>% proyectado para este 2024 en la regi\u00f3n.<br>Somos uno de los pa\u00edses con mayor estabilidad econ\u00f3mica y con<br>una de las tasas de inflaci\u00f3n m\u00e1s bajas de Latinoam\u00e9rica. Rep\u00fablica<br>Dominicana logr\u00f3 situarse en mayo de 2023 por debajo del rango<br>meta del 4 %, siendo uno de los primeros pa\u00edses en alcanzar ese<br>objetivo; hemos cerrado el a\u00f1o con un 3.57 % y seguimos<br>trabajando para mitigar los efectos de la inflaci\u00f3n mundial.<br>Nuestro gobierno ha generado un excelente clima de confianza,<br>que ha permitido atraer la inversi\u00f3n privada al pa\u00eds en las cifras m\u00e1s<br>altas de la historia. Esto se evidencia mirando el componente de<br>inversi\u00f3n del PIB, que ha pasado de un promedio del 25 % en el<br>periodo 2007 al 2020, al 32 % desde 2021 a 2023.<br>La inversi\u00f3n extranjera directa se sit\u00faa en m\u00e1s de 4,390 millones de<br>d\u00f3lares al cierre de 2023, rompiendo el r\u00e9cord que ya hab\u00edamos<br>alcanzado el a\u00f1o anterior y que contrasta con los datos de la CEPAL<br>que indican que, en la regi\u00f3n, esa inversi\u00f3n cay\u00f3 cerca del 10 %<br>para el mismo periodo.<br>En 2023, por primera vez llegaron a Rep\u00fablica Dominicana m\u00e1s de<br>10 millones de visitantes en un a\u00f1o, lo que no solo confirma que<br>superamos la pandemia con \u00e9xito, sino que demuestra que nuestra<br>estrategia de r\u00e1pida apertura y reformas ha permitido que<br>superemos las aspiraciones que exist\u00edan antes del COVID. Este a\u00f1o<br>7<br>2024, les anticipo que sobrepasaremos los 11 millones y medio de<br>visitantes, lo que nos consolida como el segundo pa\u00eds m\u00e1s visitado<br>de Latinoam\u00e9rica.<br>La fortaleza del turismo y otros sectores nos permiti\u00f3 cerrar 2023<br>con el nivel de reservas internacionales de divisas m\u00e1s alto de la<br>historia con 15,457 millones de d\u00f3lares.<br>Todos estos indicadores nos consolidan como la s\u00e9ptima econom\u00eda<br>de Am\u00e9rica Latina y nos est\u00e1n llevando a convertirnos en un hub<br>log\u00edstico de clase mundial, aprovechando adem\u00e1s nuestra posici\u00f3n<br>geogr\u00e1fica privilegiada en el Caribe, un punto estrat\u00e9gico del<br>comercio mundial.<br>Este hub lo seguimos consolidando con una fuerte inversi\u00f3n en<br>infraestructuras que est\u00e1n conectando mejor todo el pa\u00eds y<br>aumentando nuestras capacidades log\u00edsticas.<br>En los pasados cuatro a\u00f1os hemos construido dos nuevos puertos<br>tur\u00edsticos y otros tres se encuentran en construcci\u00f3n con alianzas<br>p\u00fablico-privadas. Adem\u00e1s, ya est\u00e1 en fase de ejecuci\u00f3n un nuevo<br>gran muelle log\u00edstico multimodal en Manzanillo, en el norte del<br>pa\u00eds, y a esto debemos agregar los m\u00e1s de 15 muelles pesqueros<br>que construimos en diferentes puntos de la geograf\u00eda nacional.<br>Hemos reformado y conectado zonas antes olvidadas, y hemos<br>apostado por el transporte masivo con la construcci\u00f3n de grandes<br>infraestructuras como el monorriel de Santiago, los telef\u00e9ricos de<br>Santiago y los Alcarrizos y la extensi\u00f3n del metro de Santo<br>Domingo.<br>En los pasados cuatro a\u00f1os el aeropuerto de Punta Cana ha<br>duplicado sus instalaciones, y el pr\u00f3ximo a\u00f1o se iniciar\u00e1 la<br>construcci\u00f3n de la terminal 2 del aeropuerto de Santo Domingo.<br>Este a\u00f1o 2024 se iniciaron las construcciones de una nueva<br>terminal en el aeropuerto de Santiago y el nuevo aeropuerto<br>internacional de Pedernales.<br>8<br>En t\u00e9rminos log\u00edsticos estamos en franca expansi\u00f3n. Nunca hemos<br>estado mejor conectados tanto dentro del pa\u00eds como con el resto<br>del mundo.<br>Nuestras zonas francas constituyen otro de los motores de<br>crecimiento econ\u00f3mico de nuestro pa\u00eds, aportando casi 200,000<br>puestos de trabajo y aproximadamente 8,000 millones de d\u00f3lares<br>en exportaciones en el a\u00f1o 2023. Esto supone un 28 % m\u00e1s de<br>exportaciones y un 12.4 % m\u00e1s de empleos respecto a 2019.<br>No solo exportamos m\u00e1s, sino que tambi\u00e9n exportamos mejores<br>bienes de alta tecnolog\u00eda, como dispositivos m\u00e9dicos, equipos<br>electr\u00f3nicos, y otros componentes de alto valor agregado.<br>Esto nos permite tambi\u00e9n tener mejores empleos, m\u00e1s cualificados<br>y mejor remunerados, y nos posibilita seguir en nuestra apuesta<br>para que en los pr\u00f3ximos a\u00f1os nuestro pa\u00eds sea de los pocos<br>candidatos mundiales que califiquen para el ensamblaje de<br>semiconductores. Tenemos la formaci\u00f3n, tenemos la red de<br>contactos y aliados y tenemos un ecosistema favorable para<br>conseguirlo.<br>Pero estas cifras econ\u00f3micas no ser\u00edan por s\u00ed solas importantes si<br>no tuvieran un claro reflejo en la vida de la gente. Tenemos<br>fortaleza econ\u00f3mica avalada por todos estos indicadores, pero<br>tambi\u00e9n tenemos una gran fortaleza social.<br>La pobreza monetaria disminuy\u00f3 del 25.8 % en 2019 al 23 % en<br>2023, y eso a pesar de la pandemia y de los efectos de la guerra. Y,<br>mejor a\u00fan, en este primer semestre de 2024 descendi\u00f3 al 18.9 %,<br>El nivel m\u00e1s bajo de toda nuestra historia.<br>Estos resultados son consecuencia, por un lado, de una pol\u00edtica<br>econ\u00f3mica efectiva que ha generado confianza para las inversiones<br>y ha creado empleo y oportunidades y, por otro, del<br>fortalecimiento de los programas sociales del gobierno, como el<br>programa S\u00daP\u00c9RATE que hemos redise\u00f1ado, a\u00f1adiendo el Bono de<br>Emergencia, duplicando el monto de la ayuda alimentaria y<br>9<br>aumentando los subsidios de gas y electricidad, lo que ha<br>beneficiado a un mill\u00f3n y medio de hogares.<br>En estos 4 a\u00f1os de gobierno hemos m\u00e1s que duplicado el gasto en<br>protecci\u00f3n social y hemos actuado en otros \u00e1mbitos, como la<br>construcci\u00f3n de vivienda a sectores vulnerables o la canalizaci\u00f3n de<br>agua potable para mejorar los est\u00e1ndares de vida de los<br>dominicanos.<br>En t\u00e9rminos de alimentaci\u00f3n, la Rep\u00fablica Dominicana, seg\u00fan los<br>datos de la Organizaci\u00f3n de las Naciones Unidas para la<br>Alimentaci\u00f3n y la Agricultura &#8211; FAO, ha logrado disminuir el<br>porcentaje de poblaci\u00f3n subalimentada del 8.3 % en el periodo<br>2018-2020 al 4.6 % en el periodo 2021-2023, es decir, en ese<br>tiempo hemos reducido la subalimentaci\u00f3n en un 45 <br>Y en lo que respecta al empleo, en nuestro pa\u00eds tenemos hoy un<br>r\u00e9cord de trabajadores activos en el mercado laboral, y el<br>desempleo se ha reducido durante los \u00faltimos tres a\u00f1os hasta<br>situarse actualmente en el 5 %. Adem\u00e1s, el salario m\u00ednimo<br>promedio ha crecido un 14 % por encima de la inflaci\u00f3n, mejorando<br>as\u00ed el poder de compra de los trabajadores dominicanos.<br>No es casualidad, por tanto, que la Rep\u00fablica Dominicana se<br>encuentre hoy en la categor\u00eda de Desarrollo Humano Alto en el<br>\u00edndice de Naciones Unidas, y que en los \u00faltimos a\u00f1os seamos de los<br>pocos pa\u00edses en el mundo que han escalado posiciones. En el 2023,<br>el PIB per c\u00e1pita de la Rep\u00fablica Dominicana alcanz\u00f3 en 11,200<br>d\u00f3lares, consolid\u00e1ndonos como una econom\u00eda de ingresos medios.<br>No existe una f\u00f3rmula m\u00e1gica del \u00e9xito, pero s\u00ed tenemos una receta<br>simple para conseguirlo: por un lado, promover y apoyar la<br>inversi\u00f3n privada que crea empleos y crecimiento econ\u00f3mico y, por<br>el otro, un gobierno que fortalece la institucionalidad, la<br>honestidad y la eficiencia en el uso de los fondos p\u00fablicos con una<br>gran inversi\u00f3n social.<br>Se\u00f1ores y se\u00f1oras,<br>Es mucho lo logrado en estos \u00faltimos 4 a\u00f1os de modernizaci\u00f3n y<br>avances de nuestro pa\u00eds, pero estamos solo ante el inicio del<br>ambicioso plan de reformas que seguir\u00e1n cambiando esta naci\u00f3n.<br>Como manifest\u00e9 al principio de mi intervenci\u00f3n, si hoy estoy aqu\u00ed<br>es fruto de la decisi\u00f3n libre y democr\u00e1tica del pueblo dominicano.<br>Un pueblo que cree en la democracia, donde todos somos<br>importantes, pero en el que nadie es imprescindible ni est\u00e1 por<br>encima de la Constituci\u00f3n y nuestras leyes.<br>No creemos en los personalismos caudillistas, ni en l\u00edderes<br>mesi\u00e1nicos que quieran tener en sus manos el destino de un pa\u00eds.<br>El futuro de los dominicanos es solo nuestro y lo decidimos entre<br>todos.<br>En democracia, siempre lo he dicho, el cargo p\u00fablico m\u00e1s<br>importante es el de ciudadano, que es quien tiene el poder<br>compartido de elegir el futuro.<br>Cada generaci\u00f3n tiene su derecho de elegir y ser elegida. Por eso<br>creo que no hay mayor acto que un gobernante pueda hacer para<br>fortalecer la democracia, que autolimitarse en el ejercicio del<br>poder.<br>Si bien nuestro pa\u00eds ha disfrutado de estabilidad pol\u00edtica reciente,<br>no es menos cierto que los aprestos de reformas constitucionales,<br>con el \u00fanico inter\u00e9s de la reelecci\u00f3n del gobernante de turno, han<br>puesto en muchas ocasiones en riesgo la paz y amenazado nuestra<br>estabilidad econ\u00f3mica, pol\u00edtica y social.<br>En las pasadas elecciones, nuestro partido, el PRM, obtuvo la<br>mayor\u00eda congresual m\u00e1s amplia de la historia de nuestra<br>democracia, con un 77 % de los diputados y un 90 % de senadores.<br>Mayor\u00edas de sobra cualificadas para emprender cualquier reforma<br>y en cualquier sentido, pero les aseguro que, haciendo honor a<br>nuestro compromiso y siendo fieles a nuestras convicciones, solo<br>usaremos esa mayor\u00eda en beneficio del pa\u00eds y de la democracia.<br>Por eso, el pr\u00f3ximo lunes 19, estar\u00e9 presentando al Poder<br>Legislativo el anteproyecto de Ley que convoca la Asamblea<br>Revisora, para introducir en nuestra Constituci\u00f3n el blindaje que<br>imposibilite que ning\u00fan gobernante en el presente ni en el futuro<br>pueda eternizarse en el poder m\u00e1s all\u00e1 de los dos periodos que hoy<br>contempla nuestra Constituci\u00f3n.<br>Utilizaremos la m\u00e1s amplia mayor\u00eda congresual obtenida hasta<br>ahora, no para servirnos de ella, sino para servir a la democracia y<br>al pueblo dominicano. As\u00ed entiendo yo el ejercicio del poder y mi<br>obligaci\u00f3n con \u00e9l.<br>Se\u00f1oras y se\u00f1ores,<br>La reelecci\u00f3n indefinida ha sido una causa de inestabilidad pol\u00edtica<br>que ha afectado a la democracia y al desarrollo, no s\u00f3lo en nuestro<br>pa\u00eds, sino en toda Am\u00e9rica Latina y en otros lugares del mundo. Por<br>eso, esta reforma ser\u00e1 la primera de todas las que introduciremos,<br>porque es necesaria, para garantizar la estabilidad pol\u00edtica,<br>econ\u00f3mica y social para alcanzar el pleno desarrollo.<br>Con mucha satisfacci\u00f3n podemos asegurar, que de ocupar los<br>peores lugares, la Rep\u00fablica Dominicana ha pasado a estar entre<br>los pa\u00edses de la regi\u00f3n mejor evaluados por los organismos<br>internacionales en cuanto a la lucha contra la corrupci\u00f3n y el<br>clientelismo y a estar entre los primeros en transparencia,<br>legitimidad del Estado e independencia de la justicia, adem\u00e1s de<br>convertirnos, seg\u00fan el \u00faltimo \u00edndice de Chapultepec, en el primer<br>pa\u00eds del continente en respeto a la libertad de expresi\u00f3n y libertad<br>de prensa.<br>Justamente las reformas que estamos emprendiendo en este<br>periodo de gobierno est\u00e1n dirigidas a profundizar en la calidad de<br>nuestra democracia haciendo nuestras instituciones m\u00e1s eficientes<br>y austeras y garantizando la independencia y la separaci\u00f3n de<br>poderes.<br>12<br>Por eso, tambi\u00e9n consagraremos en la Constituci\u00f3n un mecanismo<br>de elecci\u00f3n del Ministerio P\u00fablico independiente, que lo consolide<br>como una instituci\u00f3n que ejerza sus funciones sin injerencias<br>pol\u00edticas y con imparcialidad, para luchar contra la impunidad que<br>nos ha debilitado como democracia en el pasado. La independencia<br>del Ministerio P\u00fablico que impusimos por convicci\u00f3n propia estos<br>\u00faltimos a\u00f1os ahora ser\u00e1 una obligaci\u00f3n constitucional.<br>Queremos m\u00e1s democracia, m\u00e1s institucionalidad y mejor<br>representatividad. Y en todo ello vamos a seguir trabajando.<br>Se\u00f1oras y se\u00f1ores,<br>Este ser\u00e1 un periodo de transformaciones que seguir\u00e1n cambiando<br>la Rep\u00fablica Dominicana. A la reforma constitucional seguir\u00e1n otras<br>reformas de gran trascendencia, encaminadas a fomentar el<br>bienestar de nuestros ciudadanos y a sentar las bases de un<br>desarrollo sostenible para nuestro pa\u00eds.<br>Impulsaremos una reforma laboral con el objetivo de actualizar el<br>marco regulatorio del trabajo, fortaleciendo la protecci\u00f3n social,<br>adaptando la legislaci\u00f3n a las nuevas realidades del mercado<br>laboral y promoviendo la creaci\u00f3n de empleos de calidad con<br>salarios dignos.<br>Esta propuesta, que surge del di\u00e1logo social tripartito desde hace<br>m\u00e1s de dos a\u00f1os, contendr\u00e1 la eliminaci\u00f3n de trabas para que<br>trabajadores y empleadores disfruten de sus derechos, mejorando<br>la competitividad. Adem\u00e1s, reducir\u00e1 la sobrejudicializaci\u00f3n de las<br>relaciones laborales y evitar\u00e1 conflictos perjudiciales para ambas<br>partes.<br>Tambi\u00e9n incluir\u00e1 el reconocimiento de los derechos de las<br>trabajadoras del hogar, en cumplimiento de nuestro compromiso<br>con los cientos de miles de mujeres que hacen esa labor, y el<br>reconocimiento del teletrabajo como una de las realidades de la<br>nueva econom\u00eda.<br>13<br>Esta reforma facilitar\u00e1 la creaci\u00f3n de m\u00e1s empleos y de mejor<br>calidad, lo cual no solo fortalecer\u00e1 nuestro crecimiento econ\u00f3mico,<br>sino que tambi\u00e9n garantizar\u00e1 que todos los trabajadores y<br>trabajadoras compartan ese crecimiento.<br>En este periodo tambi\u00e9n presentaremos una propuesta de<br>Reforma Fiscal centrada en tres objetivos b\u00e1sicos: garantizar unas<br>finanzas p\u00fablicas sanas, reducir la deuda y asegurar los recursos<br>para mejorar nuestros servicios de salud, seguridad, as\u00ed como las<br>infraestructuras fundamentales para nuestro desarrollo.<br>Esta reforma fiscal incluir\u00e1 una reforma del gasto p\u00fablico y una<br>reforma tributaria.<br>Durante los pasados 4 a\u00f1os hemos eliminado sustancialmente el<br>gasto innecesario del gobierno y hemos destinado estos ahorros a<br>atender las prioridades de los sectores m\u00e1s vulnerables de nuestra<br>naci\u00f3n. Sin embargo, a\u00fan nos queda mucho por hacer en este<br>\u00e1mbito para lograr un Estado y un gobierno m\u00e1s eficiente y por ello<br>reestructuraremos su organizaci\u00f3n mediante la fusi\u00f3n o<br>eliminaci\u00f3n de instituciones innecesarias, y la implementaci\u00f3n de<br>medidas de contenci\u00f3n del gasto, con el fin de mejorar la eficiencia<br>administrativa y asegurar el uso responsable de los recursos<br>p\u00fablicos.<br>La reforma tributaria garantizar\u00e1 la movilizaci\u00f3n de los recursos<br>que se requieren para la transformaci\u00f3n de nuestro pa\u00eds y para<br>poder materializar proyectos tan importantes como el telef\u00e9rico y<br>el tranv\u00eda de Santo Domingo, el monorriel de Santiago o el tren<br>metropolitano que conectar\u00e1 el centro de la capital con el<br>Aeropuerto Internacional de las Am\u00e9ricas y 30 \u00e1reas urbanas m\u00e1s.<br>Nuevos acueductos y sistemas de drenaje para el Gran Santo<br>Domingo y otras ciudades importantes.<br>Otra parte de los recursos de esta reforma ser\u00e1 destinada a<br>aumentar las asignaciones presupuestarias de nuestro<br>ayuntamientos, para que puedan mejorar los trabajos de recogida<br>de basura y ejecutar las obras demandadas por sus mun\u00edcipes.<br>Con los fondos derivados de la reforma, mejoraremos adem\u00e1s<br>nuestro sistema de seguridad social, con la implementaci\u00f3n de la<br>atenci\u00f3n primaria en el r\u00e9gimen subsidiario, de forma gradual pero<br>acelerada.<br>Y dedicaremos tambi\u00e9n parte de los recursos que vamos a obtener,<br>a aumentar la seguridad de los dominicanos.<br>Nuestra lucha contra la delincuencia ha sido clara en estos 4 a\u00f1os<br>y vamos a seguir trabajando en esa direcci\u00f3n.<br>En el a\u00f1o 2022 la tasa de homicidios en nuestro pa\u00eds fue de 13.2<br>por cada 100,000 habitantes; en 2023 baj\u00f3 a 11.5 y en el<br>acumulado en lo que llevamos de 2024 se sit\u00faa en 9.9.<br>Esta tasa est\u00e1 por debajo del promedio de Latinoam\u00e9rica y el<br>Caribe, que asciende a 17.2 seg\u00fan los datos de Naciones Unidas, o<br>de InSight Crime, que muestra que nuestro pa\u00eds registr\u00f3 el segundo<br>\u00edndice de homicidios m\u00e1s bajo de todo el Caribe el a\u00f1o pasado. No<br>obstante, todav\u00eda la consideramos alta y seguiremos trabajando<br>para disminuirla.<br>Para hacer del nuestro un pa\u00eds m\u00e1s seguro, necesitamos una Polic\u00eda<br>que proteja, que d\u00e9 ejemplo y que est\u00e9 al servicio de los<br>ciudadanos actuando siempre con absoluto respeto a la ley.<br>La transformaci\u00f3n de nuestra polic\u00eda, que ya ha comenzado y que<br>es uno de nuestros principales objetivos para los pr\u00f3ximos cuatro<br>a\u00f1os, busca no solo mejorar la capacitaci\u00f3n de nuestros agentes, y<br>dignificar su trabajo y sus condiciones, sino tambi\u00e9n fortalecer los<br>lazos de confianza entre la ciudadan\u00eda y la instituci\u00f3n encargada de<br>velar por nuestra seguridad.<br>Para trabajar en su formaci\u00f3n, dimos apertura a la Escuela de<br>Entrenamiento Policial campus Gaspar Hern\u00e1ndez, con capacida<br>para preparar 4,000 agentes al a\u00f1o. Esta nueva escuela es la mejor<br>en la historia de nuestra Polic\u00eda.<br>M\u00e1s de 3,000 polic\u00edas en todo el pa\u00eds ya han sido capacitados en<br>cursos de Derechos Humanos y Convivencia Ciudadana en 13<br>universidades, desde la puesta en marcha de nuestro plan de<br>transformaci\u00f3n, y en estos pr\u00f3ximos 4 a\u00f1os conseguiremos<br>capacitar a 20,000 polic\u00edas m\u00e1s.<br>Adem\u00e1s, de acuerdo con nuestro compromiso de dignificar las<br>condiciones laborales de nuestros polic\u00edas, en el a\u00f1o 2023 se<br>aplicaron subidas en todos los escalafones del cuerpo y<br>conseguimos cumplir con el objetivo salarial que nos hab\u00edamos<br>marcado aqu\u00ed hace cuatro a\u00f1os. En este periodo, por ejemplo,<br>hemos aumentado un 126 % el salario de un cabo y un 142 % el de<br>un raso de la polic\u00eda.<br>Pero la transformaci\u00f3n de nuestra polic\u00eda es solo una parte en<br>nuestra b\u00fasqueda de un pa\u00eds m\u00e1s seguro y por ello seguiremos<br>trabajando, no solo en la persecuci\u00f3n del delito, sino en la creaci\u00f3n<br>de oportunidades para nuestros j\u00f3venes, y en el fomento de una<br>cultura de paz, para lo cual nuestra arma m\u00e1s poderosa, como la<br>de cualquier sociedad, es siempre la educaci\u00f3n.<br>Este gobierno ha hecho una apuesta por la mejora de nuestro<br>sistema educativo, que ya est\u00e1 dando frutos, y que vamos a<br>continuar.<br>En los \u00faltimos cuatro a\u00f1os hemos adicionado nuevos planteles<br>escolares que permiten atender, de manera digna y segura, a un<br>total de 65,000 estudiantes m\u00e1s en Jornada Escolar Extendida y<br>hemos remozado m\u00e1s de 6,400 planteles p\u00fablicos con una<br>inversi\u00f3n de m\u00e1s de 11,800 millones de pesos.<br>Pero nuestro mayor logro ha sido el avance en la educaci\u00f3n inicial,<br>de 3 a 5 a\u00f1os. A nuestra llegada al gobierno la tasa de cobertura<br>para este nivel era de un 36% y tres a\u00f1os despu\u00e9s, conseguimos<br>pasar al 64%, con la incorporaci\u00f3n miles de ni\u00f1os y ni\u00f1as de las<br>familias m\u00e1s humildes de nuestro pa\u00eds.<br>En estos pr\u00f3ximos cuatro a\u00f1os haremos un especial esfuerzo en la<br>formaci\u00f3n de nuestros docentes, que son la base de un buen<br>sistema educativo.<br>Necesitamos educadores que no solo conozcan la materia que<br>ense\u00f1an, sino que tambi\u00e9n dominen las metodolog\u00edas m\u00e1s<br>efectivas para transmitir ese conocimiento y conectar con cada uno<br>de sus estudiantes.<br>Un maestro preparado es un maestro transformador que tiene el<br>poder de sembrar en cada ni\u00f1o la semilla del pensamiento cr\u00edtico,<br>la creatividad y la empat\u00eda.<br>Tenemos que apostar por un nuevo modelo de excelencia en la<br>formaci\u00f3n y elecci\u00f3n de nuestros maestros. La revoluci\u00f3n m\u00e1s<br>importante y los cambios m\u00e1s grandes que veremos en el futuro se<br>dar\u00e1n en las aulas de todo el mundo, y a nuestro pa\u00eds tambi\u00e9n<br>llegar\u00e1 esa revoluci\u00f3n. No llegaremos tarde, esta vez debemos<br>estar entre los primeros.<br>Por eso vamos a seguir mejorando las condiciones de nuestros<br>estudiantes, aumentando la dotaci\u00f3n de libros de texto y otros<br>recursos de aprendizaje, con la entrega de 12 millones de textos<br>este a\u00f1o y ya hemos conectado al 72 % de nuestras escuelas y liceos<br>p\u00fablicos a internet de banda ancha para facilitar la educaci\u00f3n<br>h\u00edbrida, con 15,000 docentes ya formados en el uso de estas<br>tecnolog\u00edas.<br>Adem\u00e1s, seguiremos promoviendo el enfoque STEAM para que<br>nuestros alumnos est\u00e9n mejor formados en ciencia, matem\u00e1ticas,<br>tecnolog\u00eda y artes, y fomentaremos su participaci\u00f3n en<br>competencias nacionales e internacionales.<br>El gobierno ha hecho en los pasados cuatro a\u00f1os un esfuerzo muy<br>grande para garantizar la movilidad de nuestros estudiantes, con l<br>puesta en marcha del Sistema de Transporte Escolar, TRAE, que ya<br>traslada de forma segura a la mitad de los escolares dominicanos<br>entre sus casas y las escuelas. A finales de este a\u00f1o 2024, este<br>sistema llegar\u00e1 a la totalidad de nuestra poblaci\u00f3n escolar.<br>Nuestro pa\u00eds se encuentra ya en el camino correcto para la mejora<br>de nuestra educaci\u00f3n, como muestran nuestros avances en los<br>indicadores del informe PISA, en cuya \u00faltima prueba, de 2022, ya<br>obtuvimos un aumento en promedio de 16 puntos en relaci\u00f3n con<br>la medici\u00f3n de 2018, siendo la primera vez que mejoramos.<br>De 81 pa\u00edses participantes, solo 11 experimentaron mejoras en<br>comparaci\u00f3n consigo mismos en el ciclo 2018-2022 y, de estos,<br>\u00fanicamente dos pertenecen a Am\u00e9rica Latina: Rep\u00fablica<br>Dominicana y Panam\u00e1.<br>En este sentido, reafirmo nuestro compromiso de seguir<br>invirtiendo en la educaci\u00f3n en todos los niveles, inicial, superior y<br>t\u00e9cnica. Esta \u00faltima, la t\u00e9cnica, ha vivido un extraordinario avance<br>en los \u00faltimos cuatro a\u00f1os, en los que hemos pasado de las solo 7<br>escuelas del Instituto de Formaci\u00f3n T\u00e9cnica Profesional (INFOTEP)<br>que exist\u00edan en 2020 a las 51 que tenemos actualmente.<br>Estamos garantizando que cada regi\u00f3n de nuestro pa\u00eds, sin<br>importar su ubicaci\u00f3n geogr\u00e1fica o su condici\u00f3n socioecon\u00f3mica,<br>disponga de las herramientas para que nuestros ciudadanos<br>puedan seguir aprendiendo, creciendo y prosperando.<br>Y de esta misma forma es como hemos actuado tambi\u00e9n en un<br>terreno tan sensible e importante para todos como es la salud.<br>En los \u00faltimos cuatro a\u00f1os logramos incorporar al seguro p\u00fablico<br>de salud a 2,400,000 dominicanos que no lo ten\u00edan, alcanzando un<br>97.3 % de poblaci\u00f3n que ya cuenta con cobertura. Hoy tenemos el<br>mayor presupuesto de salud de nuestra historia y pr\u00e1cticamente<br>todos los dominicanos cuentan con un seguro familiar de salud.<br>Este gobierno ha inaugurado 54 hospitales, algunos nuevos, otros<br>reconstruidos, ampliados y equipados, y 583 centros de atenci\u00f3n<br>primaria, tanto remozados como de nueva construcci\u00f3n.<br>Y el pr\u00f3ximo a\u00f1o 2025 entregaremos 3 nuevos hospitales<br>traumatol\u00f3gicos de tercer nivel ubicados en Azua, Sos\u00faa e Hig\u00fcey,<br>adem\u00e1s de una unidad de Trauma con m\u00e1s de 60 camas en el<br>Hospital San Vicente de Pa\u00fal en San Francisco de Macor\u00eds y<br>adicionaremos a esta red el Hospital Traumatol\u00f3gico de San<br>Crist\u00f3bal, cuyos trabajos quedaron iniciados en julio pasado. Con<br>todas estas unidades garantizaremos una nueva red de trauma que<br>cubra todo el territorio nacional.<br>Y como parte de las pol\u00edticas de m\u00e1s salud, m\u00e1s calidad de vida,<br>estamos implementando gradualmente en todo el territorio<br>nacional el programa HEART, que facilitar\u00e1 medicamentos de<br>hipertensi\u00f3n y de diabetes gratuitos para la poblaci\u00f3n mayor de 45<br>a\u00f1os.<br>Garant\u00eda de salud para todos, de calidad y en todos los rincones del<br>pa\u00eds. En eso hemos trabajado y en esa direcci\u00f3n continuaremos.<br>Se\u00f1oras y se\u00f1ores,<br>Como ven, todas las iniciativas que queremos desarrollar en estos<br>pr\u00f3ximos a\u00f1os buscan seguir mejorando la vida de los<br>dominicanos, y con esa misma ambici\u00f3n vamos a presentar la<br>propuesta de reforma de nuestro Sistema de Seguridad Social.<br>Hace 23 a\u00f1os que nuestro pa\u00eds adopt\u00f3 este importante sistema de<br>protecci\u00f3n social dando un paso valiente en la direcci\u00f3n correcta.<br>Antes de eso, menos del 15 % de los dominicanos se beneficiaba de<br>alg\u00fan tipo de pensi\u00f3n, y menos del 20 % disfrutaba de un seguro<br>de salud y riesgos laborales. Hoy, pr\u00e1cticamente toda la poblaci\u00f3n<br>dominicana cuenta con el resguardo del seguro familiar de salud, y<br>toda la poblaci\u00f3n laboralmente activa en la formalidad cuenta con<br>derechos previsionales medibles<br>Sin embargo, ese valiente paso dado hace dos d\u00e9cadas ha esperado<br>que los gobiernos sucesivos lo mejoren con base en la experiencia.<br>Nuestro gobierno, luego de di\u00e1logos constantes, presentar\u00e1 en<br>este a\u00f1o 2024 la propuesta de reforma del sistema de seguridad<br>social, que estar\u00e1 encaminada a fortalecerlo y a proporcionar<br>certeza, garant\u00eda y calidad de atenci\u00f3n y beneficios a los<br>dominicanos y dominicanas.<br>En materia de salud, proponemos ampliar la cobertura de atenci\u00f3n<br>para que m\u00e1s dolencias puedan ser cubiertas, reduciendo o<br>eliminando el gasto de bolsillo de la poblaci\u00f3n. Tambi\u00e9n<br>proponemos la cobertura de seguro de salud a los pensionados,<br>quienes m\u00e1s lo necesitan.<br>En materia de pensiones, estamos comprometidos con una<br>reforma que fortalezca, mejore y de tranquilidad a nuestra<br>poblaci\u00f3n para que cuente con la garant\u00eda universal de pensiones<br>dignas.<br>Se\u00f1oras y se\u00f1ores,<br>Nuestro pa\u00eds tiene las condiciones \u00f3ptimas y la agenda de reformas<br>necesaria para poder duplicar su econom\u00eda en los pr\u00f3ximos doce<br>a\u00f1os.<br>Nuestra Meta RD 2036, de alcanzar el desarrollo pleno, no busca<br>solo crecer, algo que hemos hecho bien en los \u00faltimos a\u00f1os, sino<br>hacerlo de una manera que beneficie a m\u00e1s gente, genere empleos<br>de m\u00e1s calidad y nos permita mejores servicios p\u00fablicos.<br>Acelerar el crecimiento promedio anual del PIB al 6 %, que es la<br>tasa necesaria para que se duplique en 12 a\u00f1os, requiere un<br>conjunto de transformaciones importantes que estamos decididos<br>a realizar. Una de ellas es la del sector el\u00e9ctrico, que debemos hacer<br>m\u00e1s eficiente, confiable y competitivo.<br>Durante los pasados cuatro a\u00f1os se han emprendido grandes<br>transformaciones en los tres componentes del sector: generaci\u00f3n,<br>transmisi\u00f3n y distribuci\u00f3n, y se han hecho avances importantes en<br>las regulaciones el\u00e9ctricas.<br>En los pasados 4 a\u00f1os, mediante procesos competitivos se ha<br>adjudicado e iniciado la construcci\u00f3n de 2,000 nuevos megavatios<br>de generaci\u00f3n t\u00e9rmica, de los cuales 378 ya est\u00e1n en plena<br>producci\u00f3n y hemos contratado 1,504 MW de generaci\u00f3n<br>renovable, de los cuales ya tenemos 630 MW aportando al sistema.<br>Para finales del 2027 tendremos una holgura o excedente en<br>generaci\u00f3n de m\u00e1s de un 15 % por primera vez.<br>El tal\u00f3n de Aquiles del sistema el\u00e9ctrico dominicano lo siguen<br>siendo las distribuidoras. Ya est\u00e1 en marcha una transformaci\u00f3n<br>profunda que va a reducir las grandes p\u00e9rdidas debido a la energ\u00eda<br>servida y no cobrada.<br>Adem\u00e1s, en nuestra meta por el pleno desarrollo, el apoyo y<br>fortalecimiento del sector agropecuario seguir\u00e1 siendo una<br>prioridad para nuestro gobierno.<br>La pol\u00edtica agr\u00edcola que hemos ejecutado en este periodo ha sido<br>fundamental para garantizar la seguridad alimentaria de nuestro<br>pa\u00eds y mantener la rentabilidad de nuestros productores.<br>De acuerdo con el Departamento de Agricultura de los Estados<br>Unidos, por primera vez, en el presente a\u00f1o 2024, superaremos la<br>cifra de 1,800 millones de d\u00f3lares en exportaciones de bienes<br>agropecuarios a ese pa\u00eds, incluyendo la carne bovina, cuyo mercado<br>ha sido reabierto despu\u00e9s de llevar m\u00e1s de 20 a\u00f1os cerrado.<br>Sin embargo, estoy consciente de que el impacto de fen\u00f3menos<br>atmosf\u00e9ricos extremos en nuestra agricultura, producto del<br>Cambio Clim\u00e1tico, nos obliga a dedicar cada vez m\u00e1s recursos al<br>desarrollo de infraestructuras y tecnolog\u00edas que contribuyan a<br>fortalecer la resiliencia que ha demostrado tener nuestro sector<br>agr\u00edcola y elevar la eficiencia y productividad de los recursos que le<br>dedicamos.<br>El financiamiento ha sido una pieza clave de la pol\u00edtica agr\u00edcola que<br>hemos aplicado. El programa de cr\u00e9dito con tasas y condiciones<br>adaptadas a la agricultura ha permitido posicionar la agropecuaria<br>como una de las actividades econ\u00f3micas de gran atractivo para la<br>inversi\u00f3n y el desarrollo del pa\u00eds. En este nuevo periodo de<br>gobierno continuaremos fortaleciendo el cr\u00e9dito y canalizando los<br>recursos que se requieren para garantizar la rentabilidad y<br>sostenibilidad de nuestra agricultura.<br>Se\u00f1oras y se\u00f1ores,<br>Nuestro pa\u00eds est\u00e1, como ven, inmerso en un profundo cambio, pero<br>no es ajeno a lo que tambi\u00e9n est\u00e1 pasando en el mundo. Algunos<br>dicen que vivimos tiempos de sucesivas crisis, pero otros hablan ya<br>de un mundo en crisis.<br>La fragilidad de la armon\u00eda entre las distintas naciones ha quedado<br>evidenciada por cruentas guerras cuyas secuelas de sufrimiento y<br>destrucci\u00f3n perdurar\u00e1n por generaciones.<br>Nosotros, como uno de los pa\u00edses fundadores de las Naciones<br>Unidas, queremos sumar nuestra voz y nuestros esfuerzos para<br>lograr puentes de entendimiento entre todos los pueblos del<br>mundo. Por ello, aprovecho para expresar mi profundo<br>agradecimiento a los diferentes jefes de estado, jefes de gobierno<br>y misiones diplom\u00e1ticas que hoy nos acompa\u00f1an y les reitero el<br>compromiso de la Rep\u00fablica Dominicana con los valores de la paz,<br>la colaboraci\u00f3n y la convivencia.<br>Es ese compromiso el que me llev\u00f3 a visitar al Papa Francisco el<br>pasado mes de mayo y a participar en la Cumbre por la Paz en<br>Ucrania, celebrada el pasado junio en Suiza.<br>En nuestra Am\u00e9rica, una reconocida tierra de paz, despu\u00e9s de los<br>avances democr\u00e1ticos logrados en las \u00faltimas d\u00e9cadas, el<br>compromiso con la institucionalidad muestra hoy preocupantes<br>retrocesos.<br>El caso actual m\u00e1s evidente es la situaci\u00f3n en Venezuela, que, tras<br>el resultado anunciado de las elecciones del 28 de julio, sin la<br>debida transparencia que requiere un proceso electoral y sin<br>ning\u00fan sustento documental por parte de las autoridades, se<br>encuentra en una grav\u00edsima crisis, que nos lleva a exigir la<br>publicaci\u00f3n de todas las actas electorales, su verificaci\u00f3n por<br>instituciones imparciales y el respeto al resultado emanado de la<br>voluntad del pueblo venezolano.<br>Resultan altamente condenables los atropellos contra las<br>instituciones democr\u00e1ticas y el uso de la violencia pol\u00edtica que<br>estamos observando en Venezuela. Estas actuaciones autoritarias<br>son profundamente injustas y echan abajo las conquistas sociales y<br>pol\u00edticas logradas con el esfuerzo de generaciones.<br>Rep\u00fablica Dominicana estar\u00e1 siempre del lado de la democracia.<br>Donde sea, cuando sea y ante quien sea.<br>Y es desde esos principios que hemos seguido trabajando respecto<br>a la crisis pol\u00edtica y social que vive nuestro vecino pa\u00eds, Hait\u00ed. Tras<br>muchos a\u00f1os reclam\u00e1ndolo, celebramos que la comunidad<br>internacional se haya comprometido, enviando fuerzas para<br>garantizar la seguridad de Hait\u00ed y que se posibilite un escenario de<br>estabilidad futura que permita la celebraci\u00f3n de unas elecciones.<br>Sabemos que los problemas de Hait\u00ed se deben resolver all\u00ed con el<br>di\u00e1logo y la participaci\u00f3n de toda su sociedad.<br>Con la misma fuerza con la que reclamamos la intervenci\u00f3n de la<br>comunidad internacional en Hait\u00ed, queremos pedir ahora que no<br>vuelva a caer en el olvido. A Rep\u00fablica Dominicana no se le puede<br>pedir m\u00e1s. Ya hemos hecho demasiado.<br>Se\u00f1oras y se\u00f1ores,<br>Perm\u00edtanme una \u00faltima reflexi\u00f3n para terminar,<br>Este acto de juramentaci\u00f3n, adem\u00e1s de dar inicio formal a un<br>nuevo per\u00edodo de gobierno, debe cumplir un prop\u00f3sito m\u00e1s<br>trascendental: servir para reflexionar sobre los valores que<br>sustentan nuestra democracia y compartir los principios que<br>animan nuestro aporte a las futuras generaciones. Por eso, les pido<br>levantar la mirada de los problemas cotidianos para situarla sobre<br>el pa\u00eds que queremos construir: una Rep\u00fablica Dominicana con una<br>democracia fuerte y una econom\u00eda justa.<br>Desde la hist\u00f3rica proclamaci\u00f3n de nuestra independencia y la<br>restauraci\u00f3n que nos devolvi\u00f3 la soberan\u00eda, hemos aprendido que<br>la libertad no es un regalo, sino una conquista.<br>Hemos comprendido que el futuro no se nos otorga, se pelea y se<br>gana con el esfuerzo de cada uno de nosotros. Somos, y seremos<br>siempre, lo que queramos ser si estamos dispuestos a luchar por<br>ello.<br>El progreso y desarrollo de nuestro pa\u00eds no dependen \u00fanicamente<br>de quienes hoy tenemos el honor de ocupar posiciones de<br>liderazgo. Dependen, sobre todo, de la fuerza y el compromiso de<br>cada dominicano y dominicana.<br>En estos tiempos agitados en que muchas veces la emoci\u00f3n se<br>impone a la raz\u00f3n, yo quiero reafirmar mi compromiso en el<br>trabajo, en la persistencia, en escuchar, en la moderaci\u00f3n, en la<br>concertaci\u00f3n y en la convivencia.<br>S\u00e9 que la pol\u00edtica no es un fin en s\u00ed mismo, sino un medio para<br>alcanzar el bienestar colectivo. La buena pol\u00edtica significa ante todo<br>servir a los dem\u00e1s. Es el arte de hacer que cada ciudadano se sienta<br>valorado y pueda acceder a las oportunidades que necesita para<br>hacer realidad sus aspiraciones.<br>El pa\u00eds que queremos debemos construirlo entre todos. A la clase<br>pol\u00edtica hoy aqu\u00ed presente le pido que no sumemos m\u00e1s<br>desacuerdos a la calle ni m\u00e1s problemas a las familias. Aportemos<br>soluciones. Eso tambi\u00e9n es patriotismo.<br>24<br>Muy cerca veo el d\u00eda, en que todos los hijos de esta<br>tierra cantar\u00e1n estos versos de nuestra poetisa nacional Salom\u00e9<br>Ure\u00f1a:<br>\u201cVenciste, Patria, y tu preclaro nombre con destellos de luz graba<br>la historia\u201d<br>Nuestro pa\u00eds es dulce tierra de progreso, sobre \u00e9l estamos<br>construyendo el futuro que todos merecemos. Tierra que nuestros<br>padres nos legaron, tierra que nosotros conservamos, tierra de<br>orgullo y esperanza, tierra en la que sembraremos desarrollo,<br>justicia y paz.<br>S\u00ed, s\u00ed, se\u00f1ores, la Rep\u00fablica Dominicana ser\u00e1 una gran naci\u00f3n, y<br>todos viviremos esa realidad. Ese ser\u00e1 el d\u00eda en el que las alturas de<br>la Cordillera Central alumbrar\u00e1n desarrollo.<br>Alumbrar\u00e1n desarrollo las tierras v\u00edrgenes de Pedernales y nuestro<br>querido sur. Alumbrar\u00e1n desarrollo las lomas verdes de Saman\u00e1.<br>Alumbrar\u00e1n desarrollo las playas de La Altagracia y las costas de<br>Montecristi. Alumbrar\u00e1n desarrollo los valles f\u00e9rtiles del<br>Cibao. \u00a1Alumbrar\u00e1n desarrollo cada colina y cada monta\u00f1a, cada<br>pueblo y cada rinc\u00f3n de esta tierra bendita!<br>Y cuando esto ocurra, cuando dejemos alumbrar el desarrollo,<br>cuando lo impulsemos desde cada comunidad y cada paraje, desde<br>cada provincia y cada ciudad, seremos capaces de apresurar la<br>llegada de ese d\u00eda en que todos los dominicanos, hombres y<br>mujeres, j\u00f3venes y ancianos, de todas las creencias y todas las<br>procedencias, ser\u00e1n capaces de unir sus manos y decir con<br>orgullo: \u00a1Venciste Patria! \u00a1Por fin prosperamos! Gracias a nuestro<br>esfuerzo colectivo, \u00a1por fin alcanzamos el desarrollo!<br>\u00a1Que viva la Rep\u00fablica Dominicana!<\/p>\n\n\n\n<p><\/p>\n","protected":false},"excerpt":{"rendered":"<p>Honorable se\u00f1or Ricardo de los Santos, presidente de la AsambleaNacional;Excelent\u00edsimo se\u00f1or Alfredo Pacheco, vicepresidente de laAsamblea Nacional ;Excelent\u00edsima se\u00f1ora Raquel Pe\u00f1a, vicepresidenta constitucionalde la Rep\u00fablica;Excelent\u00edsima se\u00f1ora Raquel Arbaje, primera dama;Su majestad Felipe VI, rey de Espa\u00f1a;Excelent\u00edsima se\u00f1ora Iris Xiomara Castro Sarmiento, presidenta dela Rep\u00fablica de Honduras;Excelent\u00edsimo se\u00f1or Santiago Pe\u00f1a Palacios, presidente de laRep\u00fablica del Paraguay;Excelent\u00edsimo [&hellip;]<\/p>\n","protected":false},"author":28,"featured_media":552403,"comment_status":"closed","ping_status":"closed","sticky":true,"template":"","format":"standard","meta":{"footnotes":""},"categories":[36,20,26],"tags":[],"class_list":["post-552579","post","type-post","status-publish","format-standard","has-post-thumbnail","hentry","category-hombresmujeresycosas","category-dominicana-hoy","category-efemerides"],"_links":{"self":[{"href":"https:\/\/diariodominicano.com\/index.php?rest_route=\/wp\/v2\/posts\/552579","targetHints":{"allow":["GET"]}}],"collection":[{"href":"https:\/\/diariodominicano.com\/index.php?rest_route=\/wp\/v2\/posts"}],"about":[{"href":"https:\/\/diariodominicano.com\/index.php?rest_route=\/wp\/v2\/types\/post"}],"author":[{"embeddable":true,"href":"https:\/\/diariodominicano.com\/index.php?rest_route=\/wp\/v2\/users\/28"}],"replies":[{"embeddable":true,"href":"https:\/\/diariodominicano.com\/index.php?rest_route=%2Fwp%2Fv2%2Fcomments&post=552579"}],"version-history":[{"count":2,"href":"https:\/\/diariodominicano.com\/index.php?rest_route=\/wp\/v2\/posts\/552579\/revisions"}],"predecessor-version":[{"id":552582,"href":"https:\/\/diariodominicano.com\/index.php?rest_route=\/wp\/v2\/posts\/552579\/revisions\/552582"}],"wp:featuredmedia":[{"embeddable":true,"href":"https:\/\/diariodominicano.com\/index.php?rest_route=\/wp\/v2\/media\/552403"}],"wp:attachment":[{"href":"https:\/\/diariodominicano.com\/index.php?rest_route=%2Fwp%2Fv2%2Fmedia&parent=552579"}],"wp:term":[{"taxonomy":"category","embeddable":true,"href":"https:\/\/diariodominicano.com\/index.php?rest_route=%2Fwp%2Fv2%2Fcategories&post=552579"},{"taxonomy":"post_tag","embeddable":true,"href":"https:\/\/diariodominicano.com\/index.php?rest_route=%2Fwp%2Fv2%2Ftags&post=552579"}],"curies":[{"name":"wp","href":"https:\/\/api.w.org\/{rel}","templated":true}]}}