{"id":552538,"date":"2024-08-17T22:07:43","date_gmt":"2024-08-18T02:07:43","guid":{"rendered":"https:\/\/diariodominicano.com\/?p=552538"},"modified":"2024-08-17T22:08:46","modified_gmt":"2024-08-18T02:08:46","slug":"la-economia-estadounidense-presenta-un-panorama-complicado-a-medida-que-se-acercan-las-elecciones","status":"publish","type":"post","link":"https:\/\/diariodominicano.com\/?p=552538","title":{"rendered":"La econom\u00eda estadounidense presenta un panorama complicado a medida que se acercan las elecciones"},"content":{"rendered":"\n<p>Empleados de Amazon cargan paquetes antes de colocarlos en camiones para los clientes de distribuci\u00f3n para el evento anual Prime Day de Amazon en una estaci\u00f3n de entrega DAX7 de Amazon el martes 16 de julio de 2024, en South Gate, California (Foto AP\/Richard Vogel)<\/p>\n\n\n\n<p>agosto 17, 2024<\/p>\n\n\n\n<ul class=\"wp-block-list\">\n<li><a href=\"https:\/\/www.vozdeamerica.com\/author\/rob-garver\/-ymyv\">Rob Garver<\/a><\/li>\n<\/ul>\n\n\n\n<p><a href=\"https:\/\/www.vozdeamerica.com\/a\/economia-estadounidense-presenta-panorama-complicado-a-medida-acercan-elecciones\/7746500.html#comments\">&nbsp;Vea comentarios<\/a><\/p>\n\n\n\n<p>Para los expertos y economistas que siguen los datos econ\u00f3micos, el panorama es m\u00e1s complicado que la descripci\u00f3n ofrecida por las campa\u00f1as de Harris y Trump, con fortalezas reales atenuadas por algunos problemas potenciales preocupantes.<\/p>\n\n\n\n<p>A menos de tres meses de las elecciones presidenciales de Estados Unidos, los estadounidenses est\u00e1n siendo bombardeados por declaraciones tremendamente contradictorias sobre la salud y la direcci\u00f3n de la econom\u00eda del pa\u00eds.<\/p>\n\n\n\n<p>El expresidente Donald Trump, el candidato republicano, declara con frecuencia que el pa\u00eds se est\u00e1 acercando al Armaged\u00f3n econ\u00f3mico. En apariciones recientes, ha advertido que el pa\u00eds est\u00e1 al borde de una depresi\u00f3n, ha descrito la econom\u00eda como \u00abrota\u00bb y ha afirmado que el aumento de los precios est\u00e1 haciendo que el estadounidense promedio sea miserable.<\/p>\n\n\n\n<p>Los aliados de la vicepresidenta Kamala Harris, la candidata presidencial dem\u00f3crata, han se\u00f1alado la ca\u00edda de la inflaci\u00f3n, el bajo desempleo y el aumento de los salarios para contar una historia que retrata a la econom\u00eda estadounidense como fuerte y cada vez m\u00e1s fuerte tras la pandemia de COVID-19.<\/p>\n\n\n\n<p><a href=\"https:\/\/www.vozdeamerica.com\/a\/harris-presenta-propuestas-populistas-en-su-primer-discurso-economico\/7746421.html\"><\/a><\/p>\n\n\n\n<p><a href=\"https:\/\/www.vozdeamerica.com\/a\/harris-presenta-propuestas-populistas-en-su-primer-discurso-economico\/7746421.html\">TAMBI\u00c9N LEA<\/a><\/p>\n\n\n\n<h4 class=\"wp-block-heading\"><a href=\"https:\/\/www.vozdeamerica.com\/a\/harris-presenta-propuestas-populistas-en-su-primer-discurso-economico\/7746421.html\">Kamala Harris presenta propuestas populistas en su primer discurso econ\u00f3mico<\/a><\/h4>\n\n\n\n<p>Para los expertos y economistas que siguen los datos econ\u00f3micos, el panorama es m\u00e1s complicado que la descripci\u00f3n ofrecida por cualquiera de las campa\u00f1as, con fortalezas reales atenuadas por algunos problemas potenciales preocupantes.<\/p>\n\n\n\n<p>\u00abEn t\u00e9rminos generales, un pol\u00edtico es la \u00faltima persona a la que le pedir\u00eda una evaluaci\u00f3n precisa de la situaci\u00f3n de la econom\u00eda estadounidense\u00bb, dijo Mark Hamrick, jefe de la oficina de Washington de Bankrate. \u00abEs temporada alta para intentar convencer a los votantes, as\u00ed que debemos tomarlo con mucha cautela\u00bb.<\/p>\n\n\n\n<p>Sin embargo, se\u00f1al\u00f3 que las descripciones opuestas de la econom\u00eda por parte de los candidatos reflejan \u00ablas opiniones altamente polarizadas de la econom\u00eda que tienen los propios estadounidenses\u00bb.<\/p>\n\n\n\n<h3 class=\"wp-block-heading\">Salir de la pandemia<\/h3>\n\n\n\n<p>En los a\u00f1os posteriores a la pandemia, la econom\u00eda estadounidense se recuper\u00f3 m\u00e1s r\u00e1pidamente que la mayor\u00eda de las dem\u00e1s econom\u00edas desarrolladas del mundo. El crecimiento del empleo se dispar\u00f3, llevando la tasa de desempleo a un m\u00ednimo de 55 a\u00f1os del 3,4 % en enero y abril de 2023. Los inversores se sintieron confiados por los continuos datos econ\u00f3micos positivos y el mercado de valores inici\u00f3 una larga carrera hacia m\u00e1ximos hist\u00f3ricos.<\/p>\n\n\n\n<p>Al mismo tiempo, los estadounidenses se enfrentaron a una inflaci\u00f3n castigadora que, en su peor momento, se acerc\u00f3 al 10 % anual. Para frenar el crecimiento de los precios a niveles aceptables, la Reserva Federal comenz\u00f3 a aumentar su tasa de inter\u00e9s de referencia desde casi cero a principios de 2022 a la tasa actual de m\u00e1s del 5 %.<\/p>\n\n\n\n<p><a href=\"https:\/\/www.vozdeamerica.com\/a\/donald-trump-dice-tiene-derecho-atacar-personalmente-kamala-harris-\/7744555.html\"><\/a><\/p>\n\n\n\n<p><a href=\"https:\/\/www.vozdeamerica.com\/a\/donald-trump-dice-tiene-derecho-atacar-personalmente-kamala-harris-\/7744555.html\">TAMBI\u00c9N LEA<\/a><\/p>\n\n\n\n<h4 class=\"wp-block-heading\"><a href=\"https:\/\/www.vozdeamerica.com\/a\/donald-trump-dice-tiene-derecho-atacar-personalmente-kamala-harris-\/7744555.html\">Donald Trump dice que tiene derecho a atacar personalmente a Kamala Harris<\/a><\/h4>\n\n\n\n<p>Aunque exist\u00eda la preocupaci\u00f3n de que las medidas de la Fed pudieran desencadenar una recesi\u00f3n, el crecimiento del empleo se mantuvo fuerte y la inflaci\u00f3n comenz\u00f3 a caer en 2023 y en 2024. El \u00faltimo informe publicado esta semana mostr\u00f3 que ha ca\u00eddo por debajo del 3 %, lo que est\u00e1 cerca del rango objetivo de la Fed de aproximadamente el 2 %.<\/p>\n\n\n\n<p>Los datos recientes son mixtos<\/p>\n\n\n\n<p>Los datos publicados a principios de este mes mostraron que el crecimiento del empleo parece haberse desacelerado significativamente, pero con la inflaci\u00f3n de regreso cerca de los niveles normales, se espera que la Fed comience a recortar las tasas de inter\u00e9s tan pronto como el pr\u00f3ximo mes, lo que podr\u00eda tener el efecto de impulsar la contrataci\u00f3n.<\/p>\n\n\n\n<p>Y si bien los precios de los bienes de consumo siguen siendo significativamente elevados, la baja tasa de desempleo ha impulsado los aumentos salariales, particularmente entre los estadounidenses de bajos salarios. En el \u00faltimo a\u00f1o, la tasa de crecimiento salarial ha superado la tasa de inflaci\u00f3n, lo que ayud\u00f3 a restaurar parte del poder adquisitivo perdido de los estadounidenses.<\/p>\n\n\n\n<p>Si bien el mercado de valores no es un indicador confiable del estado de la econom\u00eda en un d\u00eda determinado, la volatilidad se ha disparado en las \u00faltimas semanas, y muchos inversores est\u00e1n nerviosos de que meses de aumentos relativamente constantes hagan inevitable alg\u00fan tipo de correcci\u00f3n. Hace dos semanas, las acciones sufrieron una importante ca\u00edda, para luego volver a dispararse a niveles casi r\u00e9cord esta semana.<\/p>\n\n\n\n<p>Perspectiva positiva, con salvedades<\/p>\n\n\n\n<p>\u00abLa econom\u00eda ha sido muy fuerte durante un par de a\u00f1os, tanto en t\u00e9rminos de crecimiento econ\u00f3mico, situaci\u00f3n del empleo, participaci\u00f3n en la fuerza laboral, crecimiento real de los salarios, b\u00e1sicamente cualquier indicador que nos importe\u00bb, dijo Kimberly Clausing, investigadora senior no residente del Peterson Institute for International Economics.<\/p>\n\n\n\n<p>\u00abCon cualquier econom\u00eda, hay un alto grado de incertidumbre y hay factores que est\u00e1n fuera de nuestro control, pero creo que no hay raz\u00f3n para sospechar que el pr\u00f3ximo a\u00f1o no ser\u00e1 un buen a\u00f1o\u00bb, dijo Clausing a la VOA.<\/p>\n\n\n\n<p>En un intercambio de correos electr\u00f3nicos con la VOA, el economista Desmond Lachman, investigador senior del American Enterprise Institute, estuvo de acuerdo en que la econom\u00eda ha tenido un buen desempe\u00f1o recientemente.<\/p>\n\n\n\n<p>\u00abLa econom\u00eda ha cumplido con el ajuste de la pol\u00edtica monetaria de la Reserva Federal mejor de lo esperado, aunque ahora est\u00e1 mostrando claros signos de desaceleraci\u00f3n\u00bb, dijo.<\/p>\n\n\n\n<p>\u00abLa inflaci\u00f3n ha bajado notablemente hacia el objetivo de inflaci\u00f3n del 2% de la Fed, pero el crecimiento de la producci\u00f3n se ha mantenido y la tasa de desempleo sigue cerca de su m\u00ednimo de posguerra\u00bb, dijo Lachman. \u00abParece que la Fed ahora tiene margen para empezar a recortar las tasas de inter\u00e9s a partir de septiembre\u00bb.<\/p>\n\n\n\n<p>Lachman tambi\u00e9n se\u00f1al\u00f3 algunas posibles \u00e1reas de preocupaci\u00f3n.<\/p>\n\n\n\n<p>\u00abDos cuestiones que ensombrecen las perspectivas a largo plazo son las pobres finanzas p\u00fablicas del pa\u00eds y su aparente deriva hacia el proteccionismo\u00bb, dijo. \u00abEs preocupante que en la campa\u00f1a electoral ninguno de los candidatos est\u00e9 abordando la cuesti\u00f3n de c\u00f3mo poner las finanzas p\u00fablicas del pa\u00eds en un camino m\u00e1s sostenible. De hecho, parecen estar haciendo promesas que podr\u00edan empeorar una posici\u00f3n fiscal ya preocupante: Kamala Harris a trav\u00e9s de promesas de gasto p\u00fablico y Donald Trump a trav\u00e9s de recortes de impuestos\u00bb.<\/p>\n\n\n\n<p><\/p>\n\n\n\n<p>Tanto Clausing como Lachman advirtieron que un factor imponderable importante es la pol\u00edtica comercial. Trump ha amenazado con imponer fuertes aranceles a las importaciones. Los economistas temen que hacerlo pueda provocar un nuevo aumento de la inflaci\u00f3n y desencadenar aranceles de represalia por parte de los socios comerciales de Estados Unidos.<\/p>\n","protected":false},"excerpt":{"rendered":"<p>Empleados de Amazon cargan paquetes antes de colocarlos en camiones para los clientes de distribuci\u00f3n para el evento anual Prime Day de Amazon en una estaci\u00f3n de entrega DAX7 de Amazon el martes 16 de julio de 2024, en South Gate, California (Foto AP\/Richard Vogel) agosto 17, 2024 &nbsp;Vea comentarios Para los expertos y economistas [&hellip;]<\/p>\n","protected":false},"author":28,"featured_media":552539,"comment_status":"closed","ping_status":"closed","sticky":true,"template":"","format":"standard","meta":{"footnotes":""},"categories":[18,23],"tags":[],"class_list":["post-552538","post","type-post","status-publish","format-standard","has-post-thumbnail","hentry","category-economia","category-internacional"],"_links":{"self":[{"href":"https:\/\/diariodominicano.com\/index.php?rest_route=\/wp\/v2\/posts\/552538","targetHints":{"allow":["GET"]}}],"collection":[{"href":"https:\/\/diariodominicano.com\/index.php?rest_route=\/wp\/v2\/posts"}],"about":[{"href":"https:\/\/diariodominicano.com\/index.php?rest_route=\/wp\/v2\/types\/post"}],"author":[{"embeddable":true,"href":"https:\/\/diariodominicano.com\/index.php?rest_route=\/wp\/v2\/users\/28"}],"replies":[{"embeddable":true,"href":"https:\/\/diariodominicano.com\/index.php?rest_route=%2Fwp%2Fv2%2Fcomments&post=552538"}],"version-history":[{"count":2,"href":"https:\/\/diariodominicano.com\/index.php?rest_route=\/wp\/v2\/posts\/552538\/revisions"}],"predecessor-version":[{"id":552541,"href":"https:\/\/diariodominicano.com\/index.php?rest_route=\/wp\/v2\/posts\/552538\/revisions\/552541"}],"wp:featuredmedia":[{"embeddable":true,"href":"https:\/\/diariodominicano.com\/index.php?rest_route=\/wp\/v2\/media\/552539"}],"wp:attachment":[{"href":"https:\/\/diariodominicano.com\/index.php?rest_route=%2Fwp%2Fv2%2Fmedia&parent=552538"}],"wp:term":[{"taxonomy":"category","embeddable":true,"href":"https:\/\/diariodominicano.com\/index.php?rest_route=%2Fwp%2Fv2%2Fcategories&post=552538"},{"taxonomy":"post_tag","embeddable":true,"href":"https:\/\/diariodominicano.com\/index.php?rest_route=%2Fwp%2Fv2%2Ftags&post=552538"}],"curies":[{"name":"wp","href":"https:\/\/api.w.org\/{rel}","templated":true}]}}