{"id":552534,"date":"2024-08-17T11:39:18","date_gmt":"2024-08-17T15:39:18","guid":{"rendered":"https:\/\/diariodominicano.com\/?p=552534"},"modified":"2024-08-17T11:39:26","modified_gmt":"2024-08-17T15:39:26","slug":"caricom-acompana-a-haiti-en-el-restablecimiento-del-orden-politico","status":"publish","type":"post","link":"https:\/\/diariodominicano.com\/?p=552534","title":{"rendered":"Caricom acompa\u00f1a a Hait\u00ed en el restablecimiento del orden pol\u00edtico"},"content":{"rendered":"\n<p>diariodominicano.com<\/p>\n\n\n\n<p>Puerto Pr\u00edncipe, 17 ago (Prensa Latina) La Comunidad del Caribe (Caricom) mantiene hoy su acompa\u00f1amiento a Hait\u00ed, un pa\u00eds de la regi\u00f3n que adelanta un proceso para restablecer la democracia as\u00ed como el orden pol\u00edtico y constitucional.<\/p>\n\n\n\n<p>Tras intensas jornadas de trabajo un grupo denominado Personalidades Eminentes de Caricom culmin\u00f3 su visita aqu\u00ed, donde conoci\u00f3 tambi\u00e9n los aspectos sobre la lucha contra la violencia y la transici\u00f3n pol\u00edtica.<\/p>\n\n\n\n<p>Dicho equipo intercambi\u00f3 ideas con el Comandante de la Misi\u00f3n Multinacional de Apoyo a la Seguridad, Godfrey Otunge.<\/p>\n\n\n\n<p>En el encuentro fueron abordados los desaf\u00edos y problemas que deben resolverse para permitir que otros pa\u00edses contribuyentes env\u00eden a su personal a Hait\u00ed para librar una batalla campal contra las pandillas, y disminuir los \u00edndices de violencia, puntualiz\u00f3 el diario Hait\u00ed Libre.<\/p>\n\n\n\n<p>De la visita a Hait\u00ed tambi\u00e9n surgi\u00f3 la idea de que Caricom supervise las elecciones generales. El primer ministro provisional, Garry Conille, acogi\u00f3 la iniciativa con benepl\u00e1cito.<\/p>\n\n\n\n<p>Las Personalidades Eminentes vinieron desde el 10 de agosto a supervisar los progresos en el establecimiento de los \u00f3rganos para llevar adelante el proceso de cambios, coment\u00f3 el presidente del Consejo Presidencial de Transici\u00f3n (CPT), Edgard Leblanc.<\/p>\n\n\n\n<p>Ellos tomaron nota sobre la macha para la formaci\u00f3n de la Conferencia Nacional y establecer el Consejo Electoral Provisional (CEP).<\/p>\n\n\n\n<p>En un esfuerzo sin precedentes para abordar los desaf\u00edos cruciales que enfrenta el pa\u00eds, el CPT public\u00f3 el 20 de julio, un decreto sobre el establecimiento de un mecanismo participativo excepcional denominado Conferencia Nacional.<\/p>\n\n\n\n<p>Este foro re\u00fane a actores de todos los \u00e1mbitos de la vida, asociaciones, organizaciones, movimientos y grupos de inter\u00e9s, todos facultados para debatir problemas relacionados con los intereses fundamentales de la naci\u00f3n haitiana.<\/p>\n\n\n\n<p>Aunque su tiempo de duraci\u00f3n es limitado, permitir\u00e1 a todos los agentes de la sociedad haitiana contribuir a la elaboraci\u00f3n de soluciones apropiadas, que sirvan como propuestas para conformar textos normativos y directrices sobre importantes proyectos.<\/p>\n\n\n\n<p>Por su parte, el primer ministro de transici\u00f3n de Hait\u00ed, Garry Conille reiter\u00f3 su compromiso de centrarse en la celebraci\u00f3n de las elecciones generales en el pa\u00eds caribe\u00f1o.<\/p>\n\n\n\n<p>Conille visit\u00f3 el Consejo Electoral Provisional (CEP) con el fin de elaborar un plan de conformidad con el acuerdo firmado entre el CPT y \u00e9l, para la realizaci\u00f3n de los pr\u00f3ximos comicios.<\/p>\n\n\n\n<p>El jefe de gobierno -quien recientemente mostr\u00f3 su escepticismo sobre la celebraci\u00f3n de la consulta popular- indic\u00f3 que el CEP contar\u00e1 con el equipamiento necesario para operar y ganarse la confianza de la poblaci\u00f3n a trav\u00e9s de su implementaci\u00f3n.<\/p>\n\n\n\n<p>Durante su intercambio de experiencias con los miembros del mencionado \u00f3rgano abord\u00f3 la cuesti\u00f3n del desplazamiento masivo de personas a las provincias, lo que podr\u00eda complicar la celebraci\u00f3n de elecciones.<\/p>\n\n\n\n<p>Un equipo trabajar\u00e1 para encontrar una soluci\u00f3n y tener todo bajo control antes de los comicios, dijo Conille al diario Le National<\/p>\n\n\n\n<p>rgh\/joe<\/p>\n","protected":false},"excerpt":{"rendered":"<p>diariodominicano.com Puerto Pr\u00edncipe, 17 ago (Prensa Latina) La Comunidad del Caribe (Caricom) mantiene hoy su acompa\u00f1amiento a Hait\u00ed, un pa\u00eds de la regi\u00f3n que adelanta un proceso para restablecer la democracia as\u00ed como el orden pol\u00edtico y constitucional. Tras intensas jornadas de trabajo un grupo denominado Personalidades Eminentes de Caricom culmin\u00f3 su visita aqu\u00ed, donde [&hellip;]<\/p>\n","protected":false},"author":5,"featured_media":552535,"comment_status":"closed","ping_status":"closed","sticky":true,"template":"","format":"standard","meta":{"footnotes":""},"categories":[112,23,27],"tags":[],"class_list":["post-552534","post","type-post","status-publish","format-standard","has-post-thumbnail","hentry","category-haiti","category-internacional","category-portada"],"_links":{"self":[{"href":"https:\/\/diariodominicano.com\/index.php?rest_route=\/wp\/v2\/posts\/552534","targetHints":{"allow":["GET"]}}],"collection":[{"href":"https:\/\/diariodominicano.com\/index.php?rest_route=\/wp\/v2\/posts"}],"about":[{"href":"https:\/\/diariodominicano.com\/index.php?rest_route=\/wp\/v2\/types\/post"}],"author":[{"embeddable":true,"href":"https:\/\/diariodominicano.com\/index.php?rest_route=\/wp\/v2\/users\/5"}],"replies":[{"embeddable":true,"href":"https:\/\/diariodominicano.com\/index.php?rest_route=%2Fwp%2Fv2%2Fcomments&post=552534"}],"version-history":[{"count":1,"href":"https:\/\/diariodominicano.com\/index.php?rest_route=\/wp\/v2\/posts\/552534\/revisions"}],"predecessor-version":[{"id":552536,"href":"https:\/\/diariodominicano.com\/index.php?rest_route=\/wp\/v2\/posts\/552534\/revisions\/552536"}],"wp:featuredmedia":[{"embeddable":true,"href":"https:\/\/diariodominicano.com\/index.php?rest_route=\/wp\/v2\/media\/552535"}],"wp:attachment":[{"href":"https:\/\/diariodominicano.com\/index.php?rest_route=%2Fwp%2Fv2%2Fmedia&parent=552534"}],"wp:term":[{"taxonomy":"category","embeddable":true,"href":"https:\/\/diariodominicano.com\/index.php?rest_route=%2Fwp%2Fv2%2Fcategories&post=552534"},{"taxonomy":"post_tag","embeddable":true,"href":"https:\/\/diariodominicano.com\/index.php?rest_route=%2Fwp%2Fv2%2Ftags&post=552534"}],"curies":[{"name":"wp","href":"https:\/\/api.w.org\/{rel}","templated":true}]}}