{"id":552524,"date":"2024-08-17T11:18:55","date_gmt":"2024-08-17T15:18:55","guid":{"rendered":"https:\/\/diariodominicano.com\/?p=552524"},"modified":"2024-08-17T11:19:02","modified_gmt":"2024-08-17T15:19:02","slug":"solicitan-prision-preventiva-contra-interno-que-agredio-agente-al-impedir-que-se-fugara-del-centro-penitenciario-najayo-hombres","status":"publish","type":"post","link":"https:\/\/diariodominicano.com\/?p=552524","title":{"rendered":"Solicitan prisi\u00f3n preventiva contra interno que agredi\u00f3 agente al impedir que se fugara del centro penitenciario Najayo Hombres"},"content":{"rendered":"\n<p>diariodominicano.com<\/p>\n\n\n\n<p><strong>San Crist\u00f3bal,  R. D., 17 de agosto de 2024.\u00a0<\/strong>\u00a0El Ministerio P\u00fablico de este distrito judicial solicit\u00f3 la imposici\u00f3n de prisi\u00f3n preventiva en contra de un privado de libertad que agredi\u00f3 a un agente penitenciario que impidi\u00f3 que se fugara el pasado mi\u00e9rcoles del Centro de Correcci\u00f3n y Rehabilitaci\u00f3n (CCR) Najayo Hombres.<\/p>\n\n\n\n<p>El \u00f3rgano persecutor solicit\u00f3 a la Oficina Judicial de Servicios de Atenci\u00f3n Permanente de San Crist\u00f3bal que le imponga la medida de coerci\u00f3n a Edison Reyes Paula (Bufalo), petici\u00f3n que ser\u00e1 conocida durante una audiencia que fue fijada por dicho tribunal para hoy, s\u00e1bado 17 de agosto.<\/p>\n\n\n\n<p>Reyes Paula, de 19 a\u00f1os de edad, fue arrestado en flagrante delito el citado d\u00eda mientras intentaba escapar junto a otros tres internos de dicho centro penitenciario donde se encuentra recluido cumpliendo prisi\u00f3n preventiva por delitos de robo, asociaci\u00f3n de malhechores y violaci\u00f3n a la Ley 631-16 sobre Armas, Municiones y Materiales Relacionados.<\/p>\n\n\n\n<p>La solicitud de medida de coerci\u00f3n detalla que para cometer el hecho los internos rompieron parte de los barrotes que dan acceso al exterior del centro penitenciario e interceptaron a un agente que estaba en el puesto de servicio.<\/p>\n\n\n\n<p>La instancia se\u00f1ala que cuando el agente impidi\u00f3 que Reyes Paula se fugara este lo agredi\u00f3 con un metal de fabricaci\u00f3n casera de aproximadamente 17 pulgadas, el cual le fue ocupado y forma parte de las evidencias que sustentan la solicitud de medida de coerci\u00f3n.<\/p>\n\n\n\n<p>En este nuevo proceso, Reyes Paula enfrenta cargos por la violaci\u00f3n a los art\u00edculos 245 y 309 del C\u00f3digo Penal Dominicano, que sancionan las evasiones o intento de evasiones y las heridas, golpes y actos de violencia.<\/p>\n\n\n\n<p>Reyes Paula intent\u00f3 fugarse del centro junto a los pr\u00f3fugos Yomael De \u00d3leo Rodr\u00edguez, Brayan Alexander Ram\u00edrez y Rub\u00e9n Amores Mart\u00ednez, quienes son perseguidos por las autoridades.<\/p>\n\n\n\n<p><strong>Comunicaciones PGR<\/strong><\/p>\n","protected":false},"excerpt":{"rendered":"<p>diariodominicano.com San Crist\u00f3bal, R. D., 17 de agosto de 2024.\u00a0\u00a0El Ministerio P\u00fablico de este distrito judicial solicit\u00f3 la imposici\u00f3n de prisi\u00f3n preventiva en contra de un privado de libertad que agredi\u00f3 a un agente penitenciario que impidi\u00f3 que se fugara el pasado mi\u00e9rcoles del Centro de Correcci\u00f3n y Rehabilitaci\u00f3n (CCR) Najayo Hombres. El \u00f3rgano persecutor [&hellip;]<\/p>\n","protected":false},"author":5,"featured_media":351958,"comment_status":"closed","ping_status":"closed","sticky":true,"template":"","format":"standard","meta":{"footnotes":""},"categories":[24,27],"tags":[],"class_list":["post-552524","post","type-post","status-publish","format-standard","has-post-thumbnail","hentry","category-justicia-y-derecho","category-portada"],"_links":{"self":[{"href":"https:\/\/diariodominicano.com\/index.php?rest_route=\/wp\/v2\/posts\/552524","targetHints":{"allow":["GET"]}}],"collection":[{"href":"https:\/\/diariodominicano.com\/index.php?rest_route=\/wp\/v2\/posts"}],"about":[{"href":"https:\/\/diariodominicano.com\/index.php?rest_route=\/wp\/v2\/types\/post"}],"author":[{"embeddable":true,"href":"https:\/\/diariodominicano.com\/index.php?rest_route=\/wp\/v2\/users\/5"}],"replies":[{"embeddable":true,"href":"https:\/\/diariodominicano.com\/index.php?rest_route=%2Fwp%2Fv2%2Fcomments&post=552524"}],"version-history":[{"count":1,"href":"https:\/\/diariodominicano.com\/index.php?rest_route=\/wp\/v2\/posts\/552524\/revisions"}],"predecessor-version":[{"id":552525,"href":"https:\/\/diariodominicano.com\/index.php?rest_route=\/wp\/v2\/posts\/552524\/revisions\/552525"}],"wp:featuredmedia":[{"embeddable":true,"href":"https:\/\/diariodominicano.com\/index.php?rest_route=\/wp\/v2\/media\/351958"}],"wp:attachment":[{"href":"https:\/\/diariodominicano.com\/index.php?rest_route=%2Fwp%2Fv2%2Fmedia&parent=552524"}],"wp:term":[{"taxonomy":"category","embeddable":true,"href":"https:\/\/diariodominicano.com\/index.php?rest_route=%2Fwp%2Fv2%2Fcategories&post=552524"},{"taxonomy":"post_tag","embeddable":true,"href":"https:\/\/diariodominicano.com\/index.php?rest_route=%2Fwp%2Fv2%2Ftags&post=552524"}],"curies":[{"name":"wp","href":"https:\/\/api.w.org\/{rel}","templated":true}]}}