{"id":552487,"date":"2024-08-17T01:23:28","date_gmt":"2024-08-17T05:23:28","guid":{"rendered":"https:\/\/diariodominicano.com\/?p=552487"},"modified":"2024-08-17T01:23:32","modified_gmt":"2024-08-17T05:23:32","slug":"presidente-abinader-asiste-a-tedeum-y-deposita-ofrenda-floral-por-161-aniversario-de-la-restauracion","status":"publish","type":"post","link":"https:\/\/diariodominicano.com\/?p=552487","title":{"rendered":"Presidente Abinader asiste a tedeum y deposita ofrenda floral por 161 aniversario de la Restauraci\u00f3n"},"content":{"rendered":"\n<p>16 DE AGOSTO 2024 <\/p>\n\n\n\n<figure class=\"wp-block-image\"><img decoding=\"async\" src=\"https:\/\/platform-cdn.sharethis.com\/img\/facebook.svg\" alt=\"facebook sharing button\"\/><\/figure>\n\n\n\n<figure class=\"wp-block-image\"><img decoding=\"async\" src=\"https:\/\/platform-cdn.sharethis.com\/img\/twitter.svg\" alt=\"twitter sharing button\"\/><\/figure>\n\n\n\n<figure class=\"wp-block-image\"><img decoding=\"async\" src=\"https:\/\/platform-cdn.sharethis.com\/img\/sharethis.svg\" alt=\"sharethis sharing button\"\/><\/figure>\n\n\n\n<p>Santo Domingo, RD.-\u00a0<strong>El presidente Luis Abinader<\/strong>\u00a0asisti\u00f3 este viernes al\u00a0<strong>tedeum<\/strong>\u00a0por el\u00a0<strong>161 aniversario de la Restauraci\u00f3n<\/strong>\u00a0de la Rep\u00fablica Dominicana, en la Catedral Primada de Am\u00e9rica.\u00a0<\/p>\n\n\n\n<p>Durante la homil\u00eda, el arzobispo metropolitano de Santo Domingo, monse\u00f1or&nbsp;<strong>Francisco Ozoria Acosta<\/strong>, expres\u00f3 que en las elecciones pasadas&nbsp;<strong>el pueblo dominicano manifest\u00f3 su satisfacci\u00f3n<\/strong>&nbsp;por la gesti\u00f3n en el periodo 2020-2024.&nbsp;<\/p>\n\n\n\n<p>En la misa, donde tambi\u00e9n participaron la primera dama&nbsp;<strong>Raquel Arbaje<\/strong>&nbsp;y la vicepresidenta&nbsp;<strong>Raquel Pe\u00f1a<\/strong>, monse\u00f1or Ozoria hizo&nbsp;<strong>un llamado a la esperanza<\/strong>&nbsp;y pidi\u00f3 la&nbsp;<strong>bendici\u00f3n para estos pr\u00f3ximos 4 a\u00f1os<\/strong>&nbsp;de gobierno.&nbsp;<\/p>\n\n\n\n<p>Dijo que los resultados de las elecciones son m\u00e1s que un triunfo personal o de un partido pol\u00edtico, porque expresan la esperanza de un pueblo.<\/p>\n\n\n\n<p>Asimismo calific\u00f3 el discurso del mandatario como motivador, entusiasta y esperanzador y apunt\u00f3 que las reformas son esperanzadoras.&nbsp;<\/p>\n\n\n\n<p>Expres\u00f3 adem\u00e1s, querer ver signos de esperanza en los colaboradores de jefe de Estado.&nbsp;<em>\u00abQue se vea en ellos su actitud de servicio al pa\u00eds y no la actitud de servirse del pa\u00eds\u201d.<\/em>&nbsp;<\/p>\n\n\n\n<figure class=\"wp-block-image\"><img decoding=\"async\" src=\"https:\/\/presidencia.gob.do\/sites\/default\/files\/inline-images\/c124dc4f-4a03-4b66-8b01-e836f855c0b3.jpeg\" alt=\"\"\/><\/figure>\n\n\n\n<p><strong>Mandatario deposita ofrenda floral en el Altar de la Patria<\/strong>&nbsp;<\/p>\n\n\n\n<p>M\u00e1s temprano, el mandatario deposit\u00f3 una&nbsp;<strong>ofrenda floral en el Altar de la Patria<\/strong>&nbsp;por la conmemoraci\u00f3n del 161 aniversario de la gesta de la Restauraci\u00f3n y por motivo de su&nbsp;<strong>juramentaci\u00f3n<\/strong>&nbsp;como presidente de la Rep\u00fablica para el per\u00edodo 2024-2028.<\/p>\n\n\n\n<p>A su llegada al monumento, que representa<strong>&nbsp;el compromiso, la valent\u00eda y el patriotismo<\/strong>&nbsp;de los fundadores de la Rep\u00fablica Dominicana, el mandatario fue recibido con los&nbsp;<strong>honores militares de estilo<\/strong>&nbsp;con la entonaci\u00f3n de las notas del himno nacional junto con una salva de 21 ca\u00f1onazos, a cargo del Regimiento de la Guardia de Honor del Ministerio de Defensa.&nbsp;<\/p>\n\n\n\n<p>Acompa\u00f1ado de la vicepresidenta Raquel Pe\u00f1a y la primera dama Raquel Arbaje, el jefe del Estado camin\u00f3 hacia el lugar donde reposan los Padres de la Patria, Juan Pablo Duarte, Mat\u00edas Ram\u00f3n Mella y Francisco del Rosario S\u00e1nchez, para dejar su ofrenda como&nbsp;<strong>muestra de respeto a los forjadores de la naci\u00f3n.<\/strong>&nbsp;<\/p>\n\n\n\n<p>En su discurso de juramentaci\u00f3n, Abinader record\u00f3 que&nbsp;<strong>la gesta restauradora es muy significativa para los dominicanos<\/strong>&nbsp;porque el 16 de agosto de 1863 inici\u00f3 la consagraci\u00f3n del&nbsp;<strong>sentimiento de dominicanidad<\/strong>&nbsp;por el que lucharon los padres fundadores. As\u00ed se pudieron hacer realidad los anhelos de&nbsp;<strong>independencia<\/strong>&nbsp;de nuestro pueblo y el establecimiento de un&nbsp;<strong>orden institucional<\/strong>&nbsp;que garantizara a cada uno de los hijos de esta hermosa tierra ser due\u00f1o de su propio destino.&nbsp;<\/p>\n\n\n\n<figure class=\"wp-block-image\"><img decoding=\"async\" src=\"https:\/\/presidencia.gob.do\/sites\/default\/files\/inline-images\/92174de3-6972-4a54-9cd4-1130106cfa3d.jpeg\" alt=\"\"\/><\/figure>\n\n\n\n<p><em>\u201cEl sacrificio de los restauradores, que conmemoramos cada 16 de agosto, nos recuerda que la libertad no es gratuita y que cada generaci\u00f3n tiene la responsabilidad de defenderla\u201d,<\/em>&nbsp;resalt\u00f3 el presidente Abinader en su discurso ante la Asamblea Nacional.&nbsp;<\/p>\n\n\n\n<p>En ese escenario record\u00f3 que&nbsp;<strong>la verdadera fortaleza de una naci\u00f3n reside en los hombres y mujeres que la forman<\/strong>. Cada individuo tiene el potencial de contribuir a mejorarla y es a trav\u00e9s de la participaci\u00f3n y el compromiso c\u00edvico que se pueden lograr transformaciones reales.<\/p>\n\n\n\n<p>Record\u00f3 los nombres de&nbsp;<strong>Gregorio Luper\u00f3n, Pedro Antonio Pimentel, Jos\u00e9 Contreras, Gaspar Polanco, Santiago Rodr\u00edguez<\/strong>&nbsp;y muchos otros, resaltando que fueron hombres que lo dieron todo por la restauraci\u00f3n de la independencia nacional.<\/p>\n\n\n\n<p><em>\u201cPero sobre todo hoy es el d\u00eda de recordar al m\u00e1s importante h\u00e9roe de nuestra historia, el gran restaurador: el pueblo dominicano. Por \u00e9l estamos aqu\u00ed y por \u00e9l debemos dar lo mejor de nosotros mismos\u201d,<\/em>\u00a0manifest\u00f3 el jefe de Estado en su discurso, tras ser juramentado para el\u00a0<strong>per\u00edodo 2024-2028<\/strong>.<\/p>\n\n\n\n<p>Sitio web Presidencia de la Rep\u00fablica Dominicana<\/p>\n","protected":false},"excerpt":{"rendered":"<p>16 DE AGOSTO 2024 Santo Domingo, RD.-\u00a0El presidente Luis Abinader\u00a0asisti\u00f3 este viernes al\u00a0tedeum\u00a0por el\u00a0161 aniversario de la Restauraci\u00f3n\u00a0de la Rep\u00fablica Dominicana, en la Catedral Primada de Am\u00e9rica.\u00a0 Durante la homil\u00eda, el arzobispo metropolitano de Santo Domingo, monse\u00f1or&nbsp;Francisco Ozoria Acosta, expres\u00f3 que en las elecciones pasadas&nbsp;el pueblo dominicano manifest\u00f3 su satisfacci\u00f3n&nbsp;por la gesti\u00f3n en el periodo [&hellip;]<\/p>\n","protected":false},"author":28,"featured_media":552488,"comment_status":"closed","ping_status":"closed","sticky":true,"template":"","format":"standard","meta":{"footnotes":""},"categories":[20,26],"tags":[],"class_list":["post-552487","post","type-post","status-publish","format-standard","has-post-thumbnail","hentry","category-dominicana-hoy","category-efemerides"],"_links":{"self":[{"href":"https:\/\/diariodominicano.com\/index.php?rest_route=\/wp\/v2\/posts\/552487","targetHints":{"allow":["GET"]}}],"collection":[{"href":"https:\/\/diariodominicano.com\/index.php?rest_route=\/wp\/v2\/posts"}],"about":[{"href":"https:\/\/diariodominicano.com\/index.php?rest_route=\/wp\/v2\/types\/post"}],"author":[{"embeddable":true,"href":"https:\/\/diariodominicano.com\/index.php?rest_route=\/wp\/v2\/users\/28"}],"replies":[{"embeddable":true,"href":"https:\/\/diariodominicano.com\/index.php?rest_route=%2Fwp%2Fv2%2Fcomments&post=552487"}],"version-history":[{"count":1,"href":"https:\/\/diariodominicano.com\/index.php?rest_route=\/wp\/v2\/posts\/552487\/revisions"}],"predecessor-version":[{"id":552489,"href":"https:\/\/diariodominicano.com\/index.php?rest_route=\/wp\/v2\/posts\/552487\/revisions\/552489"}],"wp:featuredmedia":[{"embeddable":true,"href":"https:\/\/diariodominicano.com\/index.php?rest_route=\/wp\/v2\/media\/552488"}],"wp:attachment":[{"href":"https:\/\/diariodominicano.com\/index.php?rest_route=%2Fwp%2Fv2%2Fmedia&parent=552487"}],"wp:term":[{"taxonomy":"category","embeddable":true,"href":"https:\/\/diariodominicano.com\/index.php?rest_route=%2Fwp%2Fv2%2Fcategories&post=552487"},{"taxonomy":"post_tag","embeddable":true,"href":"https:\/\/diariodominicano.com\/index.php?rest_route=%2Fwp%2Fv2%2Ftags&post=552487"}],"curies":[{"name":"wp","href":"https:\/\/api.w.org\/{rel}","templated":true}]}}