{"id":552446,"date":"2024-08-16T23:30:38","date_gmt":"2024-08-17T03:30:38","guid":{"rendered":"https:\/\/diariodominicano.com\/?p=552446"},"modified":"2024-08-17T01:08:38","modified_gmt":"2024-08-17T05:08:38","slug":"dia-de-la-independencia-de-indonesia-2","status":"publish","type":"post","link":"https:\/\/diariodominicano.com\/?p=552446","title":{"rendered":"D\u00eda de la Independencia de Indonesia"},"content":{"rendered":"\n<p>Antony J. Blinken, Secretario de Estado<\/p>\n\n\n\n<p>En nombre de los Estados Unidos de Am\u00e9rica, extiendo nuestras felicitaciones al pueblo de Indonesia con motivo de su D\u00eda de la Independencia.<\/p>\n\n\n\n<p>Mientras Estados Unidos e Indonesia celebran 75 a\u00f1os de relaciones bilaterales, seguimos unidos en nuestros objetivos de promover la democracia, el respeto por el estado de derecho y la amistad entre nuestros pueblos. En noviembre pasado, el presidente Jokowi y el presidente Biden elevaron los v\u00ednculos entre Estados Unidos e Indonesia a la categor\u00eda de Asociaci\u00f3n Estrat\u00e9gica Integral, lo que marca una nueva etapa hist\u00f3rica en nuestras relaciones bilaterales.<\/p>\n\n\n\n<p>Felicito al Ministro Prabowo Subianto por su elecci\u00f3n como pr\u00f3ximo Presidente y espero trabajar juntos para ampliar la cooperaci\u00f3n en temas de inter\u00e9s com\u00fan, como el fomento de la paz y la seguridad en la regi\u00f3n del Indo-Pac\u00edfico, la lucha contra la crisis clim\u00e1tica y la transici\u00f3n hacia una energ\u00eda limpia, la promoci\u00f3n del desarrollo sostenible, la defensa de las protecciones de los derechos humanos y el avance de la transformaci\u00f3n digital de Indonesia. Tanto a nivel bilateral como a trav\u00e9s de nuestro compromiso con la ASEAN, Estados Unidos seguir\u00e1 colaborando con Indonesia para promover la estabilidad y la prosperidad en la regi\u00f3n del Indo-Pac\u00edfico.<\/p>\n\n\n\n<p>En este D\u00eda de la Independencia, ofrecemos nuestros mejores deseos al pueblo indonesio.<\/p>\n\n\n\n<p>U.S. Department of State <a href=\"mailto:usstatebpa@public.govdelivery.com\" target=\"_blank\" rel=\"noreferrer noopener\">usstatebpa@public.govdelivery.com<\/a> <\/p>\n","protected":false},"excerpt":{"rendered":"<p>Antony J. Blinken, Secretario de Estado En nombre de los Estados Unidos de Am\u00e9rica, extiendo nuestras felicitaciones al pueblo de Indonesia con motivo de su D\u00eda de la Independencia. Mientras Estados Unidos e Indonesia celebran 75 a\u00f1os de relaciones bilaterales, seguimos unidos en nuestros objetivos de promover la democracia, el respeto por el estado de [&hellip;]<\/p>\n","protected":false},"author":28,"featured_media":486543,"comment_status":"closed","ping_status":"closed","sticky":false,"template":"","format":"standard","meta":{"footnotes":""},"categories":[26,23],"tags":[],"class_list":["post-552446","post","type-post","status-publish","format-standard","has-post-thumbnail","hentry","category-efemerides","category-internacional"],"_links":{"self":[{"href":"https:\/\/diariodominicano.com\/index.php?rest_route=\/wp\/v2\/posts\/552446","targetHints":{"allow":["GET"]}}],"collection":[{"href":"https:\/\/diariodominicano.com\/index.php?rest_route=\/wp\/v2\/posts"}],"about":[{"href":"https:\/\/diariodominicano.com\/index.php?rest_route=\/wp\/v2\/types\/post"}],"author":[{"embeddable":true,"href":"https:\/\/diariodominicano.com\/index.php?rest_route=\/wp\/v2\/users\/28"}],"replies":[{"embeddable":true,"href":"https:\/\/diariodominicano.com\/index.php?rest_route=%2Fwp%2Fv2%2Fcomments&post=552446"}],"version-history":[{"count":2,"href":"https:\/\/diariodominicano.com\/index.php?rest_route=\/wp\/v2\/posts\/552446\/revisions"}],"predecessor-version":[{"id":552482,"href":"https:\/\/diariodominicano.com\/index.php?rest_route=\/wp\/v2\/posts\/552446\/revisions\/552482"}],"wp:featuredmedia":[{"embeddable":true,"href":"https:\/\/diariodominicano.com\/index.php?rest_route=\/wp\/v2\/media\/486543"}],"wp:attachment":[{"href":"https:\/\/diariodominicano.com\/index.php?rest_route=%2Fwp%2Fv2%2Fmedia&parent=552446"}],"wp:term":[{"taxonomy":"category","embeddable":true,"href":"https:\/\/diariodominicano.com\/index.php?rest_route=%2Fwp%2Fv2%2Fcategories&post=552446"},{"taxonomy":"post_tag","embeddable":true,"href":"https:\/\/diariodominicano.com\/index.php?rest_route=%2Fwp%2Fv2%2Ftags&post=552446"}],"curies":[{"name":"wp","href":"https:\/\/api.w.org\/{rel}","templated":true}]}}