{"id":552329,"date":"2024-08-16T11:35:20","date_gmt":"2024-08-16T15:35:20","guid":{"rendered":"https:\/\/diariodominicano.com\/?p=552329"},"modified":"2024-08-16T14:42:16","modified_gmt":"2024-08-16T18:42:16","slug":"selinee-mendez-llega-sobria-y-elegante-al-congreso-nacional-de-la-mano-del-destacado-estilista-socrates-mckinney","status":"publish","type":"post","link":"https:\/\/diariodominicano.com\/?p=552329","title":{"rendered":"Selin\u00e9e M\u00e9ndez llega sobria y elegante al Congreso Nacional de la mano del destacado estilista S\u00f3crates McKinney"},"content":{"rendered":"\n<p>diariodominicano.com<\/p>\n\n\n\n<figure class=\"wp-block-table\"><table><tbody><tr><td><br>El destacado estilista y dise\u00f1ador dominicano\u00a0<strong>S\u00f3crates McKinney<\/strong>, se hizo presente en la ceremonia de juramentaci\u00f3n de la nueva gesti\u00f3n legislativa 2024-2028, al presentar una imagen impecable para la diputada del Distrito Nacional por la Fuerza del Pueblo,\u00a0<strong>Selin\u00e9e M\u00e9ndez.<\/strong><br><br><br><strong>M\u00e9ndez,<\/strong>\u00a0luci\u00f3 un elegante traje tipo &#8216;tailleur&#8217;, elaborado en fina lana italiana de Loro Piana; confeccionado y dise\u00f1ado en colaboraci\u00f3n entre\u00a0<strong>Mckinney<\/strong>\u00a0y la firma dominicana\u00a0<strong>Arcadio D\u00edaz.<\/strong><br><br><br>\u00a0El atuendo blanco, tono tradicional del evento legislativo, resalt\u00f3 la feminidad y el poder, gracias a su intrincado patr\u00f3n de m\u00faltiples cortes verticales que definieron un cuello alto, realzando as\u00ed la sofisticaci\u00f3n del &#8216;tailleur&#8217;. Los botones forrados en el frente, a\u00f1adieron un toque distintivo, subrayando la calidad y la meticulosidad que caracterizan a esta prenda de alta moda.<br><br><strong>McKinney\u00a0<\/strong>reafirm\u00f3 su gusto por la elecci\u00f3n de tejidos exquisitos y la creaci\u00f3n de piezas con cortes y detalles perfectos, enfatizando siempre la feminidad de la mujer y optando por un look total que refleja sobriedad y elegancia como amerita esta ocasi\u00f3n solemne.<br><br><strong>Selin\u00e9e M\u00e9ndez<\/strong>\u00a0llev\u00f3 un cl\u00e1sico peinado realizado por la estilista Lucy Perrone, que deja ver completamente el rostro, con un maquillaje discreto enfatizando sus hermosos rasgos, ejecutado por Lydiana Rodr\u00edguez. Para completar el look total, la diputada opt\u00f3 por modernas piezas de \u00e1mbar y oro de la talentosa joyera dominicana Laura Tosato.<\/td><\/tr><\/tbody><\/table><\/figure>\n\n\n\n<figure class=\"wp-block-image size-full\"><img loading=\"lazy\" decoding=\"async\" width=\"670\" height=\"447\" src=\"https:\/\/diariodominicano.com\/wp-content\/uploads\/2024\/08\/Celines-Mendez-y-susu-hijos-16-8-24.jpg\" alt=\"\" class=\"wp-image-552339\" srcset=\"https:\/\/diariodominicano.com\/wp-content\/uploads\/2024\/08\/Celines-Mendez-y-susu-hijos-16-8-24.jpg 670w, https:\/\/diariodominicano.com\/wp-content\/uploads\/2024\/08\/Celines-Mendez-y-susu-hijos-16-8-24-300x200.jpg 300w\" sizes=\"auto, (max-width: 670px) 100vw, 670px\" \/><\/figure>\n\n\n\n<p><strong>Press Media Center<\/strong><\/p>\n","protected":false},"excerpt":{"rendered":"<p>diariodominicano.com El destacado estilista y dise\u00f1ador dominicano\u00a0S\u00f3crates McKinney, se hizo presente en la ceremonia de juramentaci\u00f3n de la nueva gesti\u00f3n legislativa 2024-2028, al presentar una imagen impecable para la diputada del Distrito Nacional por la Fuerza del Pueblo,\u00a0Selin\u00e9e M\u00e9ndez. M\u00e9ndez,\u00a0luci\u00f3 un elegante traje tipo &#8216;tailleur&#8217;, elaborado en fina lana italiana de Loro Piana; confeccionado y [&hellip;]<\/p>\n","protected":false},"author":5,"featured_media":0,"comment_status":"closed","ping_status":"closed","sticky":true,"template":"","format":"standard","meta":{"footnotes":""},"categories":[36,25],"tags":[],"class_list":["post-552329","post","type-post","status-publish","format-standard","hentry","category-hombresmujeresycosas","category-gente"],"_links":{"self":[{"href":"https:\/\/diariodominicano.com\/index.php?rest_route=\/wp\/v2\/posts\/552329","targetHints":{"allow":["GET"]}}],"collection":[{"href":"https:\/\/diariodominicano.com\/index.php?rest_route=\/wp\/v2\/posts"}],"about":[{"href":"https:\/\/diariodominicano.com\/index.php?rest_route=\/wp\/v2\/types\/post"}],"author":[{"embeddable":true,"href":"https:\/\/diariodominicano.com\/index.php?rest_route=\/wp\/v2\/users\/5"}],"replies":[{"embeddable":true,"href":"https:\/\/diariodominicano.com\/index.php?rest_route=%2Fwp%2Fv2%2Fcomments&post=552329"}],"version-history":[{"count":2,"href":"https:\/\/diariodominicano.com\/index.php?rest_route=\/wp\/v2\/posts\/552329\/revisions"}],"predecessor-version":[{"id":552349,"href":"https:\/\/diariodominicano.com\/index.php?rest_route=\/wp\/v2\/posts\/552329\/revisions\/552349"}],"wp:attachment":[{"href":"https:\/\/diariodominicano.com\/index.php?rest_route=%2Fwp%2Fv2%2Fmedia&parent=552329"}],"wp:term":[{"taxonomy":"category","embeddable":true,"href":"https:\/\/diariodominicano.com\/index.php?rest_route=%2Fwp%2Fv2%2Fcategories&post=552329"},{"taxonomy":"post_tag","embeddable":true,"href":"https:\/\/diariodominicano.com\/index.php?rest_route=%2Fwp%2Fv2%2Ftags&post=552329"}],"curies":[{"name":"wp","href":"https:\/\/api.w.org\/{rel}","templated":true}]}}