{"id":552184,"date":"2024-08-15T21:01:26","date_gmt":"2024-08-16T01:01:26","guid":{"rendered":"https:\/\/diariodominicano.com\/?p=552184"},"modified":"2024-08-16T02:35:17","modified_gmt":"2024-08-16T06:35:17","slug":"los-productores-de-teatro-basilio-nova-y-ana-jimenez-participan-en-famfest-en-chile","status":"publish","type":"post","link":"https:\/\/diariodominicano.com\/?p=552184","title":{"rendered":"Los productores de teatro Basilio Nova y Ana Jim\u00e9nez participan en FAMFEST en Chile"},"content":{"rendered":"\n<p><em>La actividad teatral, en la que por primera vez participa una delegaci\u00f3n dominicana, tiene como objetivo conectar a artistas y programadores en un espacio dedicado a las artes esc\u00e9nicas para ni\u00f1os, ni\u00f1as y adolescentes.<\/em><\/p>\n\n\n\n<p><strong>Santo Domingo, agosto 2024<\/strong>. Los productores dominicanos de teatro familiar, Basilio Nova y Ana Jim\u00e9nez, participan en calidad de productores y programadores en Expoescena, actividad que se realiza del 10 al 25 de agosto en Santiago de Chile, en el marco del Festival Internacional de Teatro Familiar (FAMFEST).<\/p>\n\n\n\n<p>Es la primera vez que una delegaci\u00f3n dominicana participa en Expoescena, una iniciativa de FAMFEST que tiene como objetivo conectar a artistas y programadores en un espacio dedicado a las artes esc\u00e9nicas para ni\u00f1os, ni\u00f1as y adolescentes. Esta iniciativa, que se lleva a cabo desde hace cinco a\u00f1os, se enmarca en el compromiso del Teatro Mori de acercar la cultura a las audiencias j\u00f3venes en Chile, fomentando la interacci\u00f3n y el intercambio entre diversos agentes y disciplinas art\u00edsticas.<\/p>\n\n\n\n<p>\u00abNosotros hemos tendido un largo puente para conectar con otros emprendimientos similares a nuestros eventos para el p\u00fablico familiar y el escolar, los cuales tienen el claro objetivo de conquistar ese p\u00fablico para las artes esc\u00e9nicas de nuestro pa\u00eds\u00bb. Por eso, recibimos con alegr\u00eda esta invitaci\u00f3n de profesionales de otras latitudes que tienen los mismos prop\u00f3sitos que nosotros, en Rep\u00fablica Dominicana\u00bb, afirm\u00f3 Basilio Nova.<\/p>\n\n\n\n<p>En ese sentido, Ana Jim\u00e9nez Grull\u00f3n dijo que est\u00e1n muy ilusionados de participar en FAMFEST, \u00abporque nos permite conocer de primera mano, c\u00f3mo hacen en Chile para realizar un evento para ni\u00f1os, ni\u00f1as y j\u00f3venes con una programaci\u00f3n de m\u00e1s de 40 obras, con cinco pa\u00edses invitados, que llegar\u00e1 a nueve comunas y con m\u00e1s de 50 funciones accesibles\u00bb.<\/p>\n\n\n\n<p>Manifest\u00f3 que \u00abpara nosotros es muy importante estar en Expoescena, una propuesta que dirige la se\u00f1ora Andrea P\u00e9rez de Castro, directora de FAMFEST Chile, con la finalidad de crear un c\u00edrculo virtuoso donde los compradores y agentes culturales colaboran estrechamente para llevar lo mejor del mundo art\u00edstico a la audiencia juvenil y familiar\u00bb.<\/p>\n\n\n\n<p>Basilio Nova y Ana Jim\u00e9nez Grull\u00f3n producen el Festival Internacional de Teatro para la Infancia y la Juventud (FITIJ), que en noviembre de este a\u00f1o pondr\u00e1 en escena su edici\u00f3n n\u00famero 15 de manera consecutiva; adem\u00e1s son productores de la Feria Internacional de T\u00edteres y Objetos (FITO) y del Festival Escena Joven.<\/p>\n\n\n\n<p>En 2024, Expoescena presentar\u00e1 por primera vez su Mercado de Industrias Creativas, un espacio innovador que tendr\u00e1 lugar hasta el 24 de agosto. Este mercado est\u00e1 dise\u00f1ado para propuestas art\u00edsticas dirigidas a ni\u00f1ez y juventud, abarcando disciplinas como cine, m\u00fasica, teatro, danza, dise\u00f1o editorial y videojuegos, promoviendo as\u00ed la colaboraci\u00f3n y el intercambio en el sector cultural.<\/p>\n\n\n\n<p>Mar\u00eda Mercedes sonrie210@yahoo.es\u2002<\/p>\n","protected":false},"excerpt":{"rendered":"<p>La actividad teatral, en la que por primera vez participa una delegaci\u00f3n dominicana, tiene como objetivo conectar a artistas y programadores en un espacio dedicado a las artes esc\u00e9nicas para ni\u00f1os, ni\u00f1as y adolescentes. Santo Domingo, agosto 2024. Los productores dominicanos de teatro familiar, Basilio Nova y Ana Jim\u00e9nez, participan en calidad de productores y [&hellip;]<\/p>\n","protected":false},"author":7,"featured_media":552211,"comment_status":"closed","ping_status":"closed","sticky":false,"template":"","format":"standard","meta":{"footnotes":""},"categories":[25],"tags":[],"class_list":["post-552184","post","type-post","status-publish","format-standard","has-post-thumbnail","hentry","category-gente"],"_links":{"self":[{"href":"https:\/\/diariodominicano.com\/index.php?rest_route=\/wp\/v2\/posts\/552184","targetHints":{"allow":["GET"]}}],"collection":[{"href":"https:\/\/diariodominicano.com\/index.php?rest_route=\/wp\/v2\/posts"}],"about":[{"href":"https:\/\/diariodominicano.com\/index.php?rest_route=\/wp\/v2\/types\/post"}],"author":[{"embeddable":true,"href":"https:\/\/diariodominicano.com\/index.php?rest_route=\/wp\/v2\/users\/7"}],"replies":[{"embeddable":true,"href":"https:\/\/diariodominicano.com\/index.php?rest_route=%2Fwp%2Fv2%2Fcomments&post=552184"}],"version-history":[{"count":1,"href":"https:\/\/diariodominicano.com\/index.php?rest_route=\/wp\/v2\/posts\/552184\/revisions"}],"predecessor-version":[{"id":552212,"href":"https:\/\/diariodominicano.com\/index.php?rest_route=\/wp\/v2\/posts\/552184\/revisions\/552212"}],"wp:featuredmedia":[{"embeddable":true,"href":"https:\/\/diariodominicano.com\/index.php?rest_route=\/wp\/v2\/media\/552211"}],"wp:attachment":[{"href":"https:\/\/diariodominicano.com\/index.php?rest_route=%2Fwp%2Fv2%2Fmedia&parent=552184"}],"wp:term":[{"taxonomy":"category","embeddable":true,"href":"https:\/\/diariodominicano.com\/index.php?rest_route=%2Fwp%2Fv2%2Fcategories&post=552184"},{"taxonomy":"post_tag","embeddable":true,"href":"https:\/\/diariodominicano.com\/index.php?rest_route=%2Fwp%2Fv2%2Ftags&post=552184"}],"curies":[{"name":"wp","href":"https:\/\/api.w.org\/{rel}","templated":true}]}}